{"id":91866,"date":"2025-11-20T11:53:15","date_gmt":"2025-11-20T11:53:15","guid":{"rendered":"https:\/\/www.europesays.com\/no\/91866\/"},"modified":"2025-11-20T11:53:15","modified_gmt":"2025-11-20T11:53:15","slug":"star-ikke-til-forventningene","status":"publish","type":"post","link":"https:\/\/www.europesays.com\/no\/91866\/","title":{"rendered":"\u2013 St\u00e5r ikke til forventningene"},"content":{"rendered":"\n<ul class=\"_list_o9xde_3 _list_64s2r_85 _unordered_o9xde_106 text-sans-m\">\n<li class=\"_item_o9xde_30\">Arbeiderpartiet mener at Nav-reformen ikke har levert som forventet og mener det trengs kraftige grep p\u00e5 Stortinget.<\/li>\n<li class=\"_item_o9xde_30\">Nav-sjef Hans Christian Holte fikk sparken etter feilinformasjon til myndighetene denne uken.<\/li>\n<li class=\"_item_o9xde_30\">H\u00f8yre mener at Aps statsr\u00e5d m\u00e5 f\u00e5 kontroll p\u00e5 Nav n\u00e5 og mener det haster.<\/li>\n<\/ul>\n<p>Vis mer <\/p>\n<p class=\"_paragraph_o9xde_4 _paragraph_xtcu6_10 layout-component text-serif-m layout-normal text-serif-m layout-padded\"><a href=\"https:\/\/www.vg.no\/tag\/nav?utm_source=vg-article&amp;utm_medium=auto-tagger&amp;utm_campaign=eMlpog\" class=\"_link_o9xde_39\" rel=\"nofollow noopener\" target=\"_blank\">Nav<\/a>-sjef Hans Christian Holte <a href=\"https:\/\/www.vg.no\/nyheter\/i\/W04X5K\/hans-christian-holte-gaar-av-som-nav-sjef\" data-track-element-type=\"Link\" data-track-id=\"link:W04X5K\" class=\"_link_o9xde_39\" rel=\"nofollow noopener\" target=\"_blank\">fikk forrige uke sparken<\/a> fordi Nav ga feil informasjon til Arbeids- og inkluderingsdepartementet og Riksrevisjonen.<\/p>\n<p class=\"_paragraph_o9xde_4 _paragraph_xtcu6_10 layout-component text-serif-m layout-normal text-serif-m layout-padded\">Tidligere i \u00e5r varslet flere Nav-kontor <a href=\"https:\/\/www.vg.no\/nyheter\/i\/4B2lzo\/nav-kontorer-stopper-avtaler-om-nye-arbeidstiltak-maa-spare-penger\" data-track-element-type=\"Link\" data-track-id=\"link:4B2lzo\" class=\"_link_o9xde_39\" rel=\"nofollow noopener\" target=\"_blank\">br\u00e5tt om midlertidig stopp<\/a> i tildelingen av arbeidsmarkedstiltak. Det er ogs\u00e5 f\u00e5 \u00e5r siden <a href=\"https:\/\/www.vg.no\/nyheter\/i\/Jo28J6\/seks-aar-med-varsler-78-uriktig-doemt\" data-track-element-type=\"Link\" data-track-id=\"link:Jo28J6\" class=\"_link_o9xde_39\" rel=\"nofollow noopener\" target=\"_blank\">en rekke nordmenn ble uskyldig d\u00f8mt<\/a> i Nav-skandalen. <\/p>\n<p class=\"_paragraph_o9xde_4 _paragraph_xtcu6_10 layout-component text-serif-m layout-normal text-serif-m layout-padded\">N\u00e5 mener Arbeiderpartiet p\u00e5 Stortinget at tiden er moden for \u00e5 r\u00f8ske tak i hele Nav-reformen.<\/p>\n<p><img decoding=\"async\" alt=\"Bilde av Hans Christian Holte\" class=\"_image_ygndg_42\" height=\"27\" itemprop=\"image\" loading=\"lazy\"  src=\"https:\/\/www.europesays.com\/no\/wp-content\/uploads\/2025\/11\/7a019d93-b425-45e6-a832-1ec4e85b2866\"  width=\"40\"\/><strong class=\"_name_ygndg_51 title-serif-xs\">Hans Christian Holte<\/strong><\/p>\n<p class=\"_paragraph_o9xde_4 text-sans-m _description_ygndg_56\">Tidligere Nav-direkt\u00f8r<\/p>\n<p class=\"_paragraph_o9xde_4 _paragraph_xtcu6_10 layout-component text-serif-m layout-normal text-serif-m layout-padded\">\u2013 N\u00e5 har det v\u00e6rt gjentatte feil p\u00e5 feil. Dette er ikke snakk om enkeltsaker. Vi m\u00e5 se p\u00e5 Nav som helhet og det m\u00e5 p\u00e5 dagsorden i Stortinget, sier Aps Elise Waagen.<\/p>\n<p class=\"_paragraph_o9xde_4 _paragraph_xtcu6_10 layout-component text-serif-m layout-normal text-serif-m layout-padded\">Hun er regjeringspartiets fremste arbeidspolitiker p\u00e5 Stortinget som Aps fraksjonsleder i arbeids- og sosialkomiteen. <\/p>\n<p>\u2013 Umoden tyve\u00e5ring<\/p>\n<p class=\"_paragraph_o9xde_4 _paragraph_xtcu6_10 layout-component text-serif-m layout-normal text-serif-m layout-padded\">Nav-reformen ble lansert for nitten \u00e5r siden i 2006. Den gangen hadde man et eget trygdekontor, en egen kommunal sosialtjeneste og en egen etat for jobbs\u00f8king. Dette ble sl\u00e5tt sammen til en etat. <\/p>\n<p class=\"_paragraph_o9xde_4 _paragraph_xtcu6_10 layout-component text-serif-m layout-normal text-serif-m layout-padded\">Hennes dom er klar:<\/p>\n<p class=\"_paragraph_o9xde_4 _paragraph_xtcu6_10 layout-component text-serif-m layout-normal text-serif-m layout-padded\">\u2013 Intensjonen var god, men den st\u00e5r ikke til forventningene, sier hun. <\/p>\n<p class=\"_paragraph_o9xde_4 _paragraph_xtcu6_10 layout-component text-serif-m layout-normal text-serif-m layout-padded\">\u2013 Nav er en umoden tyve\u00e5ring som vi m\u00e5 ta ansvar for. Nav m\u00e5 tas et skritt videre. Det m\u00e5 under lupen til Stortinget, diskuteres og virkelig se om det kan levere p\u00e5 det samfunnsoppdraget det har. Vi er ikke der vi skulle \u00f8nske at vi var knappe tyve \u00e5r etter, sier hun. <\/p>\n<p><img alt=\"SPARKET DIREKT\u00d8REN: Arbeidsminister Kjersti Stenseng p\u00e5 pressekonferanse tirsdag denne uken.   Foto: Jonas F\u00e6ste Laksekj\u00f8n \/ NTB\" class=\"_image_qp4xg_65 layout-component layout-normal\" data-fullscreen- data-track-element-type=\"Article image fullscreen\" data-track-name=\"ImageFullscreen\" decoding=\"async\" loading=\"lazy\" height=\"3725\" itemprop=\"image\"  src=\"https:\/\/www.europesays.com\/no\/wp-content\/uploads\/2025\/11\/8c225f4f-4a13-4918-8c35-c55cf0af951e\"  style=\"object-position:0% 0%\" width=\"5587\"\/>SPARKET DIREKT\u00d8REN: Arbeidsminister Kjersti Stenseng p\u00e5 pressekonferanse tirsdag denne uken.   Foto: Jonas F\u00e6ste Laksekj\u00f8n \/ NTB<\/p>\n<p class=\"_paragraph_o9xde_4 _paragraph_xtcu6_10 layout-component text-serif-m layout-normal text-serif-m layout-padded\">Hun vil n\u00e5 invitere de andre partiene til \u00e5 bli med p\u00e5 diskusjonen om Navs fremtid. Arbeidet vil trolig ta flere \u00e5r, sp\u00e5r hun. <\/p>\n<p class=\"_paragraph_o9xde_4 _paragraph_xtcu6_10 layout-component text-serif-m layout-normal text-serif-m layout-padded\">\u2013 Det er realistisk at dette vil skje i slutten av stortingsperioden hvis vi skal f\u00e5 det n\u00f8dvendige grunnlaget fra regjeringen. Noe annet ville v\u00e6rt hastverksarbeid og uforsvarlig, sier hun. <\/p>\n<p class=\"_paragraph_o9xde_4 _paragraph_xtcu6_10 layout-component text-serif-m layout-normal text-serif-m layout-padded\">\u2013 Trengs det en helt ny Nav-reform?\u00a0<\/p>\n<p class=\"_paragraph_o9xde_4 _paragraph_xtcu6_10 layout-component text-serif-m layout-normal text-serif-m layout-padded\">\u2013 Vi m\u00e5 riste tak i Nav og se p\u00e5 hvordan vi skal organisere det, slik at Nav kan levere p\u00e5 det samfunnsoppdraget de har. Noe av Nav-reformen har fungert. Noe fungerer \u00e5penbart ikke. Tiden er overmoden for \u00e5 l\u00f8fte diskusjonen om hvordan Nav skal organiseres og styres.<\/p>\n<p>\u2013 St\u00e5r ikke til forventningene<\/p>\n<p class=\"_paragraph_o9xde_4 _paragraph_xtcu6_10 layout-component text-serif-m layout-normal text-serif-m layout-padded\">Waagen sier at et slikt arbeid m\u00e5 se p\u00e5 alt Nav ikke leverer godt nok p\u00e5 i dag:<\/p>\n<p class=\"_paragraph_o9xde_4 _paragraph_xtcu6_10 layout-component text-serif-m layout-normal text-serif-m layout-padded\">\u2013 Det ene er den \u00e5penbare mangelen p\u00e5 internkontroll, men du har ogs\u00e5 lange ventetider. Klarer Nav \u00e5 levere p\u00e5 det viktigste oppdraget: \u00e5 f\u00e5 folk ut i jobb? Klarer man \u00e5 behandle riktig og s\u00f8rge for at man har et sikkerhetsnett som fungerer? sp\u00f8r hun. <\/p>\n<p class=\"_paragraph_o9xde_4 _paragraph_xtcu6_10 layout-component text-serif-m layout-normal text-serif-m layout-padded\">\u2013 V\u00e5rt etterlatte inntrykk er n\u00e5 at det er i skj\u00f8nnsvurderingssakene i m\u00f8te med brukerne som har litt uavklarte situasjoner. Det kan v\u00e6re mennesker p\u00e5 arbeidsavklaringspenger og der vi ser en stor \u00f8kning unge p\u00e5 AAP og helserelaterte ytelser, sier hun og legger til: Hva er det de ikke gj\u00f8r som gj\u00f8r at vi f\u00e5r dem ut i jobb? <\/p>\n<p class=\"_paragraph_o9xde_4 _paragraph_xtcu6_10 layout-component text-serif-m layout-normal text-serif-m layout-padded\">\u2013 Hvor er de svakeste punktene?<\/p>\n<p class=\"_paragraph_o9xde_4 _paragraph_xtcu6_10 layout-component text-serif-m layout-normal text-serif-m layout-padded\">\u2013 Det er organisering og regelverk.\u00a0<\/p>\n<p><img alt=\"M\u00c5TTE SVARE: Tonje Brenna m\u00e5tte svare for Navs tiltaksstopp i sommer sammen med Nav-direkt\u00f8r Hans Christian Holte.   Foto: Helge Mikalsen \/ VG\" class=\"_image_qp4xg_65 layout-component layout-normal\" data-fullscreen- data-track-element-type=\"Article image fullscreen\" data-track-name=\"ImageFullscreen\" decoding=\"async\" loading=\"lazy\" height=\"5126\" itemprop=\"image\"  src=\"https:\/\/www.europesays.com\/no\/wp-content\/uploads\/2025\/11\/af6b3464-9766-4801-8582-de531151277f\"  style=\"object-position:0% 0%\" width=\"7000\"\/>M\u00c5TTE SVARE: Tonje Brenna m\u00e5tte svare for Navs tiltaksstopp i sommer sammen med Nav-direkt\u00f8r Hans Christian Holte.   Foto: Helge Mikalsen \/ VG<\/p>\n<p class=\"_paragraph_o9xde_4 _paragraph_xtcu6_10 layout-component text-serif-m layout-normal text-serif-m layout-padded\">Waagen sier at man ikke kommer utenom sp\u00f8rsm\u00e5l om penger, men mener det kreves mer for \u00e5 l\u00f8se problemene. Hun advarer mot konsekvensene av \u00e5 gjeninnf\u00f8re h\u00f8yresidens osteh\u00f8velkutt for offentlig sektor fra Solberg-regjeringen. <\/p>\n<p class=\"_paragraph_o9xde_4 _paragraph_xtcu6_10 layout-component text-serif-m layout-normal text-serif-m layout-padded\">\u2013 Nav er en sv\u00e6r etat som bruker enorme deler av statsbudsjettet. Har det blitt s\u00e5 stort at det ikke g\u00e5r an \u00e5 styre?\u00a0<\/p>\n<p class=\"_paragraph_o9xde_4 _paragraph_xtcu6_10 layout-component text-serif-m layout-normal text-serif-m layout-padded\">\u2013 Det er et legitimt sp\u00f8rsm\u00e5l \u00e5 stille. Men det er en fallitterkl\u00e6ring hvis svaret p\u00e5 det er ja. Vi kan ikke akseptere et s\u00e5nt svar.\u00a0<\/p>\n<p class=\"_paragraph_o9xde_4 _paragraph_xtcu6_10 layout-component text-serif-m layout-normal text-serif-m layout-padded\">Waagen avviser \u00e5 splitte opp Nav slik det var f\u00f8r reformen. Det mener hun var en deling preget av sin tid. <\/p>\n<p><img alt=\"Elise Waagen.   Foto: Gisle Oddstad \/ VG\" class=\"_image_qp4xg_65 layout-component layout-normal\" data-fullscreen- data-track-element-type=\"Article image fullscreen\" data-track-name=\"ImageFullscreen\" decoding=\"async\" loading=\"lazy\" height=\"2771\" itemprop=\"image\"  src=\"https:\/\/www.europesays.com\/no\/wp-content\/uploads\/2025\/11\/93f65d8d-34c9-4622-8359-3b67842a1948\"  style=\"object-position:0% 0%\" width=\"1787\"\/>Elise Waagen.   Foto: Gisle Oddstad \/ VG<\/p>\n<p class=\"_paragraph_o9xde_4 _paragraph_xtcu6_10 layout-component text-serif-m layout-normal text-serif-m layout-padded\">\u2013 Folk g\u00e5r ikke til Nav p\u00e5 g\u00f8y. De g\u00e5r dit fordi de har store behov og de har behov n\u00e5. Hvilke krav kan man stille til Nav for \u00e5 f\u00e5 ned ventetidene?\u00a0<\/p>\n<p class=\"_paragraph_o9xde_4 _paragraph_xtcu6_10 layout-component text-serif-m layout-normal text-serif-m layout-padded\">\u2013 Vi er tydelige mot sykehusene p\u00e5 ventetid. Jeg tror vi m\u00e5 ta med oss noe av den tanken innenfor Nav. En del av svaret ligger i \u00e5 kunne automatisere og kunne digitalisere enklere oppgaver for \u00e5 frigj\u00f8re tid til oppf\u00f8lging og mer kompliserte saker, sier hun. <\/p>\n<p class=\"_paragraph_o9xde_4 _paragraph_xtcu6_10 layout-component text-serif-m layout-normal text-serif-m layout-padded\">\u2013 G\u00e5r det an \u00e5 ha et \u00abventetidsl\u00f8ft\u00bb for Nav?<\/p>\n<p class=\"_paragraph_o9xde_4 _paragraph_xtcu6_10 layout-component text-serif-m layout-normal text-serif-m layout-padded\">\u2013 Vi m\u00e5 strekke oss etter at ventetidene m\u00e5 ned, sier hun.<\/p>\n<p class=\"_paragraph_o9xde_4 _paragraph_xtcu6_10 layout-component text-serif-m layout-normal text-serif-m layout-padded\">\u2013 Det handler b\u00e5de om \u00e5 ha dyktige fagfolk, men ogs\u00e5 \u00e5 s\u00f8rge for \u00e5 kunne endre organiseringen der det er mulig for \u00e5 f\u00e5 raskere svar for brukerne. Det vil kunne gi et bedre resultat for de som m\u00f8ter Nav.<\/p>\n<p class=\"_paragraph_o9xde_4 _paragraph_xtcu6_10 layout-component text-serif-m layout-normal text-serif-m layout-padded\">Hun viser til saker om at folk venter lenge p\u00e5 foreldrepenger.\u00a0Hun mener at folk har legitime forventninger til at velferdsstaten raskt stiller opp, ogs\u00e5 i de tilfellene man har hatt kombinasjonsinntekter eller ikke har hatt en A4-organisering av livet sitt. <\/p>\n<p class=\"_paragraph_o9xde_4 _paragraph_xtcu6_10 layout-component text-serif-m layout-normal text-serif-m layout-padded\">\u2013 Det \u00e5 vente i mange m\u00e5neder p\u00e5 den type inntektssikring er ikke greit, sier hun.<\/p>\n<p>\u2013 M\u00e5 komme seg p\u00e5 jobb<\/p>\n<p class=\"_paragraph_o9xde_4 _paragraph_xtcu6_10 layout-component text-serif-m layout-normal text-serif-m layout-padded\">H\u00f8yre mener at det ikke er behov for noen dugnad.<\/p>\n<p class=\"_paragraph_o9xde_4 _paragraph_xtcu6_10 layout-component text-serif-m layout-normal text-serif-m layout-padded\">\u2013 Det er Arbeiderpartiets Kjersti Stenseng som har \u00f8verste ansvaret for Nav. Den fjerde arbeidsministeren til Ap m\u00e5 rett og slett komme seg p\u00e5 jobb. Deres tillitsreform har \u00e5penbart ikke fungert, skriver partiets arbeidspolitiske talsperson, Anna Molberg, i en e-post til VG. <\/p>\n<p><img decoding=\"async\" alt=\"Bilde av Anna Molberg\" class=\"_image_ygndg_42\" height=\"27\" itemprop=\"image\" loading=\"lazy\"  src=\"https:\/\/www.europesays.com\/no\/wp-content\/uploads\/2025\/11\/d0410b09-b4b4-4373-9bd6-3efd7dcef9b9\"  width=\"40\"\/><strong class=\"_name_ygndg_51 title-serif-xs\">Anna Molberg<\/strong><\/p>\n<p class=\"_paragraph_o9xde_4 text-sans-m _description_ygndg_56\">Stortingspolitiker og H\u00f8yres arbeidspolitiske talsperson<\/p>\n<p class=\"_paragraph_o9xde_4 _paragraph_xtcu6_10 layout-component text-serif-m layout-normal text-serif-m layout-padded\">Molberg skriver at de har kalt Stenseng inn p\u00e5 teppet. H\u00f8yre inviterer ogs\u00e5 Ap til \u00e5 stemme for et forslag de selv vil legge frem i Stortinget om \u00e5 g\u00e5 gjennom organiseringen av. <\/p>\n<p class=\"_paragraph_o9xde_4 _paragraph_xtcu6_10 layout-component text-serif-m layout-normal text-serif-m layout-padded\">\u2013 H\u00f8yre mener det viktigste n\u00e5 er at statsr\u00e5den f\u00e5r kontroll p\u00e5 Nav, og at vi f\u00e5r til en fundamental omstilling av Navs oppdrag s\u00e5nn at vi f\u00e5r f\u00e6rre p\u00e5 trygd og flere ut i jobb, skriver hun. <\/p>\n","protected":false},"excerpt":{"rendered":"Arbeiderpartiet mener at Nav-reformen ikke har levert som forventet og mener det trengs kraftige grep p\u00e5 Stortinget. Nav-sjef&hellip;\n","protected":false},"author":2,"featured_media":91867,"comment_status":"","ping_status":"","sticky":false,"template":"","format":"standard","meta":{"footnotes":""},"categories":[5],"tags":[1513,20,21,24,25,15,19,22,23,17,18,652,13,30,28,281,29,14,16,568,26,27,205],"class_list":{"0":"post-91866","1":"post","2":"type-post","3":"status-publish","4":"format-standard","5":"has-post-thumbnail","7":"category-overskrifter","8":"tag-arbeiderpartiet-ap","9":"tag-breaking-news","10":"tag-breakingnews","11":"tag-featured-news","12":"tag-featurednews","13":"tag-headlines","14":"tag-hovedoppslag","15":"tag-latest-news","16":"tag-latestnews","17":"tag-main-news","18":"tag-mainnews","19":"tag-nav","20":"tag-news","21":"tag-no","22":"tag-norge","23":"tag-norsk-politikk","24":"tag-norway","25":"tag-nyheter","26":"tag-overskrifter","27":"tag-store-regjeringen","28":"tag-top-stories","29":"tag-topstories","30":"tag-vgsamfunn"},"share_on_mastodon":{"url":"https:\/\/pubeurope.com\/@no\/115581891850811858","error":""},"_links":{"self":[{"href":"https:\/\/www.europesays.com\/no\/wp-json\/wp\/v2\/posts\/91866","targetHints":{"allow":["GET"]}}],"collection":[{"href":"https:\/\/www.europesays.com\/no\/wp-json\/wp\/v2\/posts"}],"about":[{"href":"https:\/\/www.europesays.com\/no\/wp-json\/wp\/v2\/types\/post"}],"author":[{"embeddable":true,"href":"https:\/\/www.europesays.com\/no\/wp-json\/wp\/v2\/users\/2"}],"replies":[{"embeddable":true,"href":"https:\/\/www.europesays.com\/no\/wp-json\/wp\/v2\/comments?post=91866"}],"version-history":[{"count":0,"href":"https:\/\/www.europesays.com\/no\/wp-json\/wp\/v2\/posts\/91866\/revisions"}],"wp:featuredmedia":[{"embeddable":true,"href":"https:\/\/www.europesays.com\/no\/wp-json\/wp\/v2\/media\/91867"}],"wp:attachment":[{"href":"https:\/\/www.europesays.com\/no\/wp-json\/wp\/v2\/media?parent=91866"}],"wp:term":[{"taxonomy":"category","embeddable":true,"href":"https:\/\/www.europesays.com\/no\/wp-json\/wp\/v2\/categories?post=91866"},{"taxonomy":"post_tag","embeddable":true,"href":"https:\/\/www.europesays.com\/no\/wp-json\/wp\/v2\/tags?post=91866"}],"curies":[{"name":"wp","href":"https:\/\/api.w.org\/{rel}","templated":true}]}}