{"id":91871,"date":"2025-11-20T12:01:15","date_gmt":"2025-11-20T12:01:15","guid":{"rendered":"https:\/\/www.europesays.com\/no\/91871\/"},"modified":"2025-11-20T12:01:15","modified_gmt":"2025-11-20T12:01:15","slug":"kaffekutt-ber-ansatte-punge-ut","status":"publish","type":"post","link":"https:\/\/www.europesays.com\/no\/91871\/","title":{"rendered":"Kaffekutt: Ber ansatte punge ut"},"content":{"rendered":"<p>  Flere kommuner sliter med \u00f8konomien og planlegger kutt. I F\u00e6rder kommune risikerer de ansatte \u00e5 miste gratis kaffe p\u00e5 jobb.<\/p>\n<p>\n    KUTTER I KAFFE: F\u00e6rder kommune m\u00e5 spare. Derfor \u00f8nsker kommunedirekt\u00f8ren \u00e5 kreve inn penger fra de ansatte for kaffe p\u00e5 jobb. Foto: Lars Eivind Bones \/ Dagbladet\n  <\/p>\n<p>&#8211; Vi m\u00e5 ruste oss for en ny virkelighet, sa kommunedirekt\u00f8r Kristin J. Kirsebom da hun la fram sitt budsjettforslag, if\u00f8lge\u00a0<a href=\"https:\/\/www.tb.no\/kommunen-skal-spare-1-3-millioner-kroner-pa-kutte-ut-gratis-kaffe\/s\/5-76-2725425\" target=\"_blank\" rel=\"nofollow noopener\">T\u00f8nsbergs Blad<\/a>.<\/p>\n<p>Kommunen sliter i likhet med mange andre kommuner med krevende \u00f8konomi og skal spare 90,8 millioner kroner neste \u00e5r. Derfor foresl\u00e5r kommunedirekt\u00f8ren \u00e5 kreve inn penger fra de ansatte for kaffe p\u00e5 jobb.<\/p>\n<p>    <a itemprop=\"url\" href=\"https:\/\/dinside.dagbladet.no\/okonomi\/da-far-du-ikke-halv-skatt\/83872098\" rel=\"nofollow noopener\" target=\"_blank\"><\/p>\n<p>      <img loading=\"lazy\" decoding=\"async\" src=\"https:\/\/www.europesays.com\/no\/wp-content\/uploads\/2025\/11\/83872826.webp\" width=\"980\" height=\"441\" title=\"Da f\u00e5r du ikke halv skatt\" alt=\"\" class=\"lazyload\" style=\"--aspect-ratio-image: 2.22; \"\/><\/p>\n<p>        Da f\u00e5r du ikke halv skatt<\/p>\n<p>    <\/a><\/p>\n<p>Drar inn 1,3 millioner\t<\/p>\n<p>If\u00f8lge avisa blir prisen p\u00e5 50 kroner per m\u00e5ned p\u00e5 kaffe. Ansatte med 50 prosent eller mindre stilling slipper unna med 25 kroner i m\u00e5neden.<\/p>\n<p>Det blir ogs\u00e5 mulig \u00e5 slippe unna betalingen hvis man ikke drikker kaffe.<\/p>\n<p>Totalt regner kommunen med \u00e5 dra inn 1,3 millioner kroner p\u00e5 ordningen. Som utgangspunkt har de sett p\u00e5 kaffeutgiftene p\u00e5 en kontoravdeling og to kommunale boliger.<\/p>\n<p>&#8211; I gjennomsnitt bruker de 730 kroner per ansatt p\u00e5 kaffe og te, sier kommunikasjonssjef Helen Kristina Wedberg.<\/p>\n<p>    <a itemprop=\"url\" href=\"https:\/\/www.seher.no\/kjendis\/etter-skandalen-blir-makulert\/83876757\" rel=\"nofollow noopener\" target=\"_blank\"><\/p>\n<p>      <img loading=\"lazy\" decoding=\"async\" src=\"https:\/\/www.europesays.com\/no\/wp-content\/uploads\/2025\/11\/83876977.webp\" width=\"980\" height=\"441\" title=\"Full krise: Blir makulert\" alt=\"\" class=\"lazyload\" style=\"--aspect-ratio-image: 2.22; \"\/><\/p>\n<p>        Full krise: Blir makulert<\/p>\n<p>    <\/a><\/p>\n<p>Fellesforbundet: Delte meninger\t<\/p>\n<p>Flere kommuner sliter med trang \u00f8konomi og planlegger i disse dager kutt i tilbudet for neste \u00e5r. Kommuneorganisasjonen KS mener situasjonen er sv\u00e6rt alvorlig og h\u00e5per p\u00e5 \u00f8kte overf\u00f8ringer til kommunene i forhandlingene om statsbudsjettet.\u00a0<\/p>\n<p>Leder av Fagforbundet F\u00e6rder, Alexander Olaues Bommen, sier til Dagbladet at forel\u00f8pige meldinger fra medlemmer om kaffe-avgiften er ulike.<\/p>\n<p>&#8211; Noen er for, andre synes det er veldig dumt. Andre igjen drikker ikke kaffe &#8211; og da betyr det ikke s\u00e5 mye.<\/p>\n<p>&#8211; Noen mener 50 kroner m\u00e5neden er billig med tanke p\u00e5 prisen p\u00e5 kaffe p\u00e5 kaf\u00e9. Andre sier de kommer til \u00e5 savne gratis kaffe.<\/p>\n<p>&#8211; Jeg f\u00e5r daglig tilbakemeldinger fra folkevalgte som tvinges til \u00e5 kutte i viktige tjenester. Dette skjer i stort omfang, har KS-leder Gunn Marit Helgesen sagt til NTB tidligere.<\/p>\n<p>    <a itemprop=\"url\" href=\"https:\/\/www.dagbladet.no\/nyheter\/kan-skyte-varselskudd\/83876771\" rel=\"nofollow noopener\" target=\"_blank\"><\/p>\n<p>      <img loading=\"lazy\" decoding=\"async\" src=\"https:\/\/www.europesays.com\/no\/wp-content\/uploads\/2025\/11\/83877190.webp\" width=\"980\" height=\"441\" title=\"- Kan skyte varselskudd\" alt=\"\" class=\"lazyload\" style=\"--aspect-ratio-image: 2.22; \"\/><\/p>\n<p>        &#8211; Kan skyte varselskudd<\/p>\n<p>    <\/a><\/p>\n<p>Stoltenberg: Penger l\u00f8ser ikke alt\t<\/p>\n<p>Finansminister Jens Stoltenberg (Ap) har sagt seg enig i at mange kommuner opplever en krevende \u00f8konomi.<\/p>\n<p>&#8211; Situasjonen i kommunene kan ikke l\u00f8ses med penger alene. Befolkningen er i endring, med f\u00e6rre barn og stadig flere eldre. Kommunesektoren st\u00e5r derfor overfor store omstillinger fremover, og mange kommuner st\u00e5r allerede midt i denne omstillingen, har Stoltenberg tidligere sagt.<\/p>\n<p>Bommen i Fagforbundet stiller seg imidlertid avventende til hvor mye kaffe-grepet faktisk vil b\u00f8te p\u00e5 en spinkel kommun\u00f8konomi.<\/p>\n<p>&#8211; Alle er med p\u00e5 innsparinger og bruker sparekniven her. Men hvor mye vil det hjelpe? Noe hjelper det sikkert, sier han.<\/p>\n","protected":false},"excerpt":{"rendered":"Flere kommuner sliter med \u00f8konomien og planlegger kutt. I F\u00e6rder kommune risikerer de ansatte \u00e5 miste gratis kaffe&hellip;\n","protected":false},"author":2,"featured_media":91872,"comment_status":"","ping_status":"","sticky":false,"template":"","format":"standard","meta":{"footnotes":""},"categories":[5],"tags":[20,21,24,25,15,19,2539,22,23,17,18,13,30,28,29,14,16,26,27],"class_list":{"0":"post-91871","1":"post","2":"type-post","3":"status-publish","4":"format-standard","5":"has-post-thumbnail","7":"category-overskrifter","8":"tag-breaking-news","9":"tag-breakingnews","10":"tag-featured-news","11":"tag-featurednews","12":"tag-headlines","13":"tag-hovedoppslag","14":"tag-innenriks","15":"tag-latest-news","16":"tag-latestnews","17":"tag-main-news","18":"tag-mainnews","19":"tag-news","20":"tag-no","21":"tag-norge","22":"tag-norway","23":"tag-nyheter","24":"tag-overskrifter","25":"tag-top-stories","26":"tag-topstories"},"share_on_mastodon":{"url":"https:\/\/pubeurope.com\/@no\/115581923303002053","error":""},"_links":{"self":[{"href":"https:\/\/www.europesays.com\/no\/wp-json\/wp\/v2\/posts\/91871","targetHints":{"allow":["GET"]}}],"collection":[{"href":"https:\/\/www.europesays.com\/no\/wp-json\/wp\/v2\/posts"}],"about":[{"href":"https:\/\/www.europesays.com\/no\/wp-json\/wp\/v2\/types\/post"}],"author":[{"embeddable":true,"href":"https:\/\/www.europesays.com\/no\/wp-json\/wp\/v2\/users\/2"}],"replies":[{"embeddable":true,"href":"https:\/\/www.europesays.com\/no\/wp-json\/wp\/v2\/comments?post=91871"}],"version-history":[{"count":0,"href":"https:\/\/www.europesays.com\/no\/wp-json\/wp\/v2\/posts\/91871\/revisions"}],"wp:featuredmedia":[{"embeddable":true,"href":"https:\/\/www.europesays.com\/no\/wp-json\/wp\/v2\/media\/91872"}],"wp:attachment":[{"href":"https:\/\/www.europesays.com\/no\/wp-json\/wp\/v2\/media?parent=91871"}],"wp:term":[{"taxonomy":"category","embeddable":true,"href":"https:\/\/www.europesays.com\/no\/wp-json\/wp\/v2\/categories?post=91871"},{"taxonomy":"post_tag","embeddable":true,"href":"https:\/\/www.europesays.com\/no\/wp-json\/wp\/v2\/tags?post=91871"}],"curies":[{"name":"wp","href":"https:\/\/api.w.org\/{rel}","templated":true}]}}