{"id":91873,"date":"2025-11-20T12:02:09","date_gmt":"2025-11-20T12:02:09","guid":{"rendered":"https:\/\/www.europesays.com\/no\/91873\/"},"modified":"2025-11-20T12:02:09","modified_gmt":"2025-11-20T12:02:09","slug":"johannes-hosflot-klaebo-svarer-pa-stempelet-om-at-han-er-en-trist-klovn-i-filmen-om-seg-selv","status":"publish","type":"post","link":"https:\/\/www.europesays.com\/no\/91873\/","title":{"rendered":"Johannes H\u00f8sflot Kl\u00e6bo svarer p\u00e5 stempelet om at han er en \u00abtrist klovn\u00bb i filmen om seg selv"},"content":{"rendered":"\n<p class=\"_lead_o9xde_2 _lead_xtcu6_50 layout-component text-serif-m layout-normal text-serif-l layout-component layout-wide layout-padded _wide_17hqh_1 layout-padded\">Johannes H\u00f8sflot Kl\u00e6bo (29) ble omtalt som b\u00e5de ensom og \u00aben trist klovn\u00bb i den nye dokumentaren om ham.<\/p>\n<p><img alt=\"Johannes H\u00f8sflot Kl\u00e6bo, her rett f\u00f8r pressekonferansen hans p\u00e5 Beitost\u00f8len torsdag formiddag. Foto: Terje Pedersen \/ NTB\" class=\"_image_qp4xg_65 layout-component layout-wide\" data-fullscreen- data-track-element-type=\"Article image fullscreen\" data-track-name=\"ImageFullscreen\" fetchpriority=\"high\" decoding=\"sync\" loading=\"eager\" height=\"4000\" itemprop=\"image\"  src=\"https:\/\/www.europesays.com\/no\/wp-content\/uploads\/2025\/11\/d32b326b-e513-45b8-b65e-56b3bf3bdb0b\"  style=\"object-position:0% 0%\" width=\"6000\"\/>Johannes H\u00f8sflot Kl\u00e6bo, her rett f\u00f8r pressekonferansen hans p\u00e5 Beitost\u00f8len torsdag formiddag. Foto: Terje Pedersen \/ NTB<\/p>\n<ul aria-hidden=\"true\" class=\"_images_18f0k_111\">\n<li><a class=\"_link_18f0k_116\" href=\"https:\/\/www.vg.no\/forfatter\/mikal-aaserud\" style=\"z-index:2\" title=\"Mikal Emil Aaserud\" rel=\"nofollow noopener\" target=\"_blank\"><img alt=\"Bilde av Mikal Emil Aaserud\" class=\"_image_18f0k_93\" fetchpriority=\"low\" loading=\"lazy\" decoding=\"async\" itemprop=\"image\"  src=\"https:\/\/www.europesays.com\/no\/wp-content\/uploads\/2025\/11\/1763640129_196_1f4bb18c-b7b1-46ba-9b49-79ae6afd7bbd\"  width=\"480\"\/><\/a><\/li>\n<li><a class=\"_link_18f0k_116\" href=\"https:\/\/www.vg.no\/forfatter\/herman-folvik\" style=\"z-index:1\" title=\"Herman Folvik\" rel=\"nofollow noopener\" target=\"_blank\"><img alt=\"Bilde av Herman Folvik\" class=\"_image_18f0k_93\" fetchpriority=\"low\" loading=\"lazy\" decoding=\"async\" itemprop=\"image\"  src=\"https:\/\/www.europesays.com\/no\/wp-content\/uploads\/2025\/11\/1763640129_269_b8d5eb91-9fa9-460c-b9f0-da310ffe35dd\"  width=\"480\"\/><\/a><\/li>\n<\/ul>\n<p>Beitost\u00f8len Oppdatert torsdag 20. november kl. 13:01    <\/p>\n<ul class=\"_list_o9xde_3 _list_64s2r_85 _unordered_o9xde_106 text-sans-m\">\n<li class=\"_item_o9xde_30\">Kommentator Bernhard Ellefsen anklager Johannes H\u00f8sflot Kl\u00e6bo for \u00e5 fremst\u00e5 som ensom og \u00aben trist klovn\u00bb i ny dokumentar.<\/li>\n<li class=\"_item_o9xde_30\">Kl\u00e6bo tok kritikken med et smil og p\u00e5pekte at selve VM i Trondheim ikke f\u00f8ltes ensomt, men at tiden frem mot mesterskapet var nettopp ensomt.<\/li>\n<li class=\"_item_o9xde_30\">Dokumentaren viser Kl\u00e6bos reise mot seks gull i VM, men har f\u00e5tt blandede kritikker.<\/li>\n<\/ul>\n<p>Vis mer <\/p>\n<p class=\"_paragraph_o9xde_4 _paragraph_xtcu6_10 layout-component text-serif-m layout-normal text-serif-m layout-padded\">Kl\u00e6bo trakk p\u00e5 smileb\u00e5ndet da VG konfronterte ham med karakteristikkene om ham i filmen, da han torsdag hadde pressekonferanse foran denne helgens langrenns\u00e5pning p\u00e5 Beitost\u00f8lenlangrenns\u00e5pning p\u00e5 Beitost\u00f8lenDen norske langrennseliten m\u00f8tes til konkurranser p\u00e5 Beitost\u00f8len denne helgen. Fredag er det sprint, l\u00f8rdag er det 10 kilometer klassisk og s\u00f8ndag 10 kilometer fristil..<\/p>\n<p class=\"_paragraph_o9xde_4 _paragraph_xtcu6_10 layout-component text-serif-m layout-normal text-serif-m layout-padded\">\u2013 Det var enormt trist til tider. Men det var ikke s\u00e5 ensomt og trist de ti dagene i Trondheim, for \u00e5 si det s\u00e5nn, at han skulle nok \u00f8nske han var med p\u00e5 den festen da VM var ferdig. Det var lite ensomt, det var som man h\u00e5pet og dr\u00f8mte om, sier Kl\u00e6bo.<\/p>\n<p class=\"_paragraph_o9xde_4 _paragraph_xtcu6_10 layout-component text-serif-m layout-normal text-serif-m layout-padded\">Filmen om Kl\u00e6bos liv, som kulminerer med seks gull under VM i Trondheim sist vinter, har f\u00e5tt varierende kritikker.<\/p>\n<p class=\"_paragraph_o9xde_4 _paragraph_xtcu6_10 layout-component text-serif-m layout-normal text-serif-m layout-padded\">Men det er alts\u00e5 en kommentar i <a href=\"https:\/\/www.morgenbladet.no\/kultur\/skiloperens-ensomhet-pa-hoydesamling\/10052780\" class=\"_link_o9xde_39\" rel=\"nofollow noopener\" target=\"_blank\">Morgenbladet<\/a>, signert Bernhard Ellefsen, som er mest kritisk til hvordan Kl\u00e6bo fremst\u00e5r i den.<\/p>\n<p class=\"_paragraph_o9xde_4 _paragraph_xtcu6_10 layout-component text-serif-m layout-normal text-serif-m layout-padded\">\u00abDet som gj\u00f8r meg trist mens jeg ser denne filmen, er den dype, dype ensomheten som Kl\u00e6bo har valgt. B\u00e5de som menneske \u2013 som er alene sammen med faren p\u00e5 h\u00f8ydetrening i m\u00e5nedsvis av gangen \u2013 og som selv-iscenesettende kjendis i denne filmen. Kl\u00e6bo er s\u00e5 alene. S\u00e5 inderlig alene. Selv n\u00e5r m\u00e5let er en idrettskonkurranse som skaper genuint og rasjonalitetsoverskridende fellesskap\u00bb, skriver Ellefsen.<\/p>\n<p class=\"_paragraph_o9xde_4 _paragraph_xtcu6_10 layout-component text-serif-m layout-normal text-serif-m layout-padded\">Kl\u00e6bo forsvarer hvordan han fremst\u00e5r i filmen:<\/p>\n<p class=\"_paragraph_o9xde_4 _paragraph_xtcu6_10 layout-component text-serif-m layout-normal text-serif-m layout-padded\">\u2013 Da m\u00e5 man v\u00e6re litt rar om man skal f\u00e5 til noe. Jeg har levd rart i de fem m\u00e5nedene frem til VM. S\u00e5 f\u00f8ler jeg at jeg fikk betalt for det da VM gikk. Det var til syvende og sist det viktigste.<\/p>\n<p>Anmeldelser av Kl\u00e6bo-filmen:<\/p>\n<ul class=\"_list_o9xde_3 _list_xtcu6_9 _list_16v91_9 _unordered_o9xde_106 layout-component text-serif-m layout-normal text-sans-m layout-padded\">\n<li class=\"_item_o9xde_30\">VG: Terningkast 3<\/li>\n<li class=\"_item_o9xde_30\">NRK: 4<\/li>\n<li class=\"_item_o9xde_30\">Bergens Tidende: 3<\/li>\n<li class=\"_item_o9xde_30\">Adressa: 3<\/li>\n<li class=\"_item_o9xde_30\">P4: 5<\/li>\n<li class=\"_item_o9xde_30\">Moviezine: 3  <\/li>\n<\/ul>\n<p>Vis mer<\/p>\n<p class=\"_paragraph_o9xde_4 _paragraph_xtcu6_10 layout-component text-serif-m layout-normal text-serif-m layout-padded\">Ellefsen gj\u00f8r deretter et poeng av at andre store langrennsl\u00f8pere, som Marit Bj\u00f8rgen og Therese Johaug, i sine selvbiografier har v\u00e6rt opptatt av nettopp fellesskapet, lagvenninner, som viser at sporten kan v\u00e6re en samlingskraft.<\/p>\n<p class=\"_paragraph_o9xde_4 _paragraph_xtcu6_10 layout-component text-serif-m layout-normal text-serif-m layout-padded\">Morgenbladet-kommentatoren skriver at han tenker p\u00e5 nettopp Johaug og Bj\u00f8rgen n\u00e5r han ser Kl\u00e6bo som viser ham alene p\u00e5 hytta, alene i senga og alene p\u00e5 sofaen.<\/p>\n<p class=\"_paragraph_o9xde_4 _paragraph_xtcu6_10 layout-component text-serif-m layout-normal text-serif-m layout-padded\">\u00abSom ble enda bedre enn Kl\u00e6bo er, uten \u00e5 opps\u00f8ke en slik radikal solipsismesolipsismeIf\u00f8lge store norske leksikon er solipsisme en teori som hevder at jeg&#8217;et er det eneste som eksisterer og f\u00f8lgelig at verden og andre mennesker bare eksisterer som en del av jeg&#8217;ets bevissthet., uten \u00e5 avskj\u00e6re seg fra det som gj\u00f8r idretten verdifull, nemlig fellesskapet omkring den\u00bb.<\/p>\n<p class=\"_paragraph_o9xde_4 _paragraph_xtcu6_10 layout-component text-serif-m layout-normal text-serif-m layout-padded\">Ellefsen mener filmskaperne gj\u00f8r for lite ut av Kl\u00e6bos rykk p\u00e5 oppl\u00f8pssiden under femmila i VM i Gran\u00e5sen, der han kronet mesterskapet med sitt sjette gull av seks mulige.<\/p>\n<p class=\"_paragraph_o9xde_4 _paragraph_xtcu6_10 layout-component text-serif-m layout-normal text-serif-m layout-padded\">\u00abI midten sto en mann som i sin egen, profilbyggende film ser ut til \u00e5 v\u00e6re redd for andre mennesker, dypt ensom, ute av kontakt med idrettens mest betydningsfulle fellesskap. En trist klovn, p\u00e5 et vis. Og samtidig en fantastisk skil\u00f8per. Som trolig tar en haug med nye gullmedaljer n\u00e5r det blir vinter-OL i Italia om noen m\u00e5neder\u00bb.<\/p>\n<p class=\"_paragraph_o9xde_4 _paragraph_xtcu6_10 layout-component text-serif-m layout-normal text-serif-m layout-padded\">Kl\u00e6bo fikk ogs\u00e5 f\u00f8lgende sp\u00f8rsm\u00e5l av Adresseavisen:<\/p>\n<p class=\"_paragraph_o9xde_4 _paragraph_xtcu6_10 layout-component text-serif-m layout-normal text-serif-m layout-padded\">\u2013 Det var mye Kl\u00e6bo i filmen om Kl\u00e6bo. Det var lite landslag, lite l\u00f8pere og st\u00f8tteapparat. Gjenspeiler det \u00e5ret du hadde i fjor?<\/p>\n<p class=\"_paragraph_o9xde_4 _paragraph_xtcu6_10 layout-component text-serif-m layout-normal text-serif-m layout-padded\">\u2013 Det gjorde det p\u00e5 mange m\u00e5ter. Jeg har reist 150 d\u00f8gn med \u00abfaderen\u00bb (pappa Haakon Kl\u00e6bo). Jeg tilbragte julen i h\u00f8yden. F\u00f8r VM var jeg p\u00e5 Skeikampen med pappa. Det livet jeg levde i fjor handlet kun om VM og det vi skulle gj\u00f8re der, sier Kl\u00e6bo. <\/p>\n<p class=\"_paragraph_o9xde_4 _paragraph_xtcu6_10 layout-component text-serif-m layout-normal text-serif-m layout-padded\">Han minner om at det ikke var bare-bare for blant andre broren Ola \u2013 som hadde ansvar for mye av filmingen \u2013 \u00e5 f\u00e5 tilgang til \u00e5 nettopp filme overalt.<\/p>\n<p class=\"_paragraph_o9xde_4 _paragraph_xtcu6_10 layout-component text-serif-m layout-normal text-serif-m layout-padded\">\u2013 Det har v\u00e6rt lettere \u00e5 ha med Ola der vi var. N\u00e5r sesongen ble som den ble, med sykdom f\u00f8r VM, den skulderskaden, s\u00e5 la vi fokus og vekt p\u00e5 det. Under VM handlet det om \u00e5 gj\u00f8re det man skulle. Det gjenspeiler hvordan fjor\u00e5ret var, det er det ikke tvil om, sier Kl\u00e6bo.<\/p>\n<p class=\"_paragraph_o9xde_4 _paragraph_xtcu6_10 layout-component text-serif-m layout-normal text-serif-m layout-padded\">Kl\u00e6bo har ogs\u00e5 registrert at de har f\u00e5tt litt varierende vurderinger av anmelderne. <\/p>\n<p class=\"_paragraph_o9xde_4 _paragraph_xtcu6_10 layout-component text-serif-m layout-normal text-serif-m layout-padded\">\u2013 Det var litt som det var for meg p\u00e5 skolen. Vi har f\u00e5tt noen firere og femmere. Jeg var sjelden oppe p\u00e5 sekser p\u00e5 skolen. Det samme ble det her. Det er greit, det. Det er s\u00e5nn denne verden fungerer, sier Kl\u00e6bo.<\/p>\n<p class=\"_paragraph_o9xde_4 _paragraph_xtcu6_10 layout-component text-serif-m layout-normal text-serif-m layout-padded\">Han forteller at det ikke er alt ved det \u00e5 lage film han skj\u00f8nner seg helt p\u00e5, men at det er broren hans Ola og andre som har hatt ansvaret. <\/p>\n<p class=\"_paragraph_o9xde_4 _paragraph_xtcu6_10 layout-component text-serif-m layout-normal text-serif-m layout-padded\">\u2013 For min del er jeg bare imponert over den jobben de har gjort, sier Kl\u00e6bo.<\/p>\n","protected":false},"excerpt":{"rendered":"Johannes H\u00f8sflot Kl\u00e6bo (29) ble omtalt som b\u00e5de ensom og \u00aben trist klovn\u00bb i den nye dokumentaren om&hellip;\n","protected":false},"author":2,"featured_media":91874,"comment_status":"","ping_status":"","sticky":false,"template":"","format":"standard","meta":{"footnotes":""},"categories":[59],"tags":[711,398,30,28,29,83,82,399],"class_list":{"0":"post-91873","1":"post","2":"type-post","3":"status-publish","4":"format-standard","5":"has-post-thumbnail","7":"category-sport","8":"tag-johannes-hosflot-klaebo","9":"tag-langrenn","10":"tag-no","11":"tag-norge","12":"tag-norway","13":"tag-sport","14":"tag-sports","15":"tag-vintersport"},"share_on_mastodon":{"url":"https:\/\/pubeurope.com\/@no\/115581927098650664","error":""},"_links":{"self":[{"href":"https:\/\/www.europesays.com\/no\/wp-json\/wp\/v2\/posts\/91873","targetHints":{"allow":["GET"]}}],"collection":[{"href":"https:\/\/www.europesays.com\/no\/wp-json\/wp\/v2\/posts"}],"about":[{"href":"https:\/\/www.europesays.com\/no\/wp-json\/wp\/v2\/types\/post"}],"author":[{"embeddable":true,"href":"https:\/\/www.europesays.com\/no\/wp-json\/wp\/v2\/users\/2"}],"replies":[{"embeddable":true,"href":"https:\/\/www.europesays.com\/no\/wp-json\/wp\/v2\/comments?post=91873"}],"version-history":[{"count":0,"href":"https:\/\/www.europesays.com\/no\/wp-json\/wp\/v2\/posts\/91873\/revisions"}],"wp:featuredmedia":[{"embeddable":true,"href":"https:\/\/www.europesays.com\/no\/wp-json\/wp\/v2\/media\/91874"}],"wp:attachment":[{"href":"https:\/\/www.europesays.com\/no\/wp-json\/wp\/v2\/media?parent=91873"}],"wp:term":[{"taxonomy":"category","embeddable":true,"href":"https:\/\/www.europesays.com\/no\/wp-json\/wp\/v2\/categories?post=91873"},{"taxonomy":"post_tag","embeddable":true,"href":"https:\/\/www.europesays.com\/no\/wp-json\/wp\/v2\/tags?post=91873"}],"curies":[{"name":"wp","href":"https:\/\/api.w.org\/{rel}","templated":true}]}}