{"id":91878,"date":"2025-11-20T12:08:18","date_gmt":"2025-11-20T12:08:18","guid":{"rendered":"https:\/\/www.europesays.com\/no\/91878\/"},"modified":"2025-11-20T12:08:18","modified_gmt":"2025-11-20T12:08:18","slug":"faerder-politikk-kommunen-skal-spare-13-millioner-kroner-pa-kutte-ut-gratis-kaffe","status":"publish","type":"post","link":"https:\/\/www.europesays.com\/no\/91878\/","title":{"rendered":"F\u00e6rder, Politikk | Kommunen skal spare 1,3 millioner kroner p\u00e5 kutte ut gratis kaffe"},"content":{"rendered":"\n<p>Mange kaffedr\u00e5per sm\u00e5, blir til en stor \u2026 sum med penger. I alle fall n\u00e5r det er snakk om edle kaffedr\u00e5per til 2150 ansatte i F\u00e6rder kommune. N\u00e5 skal det totalt spares 160 millioner kroner fram til 2030, og 90,8 millioner i 2026. Sistnevnte inkluderer ogs\u00e5 en innsparing p\u00e5 1,3 millioner kroner p\u00e5 kaffe.<\/p>\n<p><b>\u2013 Vi m\u00e5 ruste oss for en ny virkelighet, var beskjeden fra kommunedirekt\u00f8r Kristin J. Kirsebom da budsjettet ble lagt fram.<\/b><\/p>\n<p>  <a href=\"https:\/\/www.tb.no\/5-76-2718595\" class=\"related-teaser has-image default-story-teaser article--c-eRUmMG article--c-eRUmMG-jKCPdD-design-default\" rel=\"nofollow noopener\" target=\"_blank\"><\/p>\n<p>    <img decoding=\"async\" loading=\"lazy\"  src=\"https:\/\/www.europesays.com\/no\/wp-content\/uploads\/2025\/11\/DSC_6664.JPG\" alt=\"\" class=\"brick-c-cFOWSL\" style=\"\"\/><\/p>\n<p>\n            Les ogs\u00e5<\/p>\n<p>              Det er en ny virkelighet for F\u00e6rder kommune \u2013 dyrere parkering og upopul\u00e6re avgj\u00f8relser\n        <\/p>\n<p>  <\/a><br \/>\n  Egenandel<\/p>\n<p>Innsparingen blir i form av en \u00abinntekt\u00bb kommunen f\u00e5r ved at de ansatte fremover m\u00e5 betale for kaffen. Det innf\u00f8res nemlig en egenandel for ansatte p\u00e5 50 kroner per m\u00e5ned for kaffe, forteller kommunikasjonssjef Helen Kristina Wedberg.<\/p>\n<p><b>Det legges opp til at ansatte med 50 prosent eller mindre stilling kun skal betale 25 kroner i m\u00e5neden for kaffen. Det blir ogs\u00e5 mulig \u00e5 reservere seg mot denne betalingen, formodentlig om man ikke drikker kaffe.<\/b><\/p>\n<p>  <a href=\"https:\/\/www.tb.no\/5-76-2723206\" class=\"related-teaser has-image default-story-teaser article--c-eRUmMG article--c-eRUmMG-jKCPdD-design-default\" rel=\"nofollow noopener\" target=\"_blank\"><\/p>\n<p>    <img decoding=\"async\" loading=\"lazy\"  src=\"https:\/\/www.europesays.com\/no\/wp-content\/uploads\/2025\/11\/DSC_6980.JPG\" alt=\"\" class=\"brick-c-cFOWSL\" style=\"\"\/><\/p>\n<p>\n            Les ogs\u00e5<\/p>\n<p>              Vil ha gigabarnehage p\u00e5 N\u00f8tter\u00f8y \u2013 barnehagel\u00e6rere er positive\n        <\/p>\n<p>  <\/a><br \/>\n  730 kroner per ansatt<\/p>\n<p>Wedberg forteller at de har gjort en vurdering med utgangspunkt i tre ulike avdelinger, for \u00e5 beregne kaffepengene. De har tatt utgangspunkt i tre ulike avdelinger, en kontoravdeling og to kommunale boliger.<\/p>\n<p><b>\u2013 I gjennomsnitt bruker de 730 kroner per ansatt p\u00e5 kaffe og te, forteller Wedberg.<\/b><\/p>\n<p>Total kostnad for hele kommunen for kaffe og te til de ansatte, har hun dog ikke.<\/p>\n<p>1,3 millioner<\/p>\n<p><b>\u2013 Dette vil v\u00e6re veldig tidkrevende \u00e5 beregne, da det ikke er en egen konto kun for kaffe\/te.<\/b><\/p>\n<p>Besparingen p\u00e5 1,3 millioner kroner er basert p\u00e5 at 2150 ansatte betaler 50 kroner i m\u00e5neden i 12 m\u00e5neder.<\/p>\n<p>If\u00f8lge kaffeunders\u00f8kelsen 2024, som er laget av Norsk Kaffeinformasjon\/Ipsos, svarer 90 prosent av befolkningen over 18 \u00e5r at de drikker kaffe, 74 prosent drikker kaffe daglig og 77 prosent drikker svart kaffe. If\u00f8lge samme unders\u00f8kelse foretatt ett \u00e5r tidligere importerte Norge i 2022 44 tusen tonn kaffe til Norge. Dette gir et forbruk p\u00e5 8,8 kilo per holde. Prisen for en kilo kaffe er rundt 200 kroner.<\/p>\n<p>    Vil du se neste video?<\/p>\n<p>    <a href=\"https:\/\/www.tb.no\/det-brenner-i-storgaten-1-veed\/v\/5-76-2728018\" class=\"recommend-poster\" data-adp-clicklabel=\"video-recommend\" data-adp-clickvalue=\"poster\" rel=\"nofollow noopener\" target=\"_blank\"><br \/>\n      <img decoding=\"async\" width=\"200\" height=\"200\" loading=\"lazy\" src=\"https:\/\/www.europesays.com\/no\/wp-content\/uploads\/2025\/11\/v-i-2c98d77f-3e65-4fdd-93f9-eae759aaa2b3-1.jpg\" alt=\"\" class=\"brick-c-cFOWSL\" style=\"--brick-image-ratio: 200 \/ 200;\"\/><\/p>\n<p>Brannen i Storgaten: \u2013 Vi har mye ressurser her0:44<\/p>\n<p>    <\/a><\/p>\n<p>        Vi har tatt en kikk p\u00e5 Zeekr 7X &#8211; en bil helt utenom det vanlige.<\/p>\n","protected":false},"excerpt":{"rendered":"Mange kaffedr\u00e5per sm\u00e5, blir til en stor \u2026 sum med penger. I alle fall n\u00e5r det er snakk&hellip;\n","protected":false},"author":2,"featured_media":91879,"comment_status":"","ping_status":"","sticky":false,"template":"","format":"standard","meta":{"footnotes":""},"categories":[5],"tags":[36,20,21,962,24,25,15,19,22,23,17,18,13,30,28,29,14,16,572,41,1510,26,27],"class_list":{"0":"post-91878","1":"post","2":"type-post","3":"status-publish","4":"format-standard","5":"has-post-thumbnail","7":"category-overskrifter","8":"tag-art","9":"tag-breaking-news","10":"tag-breakingnews","11":"tag-faerder","12":"tag-featured-news","13":"tag-featurednews","14":"tag-headlines","15":"tag-hovedoppslag","16":"tag-latest-news","17":"tag-latestnews","18":"tag-main-news","19":"tag-mainnews","20":"tag-news","21":"tag-no","22":"tag-norge","23":"tag-norway","24":"tag-nyheter","25":"tag-overskrifter","26":"tag-okonomi","27":"tag-politikk","28":"tag-story","29":"tag-top-stories","30":"tag-topstories"},"share_on_mastodon":{"url":"https:\/\/pubeurope.com\/@no\/115581950938553604","error":""},"_links":{"self":[{"href":"https:\/\/www.europesays.com\/no\/wp-json\/wp\/v2\/posts\/91878","targetHints":{"allow":["GET"]}}],"collection":[{"href":"https:\/\/www.europesays.com\/no\/wp-json\/wp\/v2\/posts"}],"about":[{"href":"https:\/\/www.europesays.com\/no\/wp-json\/wp\/v2\/types\/post"}],"author":[{"embeddable":true,"href":"https:\/\/www.europesays.com\/no\/wp-json\/wp\/v2\/users\/2"}],"replies":[{"embeddable":true,"href":"https:\/\/www.europesays.com\/no\/wp-json\/wp\/v2\/comments?post=91878"}],"version-history":[{"count":0,"href":"https:\/\/www.europesays.com\/no\/wp-json\/wp\/v2\/posts\/91878\/revisions"}],"wp:featuredmedia":[{"embeddable":true,"href":"https:\/\/www.europesays.com\/no\/wp-json\/wp\/v2\/media\/91879"}],"wp:attachment":[{"href":"https:\/\/www.europesays.com\/no\/wp-json\/wp\/v2\/media?parent=91878"}],"wp:term":[{"taxonomy":"category","embeddable":true,"href":"https:\/\/www.europesays.com\/no\/wp-json\/wp\/v2\/categories?post=91878"},{"taxonomy":"post_tag","embeddable":true,"href":"https:\/\/www.europesays.com\/no\/wp-json\/wp\/v2\/tags?post=91878"}],"curies":[{"name":"wp","href":"https:\/\/api.w.org\/{rel}","templated":true}]}}