{"id":91894,"date":"2025-11-20T12:36:11","date_gmt":"2025-11-20T12:36:11","guid":{"rendered":"https:\/\/www.europesays.com\/no\/91894\/"},"modified":"2025-11-20T12:36:11","modified_gmt":"2025-11-20T12:36:11","slug":"vaer-gult-farevarsel-frykter-glatte-veier-har-sendt-ut-farevarsel","status":"publish","type":"post","link":"https:\/\/www.europesays.com\/no\/91894\/","title":{"rendered":"V\u00e6r, Gult farevarsel | Frykter glatte veier: Har sendt ut farevarsel"},"content":{"rendered":"\n<p>Tidens Krav har tidligere skrevet om v\u00e6rskiftet som er ventet fredag og at det trolig vil medf\u00f8re glatte veier og vanskelige kj\u00f8reforhold flere steder p\u00e5 Nordm\u00f8re.<\/p>\n<p>N\u00e5 har Meteorologisk institutt sendt ut et gult farevarsel for is.<\/p>\n<p>Varslet gjelder fra klokken 09.00 fredag morgen og er for hele M\u00f8re og Romsdal. Varslet gjelder til og med klokken 00.00 l\u00f8rdag.<\/p>\n<p>\u2013 Fredag ventes mye is p\u00e5 grunn av overgang til mildv\u00e6r og regn som fryser p\u00e5 kald bakke. Nedb\u00f8ren vil starte som sn\u00f8 eller sludd.<\/p>\n<p>  <a href=\"https:\/\/www.tk.no\/5-51-1773830\" class=\"related-teaser has-image default-story-teaser article--c-eRUmMG article--c-eRUmMG-jKCPdD-design-default\" rel=\"nofollow noopener\" target=\"_blank\"><\/p>\n<p>    <img decoding=\"async\" loading=\"lazy\"  src=\"https:\/\/www.europesays.com\/no\/wp-content\/uploads\/2025\/11\/1763642170_436_image_B84CA8D7-7917-4B61-AE3D-EDFEA385DE50_1763453853.jpeg\" alt=\"\" class=\"brick-c-cFOWSL\" style=\"\"\/><\/p>\n<p>\n            Les ogs\u00e5<\/p>\n<p>              V\u00e6rskille er p\u00e5 vei: \u2013 Vil bli mer vanskelige kj\u00f8reforhold\n        <\/p>\n<p>  <\/a><br \/>\n  \u2013 Et v\u00e6rskille<\/p>\n<p>Tidens Krav snakket med meteorolog Julie Solsvik V\u00e5gane om overgangen til mildv\u00e6r tidligere denne uken. Hun nevnte da muligheten for at det ville bli sendt ut et farevarsel for enten is eller sn\u00f8.<\/p>\n<p>\u2013 Det blir et v\u00e6rskille inn mot helga. Det blir en god del nedb\u00f8r b\u00e5de fredag og l\u00f8rdag. Sp\u00f8rsm\u00e5l er bare n\u00e5r overgangen til plussgrader skjer, sa Solsvik V\u00e5gane til Tidens Krav.<\/p>\n<p>Og med mildere v\u00e6r og regn, er det grunn til \u00e5 tro at det bli veldig glatt p\u00e5 veiene en periode.<\/p>\n<p>\u2013 Hvis det ligger pakket sn\u00f8 p\u00e5 veien fra f\u00f8r av og det regner opp\u00e5 det, kan det bli utfordrende kj\u00f8reforhold og glatte veier. Det samme kan det bli hvis regn treffer kald asfalt og fryser, sier hun.<\/p>\n<p>V\u00e6r oppmerksom<\/p>\n<p>N\u00e5 har man ansett faren som s\u00e5pass reell at man har sendt ut et gult farevarsel. I farevarselet skriver Meteorologisk institutt at de anser at det er fare for lokalt vanskelige kj\u00f8reforhold, v\u00e5t is i veibanen og fare for h\u00e5lkef\u00f8re ellers.<\/p>\n<p>\u2013 Vurder bruk av brodder eller piggsko, anbefaler de.<\/p>\n<p>Av \u00f8vrige r\u00e5d, anbefaler de \u00e5 beregne seg god tid til kj\u00f8ring, bruke riktige dekk og \u00e5 kj\u00f8re etter forholdene.<\/p>\n<p>\u2013 V\u00e6r oppmerksom p\u00e5 at isen kan v\u00e6re vanskelig \u00e5 se, p\u00e5pekes det i varselet.<\/p>\n<p>Det oppfordres ogs\u00e5 til \u00e5 f\u00f8lge med p\u00e5 oppdaterte farevarsler om v\u00e6re og \u00e5 sjekke veimeldinger p\u00e5 <a href=\"www.vegvesen.no\/trafikk\" rel=\"Follow\">vegvesen.no\/trafikk<\/a>.<\/p>\n<p>  <a href=\"https:\/\/www.tk.no\/5-51-1772944\" class=\"related-teaser has-image default-story-teaser article--c-eRUmMG article--c-eRUmMG-jKCPdD-design-default\" rel=\"nofollow noopener\" target=\"_blank\"><\/p>\n<p>    <img decoding=\"async\" loading=\"lazy\"  src=\"https:\/\/www.europesays.com\/no\/wp-content\/uploads\/2025\/11\/Sn%C3%B8+farevarsel.jpg\" alt=\"\" class=\"brick-c-cFOWSL\" style=\"\"\/><\/p>\n<p>\n            Les ogs\u00e5<\/p>\n<p>              Meteorologen advarer: \u2013 Hold deg oppdatert\n        <\/p>\n<p>  <\/a><\/p>\n<p>            Dette betyr farevarslene<br \/>\n            Gult = moderat fare<\/p>\n<p><b>Gult er nok det fareniv\u00e5et du kommer til \u00e5 se mest. Dette brukes om en moderat farlig situasjon, som kan for\u00e5rsake skader lokalt.<\/b><\/p>\n<p>Gule farevarsler sendes ut n\u00e5r det forventes mindre konsekvenser. De fleste vil kunne fortsette sine daglige gj\u00f8rem\u00e5l, men de som f.eks. planlegger utend\u00f8rsaktiviteter, b\u00f8r v\u00e6re oppmerksomme eller eventuelt holde seg inne.<\/p>\n<ul>\n<li>Det kan bli skader lokalt<\/li>\n<li>Str\u00f8mbrudd kan forekomme<\/li>\n<li>Det er sannsynlig med forsinkelser i trafikken<\/li>\n<li>Vind kan gj\u00f8re det farlig \u00e5 v\u00e6re i fjellet<\/li>\n<\/ul>\n<p>Det er alltid viktig at du leser innholdet i farevarselet for \u00e5 kunne vurdere hvilke konsekvenser det kan ha for deg.<\/p>\n<p>Oransje = stor fare<\/p>\n<p><b>Dette er en alvorlig situasjon som forekommer sjelden. Sannsynligvis m\u00e5 du forberede deg, og v\u00e6ret kan f\u00f8re til alvorlige skader.<\/b><\/p>\n<p>Oransje farevarsel sendes ut n\u00e5r konsekvensene vil bli omfattende for mange mennesker.<\/p>\n<ul>\n<li>V\u00e6ret kan f\u00f8re til alvorlige skader<\/li>\n<li>Reell fare for at liv og verdier kan g\u00e5 tapt<\/li>\n<li>Veier kan bli stengt<\/li>\n<li>Avganger med b\u00e5t, fly og annen transport blir kansellert<\/li>\n<\/ul>\n<p>Du m\u00e5 v\u00e6re forberedt p\u00e5 alvorlige konsekvenser, og b\u00f8r vurdere om det er trygt \u00e5 gj\u00f8re det du hadde planlagt i omr\u00e5dene som er ber\u00f8rt av oransje farevarsel.<\/p>\n<p>R\u00f8dt = ekstrem fare og ekstremv\u00e6r<\/p>\n<p><b>R\u00f8dt farevarsel betyr at situasjonen er ekstrem. Dette fareniv\u00e5et forekommer sv\u00e6rt sjelden, og kan f\u00f8re til store skader.<\/b><\/p>\n<p>R\u00f8de farevarsler ser du bare n\u00e5r det er forventet at v\u00e6ret kan gi ekstreme konsekvenser.<\/p>\n<ul>\n<li>Fare for at liv g\u00e5r tapt<\/li>\n<li>Store \u00f8deleggelser p\u00e5 eiendom og infrastruktur<\/li>\n<\/ul>\n<p>Myndigheter og sivile i ber\u00f8rte omr\u00e5der oppfordres til \u00e5 utf\u00f8re tiltak som bidrar til \u00e5 sikre liv og begrense skadeomfanget. Det frar\u00e5des \u00e5 oppholde seg i ber\u00f8rte omr\u00e5der.<\/p>\n<p>Kilde: Yr.no<\/p>\n","protected":false},"excerpt":{"rendered":"Tidens Krav har tidligere skrevet om v\u00e6rskiftet som er ventet fredag og at det trolig vil medf\u00f8re glatte&hellip;\n","protected":false},"author":2,"featured_media":91895,"comment_status":"","ping_status":"","sticky":false,"template":"","format":"standard","meta":{"footnotes":""},"categories":[10],"tags":[36,20,21,24,25,11732,2125,15,22,23,953,13,30,1911,28,29,14,16,1510,26,27,553],"class_list":{"0":"post-91894","1":"post","2":"type-post","3":"status-publish","4":"format-standard","5":"has-post-thumbnail","7":"category-norge","8":"tag-art","9":"tag-breaking-news","10":"tag-breakingnews","11":"tag-featured-news","12":"tag-featurednews","13":"tag-glatte-veier","14":"tag-gult-farevarsel","15":"tag-headlines","16":"tag-latest-news","17":"tag-latestnews","18":"tag-more-og-romsdal","19":"tag-news","20":"tag-no","21":"tag-nordmore","22":"tag-norge","23":"tag-norway","24":"tag-nyheter","25":"tag-overskrifter","26":"tag-story","27":"tag-top-stories","28":"tag-topstories","29":"tag-vaer"},"share_on_mastodon":{"url":"https:\/\/pubeurope.com\/@no\/115582060926836358","error":""},"_links":{"self":[{"href":"https:\/\/www.europesays.com\/no\/wp-json\/wp\/v2\/posts\/91894","targetHints":{"allow":["GET"]}}],"collection":[{"href":"https:\/\/www.europesays.com\/no\/wp-json\/wp\/v2\/posts"}],"about":[{"href":"https:\/\/www.europesays.com\/no\/wp-json\/wp\/v2\/types\/post"}],"author":[{"embeddable":true,"href":"https:\/\/www.europesays.com\/no\/wp-json\/wp\/v2\/users\/2"}],"replies":[{"embeddable":true,"href":"https:\/\/www.europesays.com\/no\/wp-json\/wp\/v2\/comments?post=91894"}],"version-history":[{"count":0,"href":"https:\/\/www.europesays.com\/no\/wp-json\/wp\/v2\/posts\/91894\/revisions"}],"wp:featuredmedia":[{"embeddable":true,"href":"https:\/\/www.europesays.com\/no\/wp-json\/wp\/v2\/media\/91895"}],"wp:attachment":[{"href":"https:\/\/www.europesays.com\/no\/wp-json\/wp\/v2\/media?parent=91894"}],"wp:term":[{"taxonomy":"category","embeddable":true,"href":"https:\/\/www.europesays.com\/no\/wp-json\/wp\/v2\/categories?post=91894"},{"taxonomy":"post_tag","embeddable":true,"href":"https:\/\/www.europesays.com\/no\/wp-json\/wp\/v2\/tags?post=91894"}],"curies":[{"name":"wp","href":"https:\/\/api.w.org\/{rel}","templated":true}]}}