{"id":91904,"date":"2025-11-20T12:51:17","date_gmt":"2025-11-20T12:51:17","guid":{"rendered":"https:\/\/www.europesays.com\/no\/91904\/"},"modified":"2025-11-20T12:51:17","modified_gmt":"2025-11-20T12:51:17","slug":"to-gutter-pagrepet-i-kidnappingssak","status":"publish","type":"post","link":"https:\/\/www.europesays.com\/no\/91904\/","title":{"rendered":"To gutter p\u00e5grepet i kidnappingssak"},"content":{"rendered":"\n<p class=\"_lead_o9xde_2 _lead_xtcu6_50 layout-component text-serif-m layout-normal text-serif-l layout-component layout-wide layout-padded _wide_17hqh_1 layout-padded\">Noen dager f\u00f8r to unge gutter skal ha skutt mot en leilighet p\u00e5 H\u00f8ybr\u00e5ten i Oslo, s\u00e5 skal de ha v\u00e6rt involvert i en frihetsber\u00f8velse i Lillestr\u00f8m.<\/p>\n<p><img alt=\"\u00c5STED: Flere personer skal ha blitt holdt fanget og angivelig utsatt for vold i en leilighet like ved Lillestr\u00f8m stasjon. Foto: J\u00f8rgen Braastad \/ VG\" class=\"_image_qp4xg_65 layout-component layout-wide\" data-fullscreen- data-track-element-type=\"Article image fullscreen\" data-track-name=\"ImageFullscreen\" fetchpriority=\"high\" decoding=\"sync\" loading=\"eager\" height=\"5464\" itemprop=\"image\"  src=\"https:\/\/www.europesays.com\/no\/wp-content\/uploads\/2025\/11\/0b311b4b-882e-4add-902a-7c974f545f5c\"  style=\"object-position:61.4501953125% 57.027818448023424%\" width=\"8192\"\/>\u00c5STED: Flere personer skal ha blitt holdt fanget og angivelig utsatt for vold i en leilighet like ved Lillestr\u00f8m stasjon. Foto: J\u00f8rgen Braastad \/ VG<\/p>\n<ul aria-hidden=\"true\" class=\"_images_18f0k_111\">\n<li><a class=\"_link_18f0k_116\" href=\"https:\/\/www.vg.no\/forfatter\/morten-s-hopperstad\" style=\"z-index:2\" title=\"Morten S. Hopperstad\" rel=\"nofollow noopener\" target=\"_blank\"><img alt=\"Bilde av Morten S. Hopperstad\" class=\"_image_18f0k_93\" fetchpriority=\"low\" loading=\"lazy\" decoding=\"async\" itemprop=\"image\"  src=\"https:\/\/www.europesays.com\/no\/wp-content\/uploads\/2025\/11\/1763643074_70_93d60eb2-0dd9-4446-a8b8-c143528ca129\"  width=\"480\"\/><\/a><\/li>\n<li><a class=\"_link_18f0k_116\" href=\"https:\/\/www.vg.no\/forfatter\/preben-soerensen-olsen\" style=\"z-index:1\" title=\"Preben S\u00f8rensen Olsen\" rel=\"nofollow noopener\" target=\"_blank\"><img alt=\"Bilde av Preben S\u00f8rensen Olsen\" class=\"_image_18f0k_93\" fetchpriority=\"low\" loading=\"lazy\" decoding=\"async\" itemprop=\"image\"  src=\"https:\/\/www.europesays.com\/no\/wp-content\/uploads\/2025\/11\/1763643074_897_64aa1fb4-b39a-43ab-9306-fd34402fdbb9\"  width=\"480\"\/><\/a><\/li>\n<\/ul>\n<p> Oppdatert torsdag 20. november kl. 13:32    <\/p>\n<ul class=\"_list_o9xde_3 _list_64s2r_85 _unordered_o9xde_106 text-sans-m\">\n<li class=\"_item_o9xde_30\">To unge gutter skal ha v\u00e6rt involvert i en frihetsber\u00f8velse i Lillestr\u00f8m f\u00f8r de ble siktet for skyting mot en leilighet p\u00e5 H\u00f8ybr\u00e5ten.<\/li>\n<li class=\"_item_o9xde_30\">Guttene fremstilles for varetektsfengsling torsdag.<\/li>\n<li class=\"_item_o9xde_30\">Frihetsber\u00f8velsen skal ha handlet om gjeld i millionklassen.<\/li>\n<\/ul>\n<p>Vis mer <\/p>\n<p class=\"_paragraph_o9xde_4 _paragraph_xtcu6_10 layout-component text-serif-m layout-normal text-serif-m layout-padded\">Torsdag ettermiddag fremstilles de to guttene for varetektsfengsling i Romerike og Gl\u00e5mdal tingrett.<\/p>\n<p class=\"_paragraph_o9xde_4 _paragraph_xtcu6_10 layout-component text-serif-m layout-normal text-serif-m layout-padded\">\u2013 Vi etterforsker en frihetsber\u00f8velse, og det er p\u00e5grepet to personer i den forbindelse, sier politiadvokat Anders Johnsen B\u00e6kkemoen i \u00d8st politidistrikt til VG.<\/p>\n<p class=\"_paragraph_o9xde_4 _paragraph_xtcu6_10 layout-component text-serif-m layout-normal text-serif-m layout-padded\">Politiadvokaten \u00f8nsker forel\u00f8pig ikke \u00e5 kommentere saken ytterligere.<\/p>\n<p class=\"_paragraph_o9xde_4 _paragraph_xtcu6_10 layout-component text-serif-m layout-normal text-serif-m layout-padded\">VG er imidlertid kjent med deler av bakteppet for den p\u00e5st\u00e5tte frihetsber\u00f8velsen:<\/p>\n<p class=\"_paragraph_o9xde_4 _paragraph_xtcu6_10 layout-component text-serif-m layout-normal text-serif-m layout-padded\"><strong class=\"_strong_o9xde_25\">Om kvelden s\u00f8ndag 3. november<\/strong> fikk politiet melding om en mulig frihetsber\u00f8velse i en leilighet like ved Lillestr\u00f8m stasjon p\u00e5 Romerike. <\/p>\n<p class=\"_paragraph_o9xde_4 _paragraph_xtcu6_10 layout-component text-serif-m layout-normal text-serif-m layout-padded\">Politiet fikk ogs\u00e5 informasjon om at bakgrunnen for frihetsber\u00f8velsen skal dreie seg om gjeld i millionklassen, if\u00f8lge VGs opplysninger.<\/p>\n<p>Leiligheten<\/p>\n<p class=\"_paragraph_o9xde_4 _paragraph_xtcu6_10 layout-component text-serif-m layout-normal text-serif-m layout-padded\">I l\u00f8pet av s\u00f8ndags kvelden og natt til mandag 4. november skal frihetsber\u00f8velsen ha p\u00e5g\u00e5tt i flere timer i den aktuelle leiligheten i Lillestr\u00f8m.<\/p>\n<p class=\"_paragraph_o9xde_4 _paragraph_xtcu6_10 layout-component text-serif-m layout-normal text-serif-m layout-padded\">Det er forel\u00f8pig uklart hvor mange personer som er forn\u00e6rmet i saken, men flere av de som var i leiligheten skal ha opps\u00f8kt legevakten med skader i etterkant.<\/p>\n<p class=\"_paragraph_o9xde_4 _paragraph_xtcu6_10 layout-component text-serif-m layout-normal text-serif-m layout-padded\">If\u00f8lge VGs opplysninger skal de ha sluppet unna etter \u00e5 ha lovet \u00e5 penger.<\/p>\n<p class=\"_paragraph_o9xde_4 _paragraph_xtcu6_10 layout-component text-serif-m layout-normal text-serif-m layout-padded\">Ved legevakten i Lillestr\u00f8m kom politiet ogs\u00e5 i kontakt med personene som var p\u00e5f\u00f8rt skader, f\u00e5r VG opplyst.<\/p>\n<p>   \u00abViolence-as-service\u00bb<\/p>\n<p class=\"_paragraph_o9xde_4 _paragraph_xtcu6_10 layout-component text-serif-m layout-normal text-serif-m layout-padded\">De to guttene som torsdag fremstilles for varetekt i Romerike og Gl\u00e5mdal tingrett, har allerede blitt holdt i varetekt i et par uker.<\/p>\n<p class=\"_paragraph_o9xde_4 _paragraph_xtcu6_10 layout-component text-serif-m layout-normal text-serif-m layout-padded\">Bakgrunnen for dette varetektsoppholdet skyldes en sak som etterforskes av Oslo politidistrikt:<\/p>\n<p class=\"_paragraph_o9xde_4 _paragraph_xtcu6_10 layout-component text-serif-m layout-normal text-serif-m layout-padded\">Ved 23-tiden torsdag 6. november, et par dager etter den p\u00e5st\u00e5tte frihetsber\u00f8velsen, fikk Oslo-politiet meldinger om skyting mot en bolig p\u00e5 H\u00f8ybr\u00e5ten, \u00f8st i hovedstaden. To 17 \u00e5r gamle gutter ble p\u00e5grepet og siktet for grove trusler og grov befatning med skytev\u00e5pen.<\/p>\n<p class=\"_paragraph_o9xde_4 _paragraph_xtcu6_10 layout-component text-serif-m layout-normal text-serif-m layout-padded\">Politiet har tidligere uttalt at de mener at skytingen var p\u00e5 bestilling av noen andre \u2013 et voldsoppdrag som politiet omtaler som \u00abviolence-as-service\u00bb.<\/p>\n<p class=\"_paragraph_o9xde_4 _paragraph_xtcu6_10 layout-component text-serif-m layout-normal text-serif-m layout-padded\">\u2013 Begge guttene har avgitt forklaring i saken som gjelder skytingen p\u00e5 H\u00f8ybr\u00e5ten. Vi mener denne hendelsen har skjedd p\u00e5 bestilling fra bakmenn i utlandet, men \u00f8nsker ikke \u00e5 g\u00e5 inn p\u00e5 detaljer knyttet til dette av hensyn til den p\u00e5g\u00e5ende etterforskningen, sier politiadvokat Henrik R\u00e5dal til VG. <\/p>\n<p class=\"_paragraph_o9xde_4 _paragraph_xtcu6_10 layout-component text-serif-m layout-normal text-serif-m layout-padded\">Noen dager tidligere skal de samme guttene ha hatt en rolle i frihetsber\u00f8velsen i Lillestr\u00f8m, if\u00f8lge politiet.<\/p>\n<p class=\"_paragraph_o9xde_4 _paragraph_xtcu6_10 layout-component text-serif-m layout-normal text-serif-m layout-padded\">\u2013 Vi har ikke ytterligere kommentarer til saken per n\u00e5, sier politiadvokat Anders Johnsen B\u00e6kkemoen i \u00d8st politidistrikt til VG.<\/p>\n<p>Ingen kommentar<\/p>\n<p class=\"_paragraph_o9xde_4 _paragraph_xtcu6_10 layout-component text-serif-m layout-normal text-serif-m layout-padded\">Advokat Hans Christian Nygaard Wang er forsvarer for en av de siktede. <\/p>\n<p><img decoding=\"async\" alt=\"Bilde av Hans Christian Wang\" class=\"_image_ygndg_42\" height=\"30\" itemprop=\"image\" loading=\"lazy\"  src=\"https:\/\/www.europesays.com\/no\/wp-content\/uploads\/2025\/11\/7142d142-1b2b-4a01-8183-a216b9e70bc2\"  width=\"40\"\/><strong class=\"_name_ygndg_51 title-serif-xs\">Hans Christian Wang<\/strong><\/p>\n<p class=\"_paragraph_o9xde_4 text-sans-m _description_ygndg_56\">Forsvarer<\/p>\n<p class=\"_paragraph_o9xde_4 _paragraph_xtcu6_10 layout-component text-serif-m layout-normal text-serif-m layout-padded\">Han \u00f8nsker ikke \u00e5 kommentere saken overfor VG i forkant av fengslingsm\u00f8tet.<\/p>\n<p class=\"_paragraph_o9xde_4 _paragraph_xtcu6_10 layout-component text-serif-m layout-normal text-serif-m layout-padded\">Advokat Andrea Nisha Duggal er forsvarer for den andre siktede. Hun \u00f8nsker heller ikke \u00e5 kommentere saken p\u00e5 n\u00e5v\u00e6rende tidspunkt.<\/p>\n<p><img decoding=\"async\" alt=\"Bilde av Andrea Nisha Duggal\" class=\"_image_ygndg_42\" height=\"27\" itemprop=\"image\" loading=\"lazy\"  src=\"https:\/\/www.europesays.com\/no\/wp-content\/uploads\/2025\/11\/c0aeedf1-4b5f-43ff-99f8-a3af4f9947ee\"  width=\"40\"\/><strong class=\"_name_ygndg_51 title-serif-xs\">Andrea Nisha Duggal<\/strong><\/p>\n<p class=\"_paragraph_o9xde_4 text-sans-m _description_ygndg_56\">Forsvarer for en av de siktede guttene<\/p>\n<p class=\"_paragraph_o9xde_4 _paragraph_xtcu6_10 layout-component text-serif-m layout-normal text-serif-m layout-padded\"><strong class=\"_strong_o9xde_25\">Det er derfor uklart for VG om hvordan de to unge guttene stiller seg til anklagene om frihetsber\u00f8velse.<\/strong><\/p>\n<p>Les ogs\u00e5<br \/>\n    <img decoding=\"async\" alt=\"Tips oss illustrasjon\" src=\"https:\/\/www.europesays.com\/no\/wp-content\/uploads\/2025\/10\/pssst-small.webp.webp\"\/>    <\/p>\n<p class=\"title-serif-s\">Har du tips?<\/p>\n<p class=\"text-sans-m\">Send oss informasjon, bilder eller video.<\/p>\n<p>  <a href=\"https:\/\/www.vg.no\/tips-oss\" rel=\"nofollow noopener\" target=\"_blank\"> Tips oss <\/a>      <\/p>\n","protected":false},"excerpt":{"rendered":"Noen dager f\u00f8r to unge gutter skal ha skutt mot en leilighet p\u00e5 H\u00f8ybr\u00e5ten i Oslo, s\u00e5 skal&hellip;\n","protected":false},"author":2,"featured_media":91905,"comment_status":"","ping_status":"","sticky":false,"template":"","format":"standard","meta":{"footnotes":""},"categories":[10],"tags":[20,21,24,25,15,148,22,23,13,30,28,29,14,16,26,27],"class_list":{"0":"post-91904","1":"post","2":"type-post","3":"status-publish","4":"format-standard","5":"has-post-thumbnail","7":"category-norge","8":"tag-breaking-news","9":"tag-breakingnews","10":"tag-featured-news","11":"tag-featurednews","12":"tag-headlines","13":"tag-kriminalitet","14":"tag-latest-news","15":"tag-latestnews","16":"tag-news","17":"tag-no","18":"tag-norge","19":"tag-norway","20":"tag-nyheter","21":"tag-overskrifter","22":"tag-top-stories","23":"tag-topstories"},"share_on_mastodon":{"url":"https:\/\/pubeurope.com\/@no\/115582119829919658","error":""},"_links":{"self":[{"href":"https:\/\/www.europesays.com\/no\/wp-json\/wp\/v2\/posts\/91904","targetHints":{"allow":["GET"]}}],"collection":[{"href":"https:\/\/www.europesays.com\/no\/wp-json\/wp\/v2\/posts"}],"about":[{"href":"https:\/\/www.europesays.com\/no\/wp-json\/wp\/v2\/types\/post"}],"author":[{"embeddable":true,"href":"https:\/\/www.europesays.com\/no\/wp-json\/wp\/v2\/users\/2"}],"replies":[{"embeddable":true,"href":"https:\/\/www.europesays.com\/no\/wp-json\/wp\/v2\/comments?post=91904"}],"version-history":[{"count":0,"href":"https:\/\/www.europesays.com\/no\/wp-json\/wp\/v2\/posts\/91904\/revisions"}],"wp:featuredmedia":[{"embeddable":true,"href":"https:\/\/www.europesays.com\/no\/wp-json\/wp\/v2\/media\/91905"}],"wp:attachment":[{"href":"https:\/\/www.europesays.com\/no\/wp-json\/wp\/v2\/media?parent=91904"}],"wp:term":[{"taxonomy":"category","embeddable":true,"href":"https:\/\/www.europesays.com\/no\/wp-json\/wp\/v2\/categories?post=91904"},{"taxonomy":"post_tag","embeddable":true,"href":"https:\/\/www.europesays.com\/no\/wp-json\/wp\/v2\/tags?post=91904"}],"curies":[{"name":"wp","href":"https:\/\/api.w.org\/{rel}","templated":true}]}}