{"id":91911,"date":"2025-11-20T12:58:12","date_gmt":"2025-11-20T12:58:12","guid":{"rendered":"https:\/\/www.europesays.com\/no\/91911\/"},"modified":"2025-11-20T12:58:12","modified_gmt":"2025-11-20T12:58:12","slug":"gult-farevarsel-flere-steder-i-norge","status":"publish","type":"post","link":"https:\/\/www.europesays.com\/no\/91911\/","title":{"rendered":"Gult farevarsel flere steder i Norge"},"content":{"rendered":"\n<p class=\"_paragraph_o9xde_4 _paragraph_xtcu6_10 layout-component text-serif-m layout-normal text-serif-m layout-padded\">Meteorologisk institutt melder om at det vil bli mye is i flere fylket. <\/p>\n<p class=\"_paragraph_o9xde_4 _paragraph_xtcu6_10 layout-component text-serif-m layout-normal text-serif-m layout-padded\">Det er sendt ut gult farevarsel for dette i M\u00f8re og Romsdal, Tr\u00f8ndelag, Vestland og i Rogaland. <\/p>\n<p class=\"_paragraph_o9xde_4 _paragraph_xtcu6_10 layout-component text-serif-m layout-normal text-serif-m layout-padded\"><strong class=\"_strong_o9xde_25\">\u2013 Fredag ventes mye is p\u00e5 grunn av overgang til mildv\u00e6r og regn som fryser p\u00e5 kald bakke. Nedb\u00f8ren vil starte som sn\u00f8 eller sludd, st\u00e5r det p\u00e5 <a href=\"https:\/\/www.yr.no\/nb\/farevarsler\" class=\"_link_o9xde_39\" rel=\"nofollow noopener\" target=\"_blank\">Yr.no<\/a>. <\/strong><\/p>\n<p class=\"_paragraph_o9xde_4 _paragraph_xtcu6_10 layout-component text-serif-m layout-normal text-serif-m layout-padded\">Det kan bli vanskelige kj\u00f8reforhold i fylkene, fordi veibanene kan v\u00e6re dekket av v\u00e5t is. r\u00e5det er \u00e5 tilpasse farten etter forholdene. <\/p>\n<p class=\"_paragraph_o9xde_4 _paragraph_xtcu6_10 layout-component text-serif-m layout-normal text-serif-m layout-padded\">Om du er fotgjenger kan det v\u00e6re lurt \u00e5 bruke brodder, det er nemlig fare for h\u00e5lkef\u00f8re.<\/p>\n<p class=\"_paragraph_o9xde_4 _paragraph_xtcu6_10 layout-component text-serif-m layout-normal text-serif-m layout-padded\">H\u00e5lken, eller glattisen har allerede truffet Rogaland torsdag. <a href=\"https:\/\/www.aftenbladet.no\/direkte\/i\/BJjxb0\/aftenbladets-nyhetsstudio?pinnedEntry=289755\" class=\"_link_o9xde_39\" rel=\"nofollow noopener\" target=\"_blank\">Stavanger Aftenblad  skriver<\/a> at det er stor p\u00e5gang ved skadepoliklinikken p\u00e5 Stavanger universitets sykehus (SUS). <\/p>\n<p class=\"_paragraph_o9xde_4 _paragraph_xtcu6_10 layout-component text-serif-m layout-normal text-serif-m layout-padded\">\u2013 Vi har hatt st\u00f8rre p\u00e5gang p\u00e5 skadepoliklinikken med \u00f8yeblikkelig hjelp p\u00e5 grunn av glatt f\u00f8re, sier seksjonsoverlege Cathrine Harstad Enoksen p\u00e5 ortopedisk avdeling, til avisen. <\/p>\n<p class=\"_paragraph_o9xde_4 _paragraph_xtcu6_10 layout-component text-serif-m layout-normal text-serif-m layout-padded\">Hun forteller at 20-25 prosent av skadene skyldes glattisen. <\/p>\n<p><img alt=\"Foto: Stella Bugge \/ VG\" class=\"_image_qp4xg_65 layout-component layout-normal\" data-fullscreen- data-track-element-type=\"Article image fullscreen\" data-track-name=\"ImageFullscreen\" decoding=\"async\" loading=\"lazy\" height=\"3024\" itemprop=\"image\"  src=\"https:\/\/www.europesays.com\/no\/wp-content\/uploads\/2025\/11\/ead85fab-fb30-4bf6-8d7e-5b2253002bb7\"  style=\"object-position:0% 0%\" width=\"4032\"\/>Foto: Stella Bugge \/ VG<\/p>\n<p class=\"_paragraph_o9xde_4 _paragraph_xtcu6_10 layout-component text-serif-m layout-normal text-serif-m layout-padded\">H\u00e5lken, eller glattisen har allerede truffet Rogaland onsdag. <a href=\"https:\/\/www.aftenbladet.no\/direkte\/i\/BJjxb0\/aftenbladets-nyhetsstudio?pinnedEntry=289755\" class=\"_link_o9xde_39\" rel=\"nofollow noopener\" target=\"_blank\">Stavanger Aftenblad  skriver<\/a> at det er stor p\u00e5gang ved skadepoliklinikken p\u00e5 Stavanger universitets sykehus (SUS). <\/p>\n<p class=\"_paragraph_o9xde_4 _paragraph_xtcu6_10 layout-component text-serif-m layout-normal text-serif-m layout-padded\">\u2013 Vi har hatt st\u00f8rre p\u00e5gang p\u00e5 skadepoliklinikken med \u00f8yeblikkelig hjelp p\u00e5 grunn av glatt f\u00f8re, sier seksjonsoverlege Cathrine Harstad Enoksen p\u00e5 ortopedisk avdeling, til avisen. <\/p>\n<p class=\"_paragraph_o9xde_4 _paragraph_xtcu6_10 layout-component text-serif-m layout-normal text-serif-m layout-padded\">Hun forteller at 20-25 prosent av skadene skyldes glattisen. <\/p>\n<p>    <img decoding=\"async\" alt=\"Tips oss illustrasjon\" src=\"https:\/\/www.europesays.com\/no\/wp-content\/uploads\/2025\/10\/pssst-small.webp.webp\"\/>    <\/p>\n<p class=\"title-serif-s\">Har du tips?<\/p>\n<p class=\"text-sans-m\">Send oss informasjon, bilder eller video.<\/p>\n<p>  <a href=\"https:\/\/www.vg.no\/tips-oss\" rel=\"nofollow noopener\" target=\"_blank\"> Tips oss <\/a>      <\/p>\n","protected":false},"excerpt":{"rendered":"Meteorologisk institutt melder om at det vil bli mye is i flere fylket. Det er sendt ut gult&hellip;\n","protected":false},"author":2,"featured_media":91912,"comment_status":"","ping_status":"","sticky":false,"template":"","format":"standard","meta":{"footnotes":""},"categories":[10],"tags":[31,20,21,24,25,15,22,23,13,30,28,29,14,16,26,27],"class_list":{"0":"post-91911","1":"post","2":"type-post","3":"status-publish","4":"format-standard","5":"has-post-thumbnail","7":"category-norge","8":"tag-breaking","9":"tag-breaking-news","10":"tag-breakingnews","11":"tag-featured-news","12":"tag-featurednews","13":"tag-headlines","14":"tag-latest-news","15":"tag-latestnews","16":"tag-news","17":"tag-no","18":"tag-norge","19":"tag-norway","20":"tag-nyheter","21":"tag-overskrifter","22":"tag-top-stories","23":"tag-topstories"},"share_on_mastodon":{"url":"https:\/\/pubeurope.com\/@no\/115582147346268108","error":""},"_links":{"self":[{"href":"https:\/\/www.europesays.com\/no\/wp-json\/wp\/v2\/posts\/91911","targetHints":{"allow":["GET"]}}],"collection":[{"href":"https:\/\/www.europesays.com\/no\/wp-json\/wp\/v2\/posts"}],"about":[{"href":"https:\/\/www.europesays.com\/no\/wp-json\/wp\/v2\/types\/post"}],"author":[{"embeddable":true,"href":"https:\/\/www.europesays.com\/no\/wp-json\/wp\/v2\/users\/2"}],"replies":[{"embeddable":true,"href":"https:\/\/www.europesays.com\/no\/wp-json\/wp\/v2\/comments?post=91911"}],"version-history":[{"count":0,"href":"https:\/\/www.europesays.com\/no\/wp-json\/wp\/v2\/posts\/91911\/revisions"}],"wp:featuredmedia":[{"embeddable":true,"href":"https:\/\/www.europesays.com\/no\/wp-json\/wp\/v2\/media\/91912"}],"wp:attachment":[{"href":"https:\/\/www.europesays.com\/no\/wp-json\/wp\/v2\/media?parent=91911"}],"wp:term":[{"taxonomy":"category","embeddable":true,"href":"https:\/\/www.europesays.com\/no\/wp-json\/wp\/v2\/categories?post=91911"},{"taxonomy":"post_tag","embeddable":true,"href":"https:\/\/www.europesays.com\/no\/wp-json\/wp\/v2\/tags?post=91911"}],"curies":[{"name":"wp","href":"https:\/\/api.w.org\/{rel}","templated":true}]}}