{"id":91913,"date":"2025-11-20T13:00:10","date_gmt":"2025-11-20T13:00:10","guid":{"rendered":"https:\/\/www.europesays.com\/no\/91913\/"},"modified":"2025-11-20T13:00:10","modified_gmt":"2025-11-20T13:00:10","slug":"erling-braut-haaland-delte-norske-fredriks-melding-pa-x-nrk-sport-sportsnyheter-resultater-og-sendeplan","status":"publish","type":"post","link":"https:\/\/www.europesays.com\/no\/91913\/","title":{"rendered":"Erling Braut Haaland delte norske Fredriks melding p\u00e5 X \u2013 NRK Sport \u2013 Sportsnyheter, resultater og sendeplan"},"content":{"rendered":"<p>Det ble klart i dag.<\/p>\n<p>Sverige m\u00f8ter Ukraina i sin semifinale p\u00e5 bortebane. I en eventuell finale m\u00f8ter de vinneren av Polen og Albania p\u00e5 hjemmebane,<\/p>\n<p>Det er de forn\u00f8yde med i Sverige.<\/p>\n<p>\u2013 Dette m\u00e5 man se som en tydelig mulighet, gitt hvordan lagene er rangert. Ut fra forutsetningene tror jeg man har best sjanser mot Ukraina, som ikke engang spiller p\u00e5 hjemmebane, og Polen og Albania f\u00f8les ogs\u00e5 mulig, sier den svenske fotballkommentatoren Olof Lundh til TV4 if\u00f8lge <a href=\"https:\/\/www.expressen.se\/sport\/fotboll\/landslaget\/sverige-moter-ukraina-i-vm-playoff\/\" ec-id=\"https:\/\/www.expressen.se\/sport\/fotboll\/landslaget\/sverige-moter-ukraina-i-vm-playoff\/\" ec-name=\"Expressen\" rel=\"nofollow noopener\" target=\"_blank\">Expressen<\/a>.<\/p>\n<p>I VM-kvalifiseringen spilte Ukraina p\u00e5 forskjellige stadioner i Polen.<\/p>\n<p>\u2013 En n\u00e6rmest perfekt trekning. Sveriges VM-kval er en eneste lang oppkj\u00f8ring der man har krasjet, kj\u00f8rt i gr\u00f8fta, rygget inn i en stolpe og likevel f\u00e5r sjansen til \u00e5 ta f\u00f8rerkort, det vil si \u00e5 kvalifisere seg til VM. Det er egentlig ufattelig, vi b\u00f8r v\u00e6re takknemlige, sier <a href=\"https:\/\/www.svt.se\/sport\/fotboll\/sverige-stalls-mot-ukraina-i-playoff-till-vm\" ec-id=\"https:\/\/www.svt.se\/sport\/fotboll\/sverige-stalls-mot-ukraina-i-playoff-till-vm\" ec-name=\"SVTs\" rel=\"nofollow noopener\" target=\"_blank\">SVTs <\/a>ekspert Jonas Eriksson.<\/p>\n<p>Danmark m\u00f8ter Nord-Makedonia i sin semifinale p\u00e5 hjemmebane. I en eventuell finale m\u00f8ter de vinneren av Tsjekkia og Irland p\u00e5 bortebane.<\/p>\n<p><a href=\"https:\/\/ekstrabladet.dk\/sport\/fodbold\/danmark-moeder-nordmakedonien-i-vm-playoff\/11015174\" ec-id=\"https:\/\/ekstrabladet.dk\/sport\/fodbold\/danmark-moeder-nordmakedonien-i-vm-playoff\/11015174\" ec-name=\"Ekstrabladet\" rel=\"nofollow noopener\" target=\"_blank\">Ekstrabladet <\/a>i Danmark kaller det en nedtur og en uheldig trekning at de m\u00e5 spille en eventuell finale p\u00e5 bortebane.<\/p>\n<p>\u2013 Skjebnen ville ha det til at Danmark trakk svarteper, skriver dem.<\/p>\n<p>Italia fra Norges gruppe m\u00f8ter Nord-Irland i sin semifinale p\u00e5 hjemmebane. I en eventuell finale m\u00f8ter de Wales eller Bosnia-Hercegovina p\u00e5 bortebane.<\/p>\n<p>I den interkontinentale kvalifiseringen skal Jamaica m\u00f8te Ny-Caledonia i semifinalen i pulje \u00e9n. Vinneren m\u00f8ter DR Kongo. I den andre puljen skal Surinam og Bolivia spille om \u00e5 m\u00f8te Irak i finalen.<\/p>\n<p>Vinneren fra hver sin pulje g\u00e5r til VM.<\/p>\n","protected":false},"excerpt":{"rendered":"Det ble klart i dag. Sverige m\u00f8ter Ukraina i sin semifinale p\u00e5 bortebane. I en eventuell finale m\u00f8ter&hellip;\n","protected":false},"author":2,"featured_media":91914,"comment_status":"","ping_status":"","sticky":false,"template":"","format":"standard","meta":{"footnotes":""},"categories":[59],"tags":[30,28,29,83,82],"class_list":{"0":"post-91913","1":"post","2":"type-post","3":"status-publish","4":"format-standard","5":"has-post-thumbnail","7":"category-sport","8":"tag-no","9":"tag-norge","10":"tag-norway","11":"tag-sport","12":"tag-sports"},"share_on_mastodon":{"url":"https:\/\/pubeurope.com\/@no\/115582155113013361","error":""},"_links":{"self":[{"href":"https:\/\/www.europesays.com\/no\/wp-json\/wp\/v2\/posts\/91913","targetHints":{"allow":["GET"]}}],"collection":[{"href":"https:\/\/www.europesays.com\/no\/wp-json\/wp\/v2\/posts"}],"about":[{"href":"https:\/\/www.europesays.com\/no\/wp-json\/wp\/v2\/types\/post"}],"author":[{"embeddable":true,"href":"https:\/\/www.europesays.com\/no\/wp-json\/wp\/v2\/users\/2"}],"replies":[{"embeddable":true,"href":"https:\/\/www.europesays.com\/no\/wp-json\/wp\/v2\/comments?post=91913"}],"version-history":[{"count":0,"href":"https:\/\/www.europesays.com\/no\/wp-json\/wp\/v2\/posts\/91913\/revisions"}],"wp:featuredmedia":[{"embeddable":true,"href":"https:\/\/www.europesays.com\/no\/wp-json\/wp\/v2\/media\/91914"}],"wp:attachment":[{"href":"https:\/\/www.europesays.com\/no\/wp-json\/wp\/v2\/media?parent=91913"}],"wp:term":[{"taxonomy":"category","embeddable":true,"href":"https:\/\/www.europesays.com\/no\/wp-json\/wp\/v2\/categories?post=91913"},{"taxonomy":"post_tag","embeddable":true,"href":"https:\/\/www.europesays.com\/no\/wp-json\/wp\/v2\/tags?post=91913"}],"curies":[{"name":"wp","href":"https:\/\/api.w.org\/{rel}","templated":true}]}}