{"id":91918,"date":"2025-11-20T13:04:11","date_gmt":"2025-11-20T13:04:11","guid":{"rendered":"https:\/\/www.europesays.com\/no\/91918\/"},"modified":"2025-11-20T13:04:11","modified_gmt":"2025-11-20T13:04:11","slug":"sarah-ferguson-rammes-av-skandale-barnebok-makulert-etter-andrew-kontrovers","status":"publish","type":"post","link":"https:\/\/www.europesays.com\/no\/91918\/","title":{"rendered":"Sarah Ferguson rammes av skandale: Barnebok makulert etter Andrew-kontrovers"},"content":{"rendered":"<p class=\"kicker \" style=\"\">Sarah Ferguson:<\/p>\n<p>  Sarah Ferguson rammes av bittert nederlag mens skandalen rundt eksen Andrew raser videre.<\/p>\n<p>\n    I HARDT V\u00c6R: Sarah Ferguson og eks-mannen Andrew Mountbatten-Windsor st\u00e5r for tiden i hardt v\u00e6r etter skandalen knyttet til overgrepsd\u00f8mte Jeffrey Epstein. Her avbildet under filmfestivalen i Cannes i 2024. Foto: SplashNews\/NTB\n  <\/p>\n<p>Sarah Ferguson (66) opplever et nytt kraftig tilbakeslag etter at <a href=\"https:\/\/www.seher.no\/kongelig\/fant-sexleketoy-pa-slottet\/83805262\" rel=\"nofollow noopener\" target=\"_blank\">skandalen rundt eksmannen, Andrew Mountbatten-Windsor<\/a>, fortsetter \u00e5 eskalere.<\/p>\n<p>    <a itemprop=\"url\" href=\"https:\/\/www.seher.no\/kongelig\/skjelver-i-buksene\/83862723\" rel=\"nofollow noopener\" target=\"_blank\"><\/p>\n<p>      <img loading=\"lazy\" decoding=\"async\" src=\"https:\/\/www.europesays.com\/no\/wp-content\/uploads\/2025\/11\/80768578.webp\" width=\"147\" height=\"98\" title=\"- Skjelver i buksene\" alt=\"\" class=\"lazyload\" style=\"--aspect-ratio-image: 1.50; \"\/><\/p>\n<p>        &#8211; Skjelver i buksene<\/p>\n<p>    <\/a><\/p>\n<p>If\u00f8lge\u00a0\u00a0<a href=\"https:\/\/pagesix.com\/2025\/11\/19\/celebrity-news\/sarah-ferguson-suffers-major-business-blow-amid-scandal-surrounding-ex-andrew-mountbatten-windsor\/\" rel=\"nofollow noopener\" target=\"_blank\">Page Six <\/a>er hennes kommende barnebok \u00abFlora and Fern: Kindness Along the Way\u00bb n\u00e5 fullstendig trukket tilbake.\u00a0<\/p>\n<p>Boken som egentlig skulle slippes 9. oktober, ble f\u00f8rst utsatt til 20. november, men n\u00e5 skal den angivelig rett og slett destrueres.<\/p>\n<p>          <img loading=\"lazy\" decoding=\"async\" src=\"https:\/\/www.europesays.com\/no\/wp-content\/uploads\/2025\/11\/83877052.webp\" width=\"686\" height=\"392\" title=\"NYGIFTE: Prins Andrew og Sarah Ferguson hilser jubelende folkemengder fra vognen sin etter bryllupet i Westminster Abbey i London, 23. juli 1986. Foto: Peter Kamp \/ NTB\" alt=\"\" class=\"\" style=\"--aspect-ratio-image: 1.75; \"\/><\/p>\n<p>\n          NYGIFTE: Prins Andrew og Sarah Ferguson hilser jubelende folkemengder fra vognen sin etter bryllupet i Westminster Abbey i London, 23. juli 1986. Foto: Peter Kamp \/ NTB\n      <\/p>\n<p>&#8211; Den er ikke utsatt, den blir \u00f8delagt. Ingen kommer til \u00e5 ville kj\u00f8pe den, sier en kilde til <a href=\"https:\/\/www.dailymail.co.uk\/news\/royals\/article-15303147\/Sarah-Fergusons-new-childrens-book-PULPED-former-Duchess-stripped-title-alongside-shamed-ex-husband-Andrew.html\" rel=\"nofollow noopener\" target=\"_blank\">Daily Mail<\/a>.\u00a0<\/p>\n<p class=\"font-weight-bold m-font-weight-bold\" data-lab-font_weight=\"font-weight-bold\">Sarah Fergusons talsperson har ikke kommentert saken.<\/p>\n<p>        PROVOSERER: Traileren til M\u00e4rtha Louise og Durek Verretts bryllupsdokumentar har satt sinnene i kok. Video: Netflix \/ Trailer: \u00abRebel Royals: An Unlikely Love Story\u00bb \/\/ Reporter: H\u00e5vard Bj\u00f8rnerem<\/p>\n<p>Den tidligere hertuginnen av York har st\u00e5tt i hardt v\u00e6r lenge. <a href=\"https:\/\/www.seher.no\/kjendis\/enormt-fall\/83798251\" rel=\"nofollow noopener\" target=\"_blank\">Tidligere denne m\u00e5neden fjernet kong Charles III<\/a> b\u00e5de prinsetittelen og tilgangen til Royal Lodge fra eksmannen Andrew, etter hans mange\u00e5rige tilknytning til den avd\u00f8de overgrepsd\u00f8mte finansmannen Jeffrey Epstein.<\/p>\n<p>Men ogs\u00e5 Sarah selv har f\u00e5tt merke konsekvensene: Hun har ogs\u00e5 mistet sin tittel og m\u00e5 flytte ut av huset hun delte med Andrew i over 20 \u00e5r.\u00a0<\/p>\n<p>          <img loading=\"lazy\" decoding=\"async\" src=\"https:\/\/www.europesays.com\/no\/wp-content\/uploads\/2025\/11\/83877073.webp\" width=\"980\" height=\"559\" title=\"SKILT: Prins Andrew og Sarah Ferguson ble separert i 1992 og skilte seg i 1996, etter \u00e5 ha v\u00e6rt gift i seks \u00e5r. Selv etter skilsmissen har de fortsatt \u00e5 bo sammen i Royal Lodge ved Windsor, angivelig av \u00f8konomiske og praktiske \u00e5rsaker. Foto: Tim Rooke \/ Shutterstock via NTB\" alt=\"\" class=\"\" style=\"--aspect-ratio-image: 1.75; \"\/><\/p>\n<p>\n          SKILT: Prins Andrew og Sarah Ferguson ble separert i 1992 og skilte seg i 1996, etter \u00e5 ha v\u00e6rt gift i seks \u00e5r. Selv etter skilsmissen har de fortsatt \u00e5 bo sammen i Royal Lodge ved Windsor, angivelig av \u00f8konomiske og praktiske \u00e5rsaker. Foto: Tim Rooke \/ Shutterstock via NTB\n      <\/p>\n<p>Sarah og Andrew, som var gift fra 1986 til 1996 og har d\u00f8trene prinsesse Beatrice (37) og prinsesse Eugenie (35) sammen, har begge hatt kontakt med Epstein.\u00a0<\/p>\n<p>    <a itemprop=\"url\" href=\"https:\/\/www.seher.no\/kjendis\/satt-pa-knaerne-og-skrek\/83875296\" rel=\"nofollow noopener\" target=\"_blank\"><\/p>\n<p>      <img loading=\"lazy\" decoding=\"async\" src=\"https:\/\/www.europesays.com\/no\/wp-content\/uploads\/2025\/11\/83875644.webp\" width=\"980\" height=\"441\" title=\"- Satt p\u00e5 kn\u00e6rne og skrek\" alt=\"\" class=\"lazyload\" style=\"--aspect-ratio-image: 2.22; \"\/><\/p>\n<p>        &#8211; Satt p\u00e5 kn\u00e6rne og skrek<\/p>\n<p>    <\/a><\/p>\n<p><a href=\"https:\/\/www.seher.no\/kjendis\/i-trobbel-etter-epstein-mail\/83624408\" rel=\"nofollow noopener\" target=\"_blank\">Sarah mottok if\u00f8lge rapporter et l\u00e5n p\u00e5 20 000<\/a> <a href=\"https:\/\/www.seher.no\/kjendis\/i-trobbel-etter-epstein-mail\/83624408\" rel=\"nofollow noopener\" target=\"_blank\">dollar<\/a> (n\u00e6rmere 200 000 norske kroner) fra ham, <a href=\"https:\/\/www.seher.no\/kjendis\/i-trobbel-etter-epstein-mail\/83624408\" rel=\"nofollow noopener\" target=\"_blank\">og sendte senere beklagende e-poster<\/a> der hun omtalte ham som \u00abdear Jeffrey\u00bb.<\/p>\n<p>Etter at e-postene kom frem i lyset tidligere i \u00e5r, har flere veldedige organisasjoner kuttet alle b\u00e5nd og samarbeid med henne.<\/p>\n<p>          <img loading=\"lazy\" decoding=\"async\" src=\"https:\/\/www.europesays.com\/no\/wp-content\/uploads\/2025\/11\/83877158.webp\" width=\"686\" height=\"460\" title=\"FAMILIETUR: Prins Andrew og Sarah Ferguson poserer sammen med d\u00f8trene prinsesse Eugenie (i bl\u00e5tt) og prinsesse Beatrice (i rosa) under en fotoseanse i skibakken i Verbier, Sveits, 18. februar 2001. Foto: Alan Davidson \/ REX via NTB\" alt=\"\" class=\"\" style=\"--aspect-ratio-image: 1.49; \"\/><\/p>\n<p>\n          FAMILIETUR: Prins Andrew og Sarah Ferguson poserer sammen med d\u00f8trene prinsesse Eugenie (i bl\u00e5tt) og prinsesse Beatrice (i rosa) under en fotoseanse i skibakken i Verbier, Sveits, 18. februar 2001. Foto: Alan Davidson \/ REX via NTB\n      <\/p>\n<p><a href=\"https:\/\/www.seher.no\/kjendis\/dode\/83010988\" rel=\"nofollow noopener\" target=\"_blank\">Epsteins offer Virginia Giuffre, som senere tok sitt eget liv<\/a>, hevdet i \u00e5revis at hun ble tvunget til \u00e5 ha sex med Andrew. Han har siden nektet for anklagene, men inngikk likevel et flersifret forlik med henne.<\/p>\n<p>If\u00f8lge Page Six er n\u00e5 vennene hennes \u00abmer bekymret for Sarah enn for Andrew\u00bb, og beskriver henne som \u00abp\u00e5 bristepunktet\u00bb.<\/p>\n","protected":false},"excerpt":{"rendered":"Sarah Ferguson: Sarah Ferguson rammes av bittert nederlag mens skandalen rundt eksen Andrew raser videre. I HARDT V\u00c6R:&hellip;\n","protected":false},"author":2,"featured_media":91919,"comment_status":"","ping_status":"","sticky":false,"template":"","format":"standard","meta":{"footnotes":""},"categories":[12],"tags":[20,21,24,25,15,479,2543,22,23,13,30,28,29,14,16,4840,4839,26,27,42,43,44,45],"class_list":{"0":"post-91918","1":"post","2":"type-post","3":"status-publish","4":"format-standard","5":"has-post-thumbnail","7":"category-verden","8":"tag-breaking-news","9":"tag-breakingnews","10":"tag-featured-news","11":"tag-featurednews","12":"tag-headlines","13":"tag-kjendis","14":"tag-kjendisdesken","15":"tag-latest-news","16":"tag-latestnews","17":"tag-news","18":"tag-no","19":"tag-norge","20":"tag-norway","21":"tag-nyheter","22":"tag-overskrifter","23":"tag-prins-andrew","24":"tag-sarah-ferguson","25":"tag-top-stories","26":"tag-topstories","27":"tag-verden","28":"tag-world","29":"tag-world-news","30":"tag-worldnews"},"share_on_mastodon":{"url":"https:\/\/pubeurope.com\/@no\/115582171119480380","error":""},"_links":{"self":[{"href":"https:\/\/www.europesays.com\/no\/wp-json\/wp\/v2\/posts\/91918","targetHints":{"allow":["GET"]}}],"collection":[{"href":"https:\/\/www.europesays.com\/no\/wp-json\/wp\/v2\/posts"}],"about":[{"href":"https:\/\/www.europesays.com\/no\/wp-json\/wp\/v2\/types\/post"}],"author":[{"embeddable":true,"href":"https:\/\/www.europesays.com\/no\/wp-json\/wp\/v2\/users\/2"}],"replies":[{"embeddable":true,"href":"https:\/\/www.europesays.com\/no\/wp-json\/wp\/v2\/comments?post=91918"}],"version-history":[{"count":0,"href":"https:\/\/www.europesays.com\/no\/wp-json\/wp\/v2\/posts\/91918\/revisions"}],"wp:featuredmedia":[{"embeddable":true,"href":"https:\/\/www.europesays.com\/no\/wp-json\/wp\/v2\/media\/91919"}],"wp:attachment":[{"href":"https:\/\/www.europesays.com\/no\/wp-json\/wp\/v2\/media?parent=91918"}],"wp:term":[{"taxonomy":"category","embeddable":true,"href":"https:\/\/www.europesays.com\/no\/wp-json\/wp\/v2\/categories?post=91918"},{"taxonomy":"post_tag","embeddable":true,"href":"https:\/\/www.europesays.com\/no\/wp-json\/wp\/v2\/tags?post=91918"}],"curies":[{"name":"wp","href":"https:\/\/api.w.org\/{rel}","templated":true}]}}