{"id":91922,"date":"2025-11-20T13:06:10","date_gmt":"2025-11-20T13:06:10","guid":{"rendered":"https:\/\/www.europesays.com\/no\/91922\/"},"modified":"2025-11-20T13:06:10","modified_gmt":"2025-11-20T13:06:10","slug":"ingen-nordisk-duell-i-vm-racet-slik-blir-omspillet","status":"publish","type":"post","link":"https:\/\/www.europesays.com\/no\/91922\/","title":{"rendered":"Ingen nordisk duell i VM-racet \u2013 slik blir omspillet"},"content":{"rendered":"\n<p class=\"_lead_o9xde_2 _lead_xtcu6_50 layout-component text-serif-m layout-normal text-serif-l layout-component layout-wide layout-padded _wide_17hqh_1 layout-padded\">Sverige kan kare seg til VM tross h\u00f8stens krisekvalifisering. I veien st\u00e5r Ukraina p\u00e5 bortebane og en finalekamp mot Polen eller Albania.<\/p>\n<ul class=\"_gallery_1qa3s_23\" tabindex=\"0\">\n<li class=\"_item_1qa3s_37\" data-index=\"0\"><img fetchpriority=\"high\" decoding=\"async\" class=\"_image_foru8_23 _introGallery_foru8_43\" data-fullscreen- width=\"5120\" height=\"3416\" itemprop=\"image\" loading=\"eager\"  src=\"https:\/\/www.europesays.com\/no\/wp-content\/uploads\/2025\/11\/c2c9d71e-0d14-4dbb-aa85-bd1f79be1db8\"  style=\"object-position:50% 50%;aspect-ratio:var(--gallery-aspect-ratio, 16 \/ 9)\"\/>Alexander Isak og Sverige f\u00e5r en ekstra sjanse til \u00e5 ta seg til VM.  Foto: Bj\u00f6rn Larsson \/ TT \/ AP \/ NTB<\/li>\n<li class=\"_item_1qa3s_37\" data-index=\"1\"><img decoding=\"async\" class=\"_image_foru8_23 _introGallery_foru8_43\" data-fullscreen- width=\"5317\" height=\"3543\" itemprop=\"image\" loading=\"lazy\"  src=\"https:\/\/www.europesays.com\/no\/wp-content\/uploads\/2025\/11\/c9c5f801-e498-4000-9780-45e831988e4a\"  style=\"object-position:50% 50%;aspect-ratio:var(--gallery-aspect-ratio, 16 \/ 9)\"\/>Denmark og Rasmus H\u00f8jlund rotet bort en sikker VM-plass. N\u00e5 m\u00e5 danskene ut i omspill.  Foto: Bo Amstrup \/ Ritzau Scanpix \/ AP \/ NTB<\/li>\n<li class=\"_item_1qa3s_37\" data-index=\"2\"><img decoding=\"async\" class=\"_image_foru8_23 _introGallery_foru8_43\" data-fullscreen- width=\"4025\" height=\"2683\" itemprop=\"image\" loading=\"lazy\"  src=\"https:\/\/www.europesays.com\/no\/wp-content\/uploads\/2025\/11\/2f8decef-1e20-42ae-89fc-983589cd163c\"  style=\"object-position:50% 50%;aspect-ratio:var(--gallery-aspect-ratio, 16 \/ 9)\"\/>Italia og stjernekeeper Gianluigi Donnarumma ble satt p\u00e5 plass av Norge og Erling Braut Haaland i VM-kvalifiseringen.  Foto: Fredrik Varfjell \/ NTB<\/li>\n<\/ul>\n<p>Alexander Isak og Sverige f\u00e5r en ekstra sjanse til \u00e5 ta seg til VM.  Foto: Bj\u00f6rn Larsson \/ TT \/ AP \/ NTB<\/p>\n<ul aria-hidden=\"true\" class=\"_images_18f0k_111\">\n<li><a class=\"_link_18f0k_116\" href=\"https:\/\/www.vg.no\/forfatter\/ntb\" style=\"z-index:1\" title=\"NTB\" rel=\"nofollow noopener\" target=\"_blank\"><img alt=\"Bilde av NTB\" class=\"_image_18f0k_93\" fetchpriority=\"low\" loading=\"lazy\" decoding=\"async\" itemprop=\"image\"  src=\"https:\/\/www.europesays.com\/no\/wp-content\/uploads\/2025\/11\/1763643970_658_c33980b0-5d07-4027-84a1-813f90a7c8d6\"  width=\"480\"\/><\/a><\/li>\n<\/ul>\n<p> Oppdatert torsdag 20. november kl. 14:03     <\/p>\n<p class=\"_paragraph_o9xde_4 _paragraph_xtcu6_10 layout-component text-serif-m layout-normal text-serif-m layout-padded\">Det ble klart da det europeiske omspillet ble trukket i Fifas hovedkvarter i Z\u00fcrich torsdag.<\/p>\n<p class=\"_paragraph_o9xde_4 _paragraph_xtcu6_10 layout-component text-serif-m layout-normal text-serif-m layout-padded\">Europas fire siste VM-billetter deles ut i slutten av mars, og 16 lag er med i racet. Tolv av dem ble toere i den ordin\u00e6re kvalifiseringen, mens Sverige fikk innpass som en av fire gruppevinnere i fjor\u00e5rets nasjonsliga.<\/p>\n<p class=\"_paragraph_o9xde_4 _paragraph_xtcu6_10 layout-component text-serif-m layout-normal text-serif-m layout-padded\">Danmark snublet p\u00e5 oppl\u00f8pet og s\u00e5 Skottland g\u00e5 direkte til VM. N\u00e5 er danskene avhengig av \u00e5 lykkes p\u00e5 omveien hjemme mot Nord-Makedonia. Deretter venter en avgj\u00f8rende kamp mot Tsjekkia eller Irland.<\/p>\n<p class=\"_paragraph_o9xde_4 _paragraph_xtcu6_10 layout-component text-serif-m layout-normal text-serif-m layout-padded\">Italia starter omspillet mot Nord-Irland. \u00abGli Azzurri\u00bb tapte begge sine kamper mot Norge med 1-7 i total m\u00e5lscore og risikerer \u00e5 misse VM for tredje gang p\u00e5 rad. Den stolte fotballnasjonen er firedobbelt verdensmester.<\/p>\n<p>   Miniturneringer<\/p>\n<p class=\"_paragraph_o9xde_4 _paragraph_xtcu6_10 layout-component text-serif-m layout-normal text-serif-m layout-padded\">Omspillet spilles som fire miniturneringer med semifinaler og finale. Slik endte trekningen:<\/p>\n<ul class=\"_list_o9xde_3 _list_xtcu6_9 _unordered_o9xde_106 layout-component text-serif-m layout-normal text-serif-m layout-padded\">\n<li class=\"_item_o9xde_30\">Turnering A: Italia \u2013 Nord-Irland, Wales \u2013 Bosnia-Hercegovina<\/li>\n<li class=\"_item_o9xde_30\">Turnering B: Ukraina \u2013 Sverige, Polen \u2013 Albania<\/li>\n<li class=\"_item_o9xde_30\">Turnering C: Tyrkia \u2013 Romania, Slovakia \u2013 Kosovo<\/li>\n<li class=\"_item_o9xde_30\">Turnering D: Danmark \u2013 Nord-Makedonia, Tsjekkia \u2013 Irland<\/li>\n<\/ul>\n<p class=\"_paragraph_o9xde_4 _paragraph_xtcu6_10 layout-component text-serif-m layout-normal text-serif-m layout-padded\">Nasjonene var p\u00e5 forh\u00e5nd delt inn i fire potter, der Italia, Danmark, Tyrkia og Ukraina var toppseedet. For semifinalene ble lag fra seedingspott 1 og 4 trukket mot hverandre, og det var tilsvarende kobling mellom pott 2 og 3. Lag i de to d\u00e5rligst rangerte pottene m\u00e5 spille p\u00e5 bortebane.<\/p>\n<p class=\"_paragraph_o9xde_4 _paragraph_xtcu6_10 layout-component text-serif-m layout-normal text-serif-m layout-padded\">Etter trekningen ble det klart at vinneren av Wales \u2013 Bosnia, Ukraina \u2013 Sverige, Slovakia \u2013 Kosovo og Tsjekkia \u2013 Irland f\u00e5r fordel av hjemmebane i finalekampene.<\/p>\n<p>   Alene fra Norden?<\/p>\n<p class=\"_paragraph_o9xde_4 _paragraph_xtcu6_10 layout-component text-serif-m layout-normal text-serif-m layout-padded\">Sverige plukket kun to poeng fra seks kamper og ble jumbo i en pulje med Sveits, Kosovo og Slovenia i den ordin\u00e6re VM-kvalifiseringen. Likevel er ikke h\u00e5pet ute for de bl\u00e5gule.<\/p>\n<p class=\"_paragraph_o9xde_4 _paragraph_xtcu6_10 layout-component text-serif-m layout-normal text-serif-m layout-padded\">Norge kan bli eneste nordiske lag i neste \u00e5rs VM-sluttspill i Nord-Amerika. St\u00e5le Solbakkens menn vant \u00e5tte av \u00e5tte kamper i kvalifiseringen.<\/p>\n<p class=\"_paragraph_o9xde_4 _paragraph_xtcu6_10 layout-component text-serif-m layout-normal text-serif-m layout-padded\">Ogs\u00e5 oppsettet for det interkontinentale omspillet ble klart torsdag. Der kjemper seks lag om to VM-plasser. Kongo og Irak er best plassert p\u00e5 Fifa-rankingen og g\u00e5r rett inn i hver sin finale.<\/p>\n<p class=\"_paragraph_o9xde_4 _paragraph_xtcu6_10 layout-component text-serif-m layout-normal text-serif-m layout-padded\">Ny-Caledonia og Jamaica m\u00f8ter hverandre for \u00e5 f\u00e5 avgj\u00f8rende spill mot Kongo, mens Irak f\u00e5r Bolivia eller Surinam som motstander.<\/p>\n<p class=\"_paragraph_o9xde_4 _paragraph_xtcu6_10 layout-component text-serif-m layout-normal text-serif-m layout-padded\">Alle disse kampene spilles i mars i Mexico, som noen m\u00e5neder senere er VM-arrang\u00f8r sammen med USA og Canada.<\/p>\n","protected":false},"excerpt":{"rendered":"Sverige kan kare seg til VM tross h\u00f8stens krisekvalifisering. I veien st\u00e5r Ukraina p\u00e5 bortebane og en finalekamp&hellip;\n","protected":false},"author":2,"featured_media":91923,"comment_status":"","ping_status":"","sticky":false,"template":"","format":"standard","meta":{"footnotes":""},"categories":[5],"tags":[20,21,8525,24,25,92,15,19,22,23,17,18,13,30,28,29,14,16,4551,26,27,4167],"class_list":{"0":"post-91922","1":"post","2":"type-post","3":"status-publish","4":"format-standard","5":"has-post-thumbnail","7":"category-overskrifter","8":"tag-breaking-news","9":"tag-breakingnews","10":"tag-danmarks-herrelandslag-fotball","11":"tag-featured-news","12":"tag-featurednews","13":"tag-fotball","14":"tag-headlines","15":"tag-hovedoppslag","16":"tag-latest-news","17":"tag-latestnews","18":"tag-main-news","19":"tag-mainnews","20":"tag-news","21":"tag-no","22":"tag-norge","23":"tag-norway","24":"tag-nyheter","25":"tag-overskrifter","26":"tag-sveriges-herrelandslag-fotball","27":"tag-top-stories","28":"tag-topstories","29":"tag-vm-kvalifisering"},"share_on_mastodon":{"url":"https:\/\/pubeurope.com\/@no\/115582179049641212","error":""},"_links":{"self":[{"href":"https:\/\/www.europesays.com\/no\/wp-json\/wp\/v2\/posts\/91922","targetHints":{"allow":["GET"]}}],"collection":[{"href":"https:\/\/www.europesays.com\/no\/wp-json\/wp\/v2\/posts"}],"about":[{"href":"https:\/\/www.europesays.com\/no\/wp-json\/wp\/v2\/types\/post"}],"author":[{"embeddable":true,"href":"https:\/\/www.europesays.com\/no\/wp-json\/wp\/v2\/users\/2"}],"replies":[{"embeddable":true,"href":"https:\/\/www.europesays.com\/no\/wp-json\/wp\/v2\/comments?post=91922"}],"version-history":[{"count":0,"href":"https:\/\/www.europesays.com\/no\/wp-json\/wp\/v2\/posts\/91922\/revisions"}],"wp:featuredmedia":[{"embeddable":true,"href":"https:\/\/www.europesays.com\/no\/wp-json\/wp\/v2\/media\/91923"}],"wp:attachment":[{"href":"https:\/\/www.europesays.com\/no\/wp-json\/wp\/v2\/media?parent=91922"}],"wp:term":[{"taxonomy":"category","embeddable":true,"href":"https:\/\/www.europesays.com\/no\/wp-json\/wp\/v2\/categories?post=91922"},{"taxonomy":"post_tag","embeddable":true,"href":"https:\/\/www.europesays.com\/no\/wp-json\/wp\/v2\/tags?post=91922"}],"curies":[{"name":"wp","href":"https:\/\/api.w.org\/{rel}","templated":true}]}}