{"id":91938,"date":"2025-11-20T13:19:17","date_gmt":"2025-11-20T13:19:17","guid":{"rendered":"https:\/\/www.europesays.com\/no\/91938\/"},"modified":"2025-11-20T13:19:17","modified_gmt":"2025-11-20T13:19:17","slug":"stavanger-lufthavn-sola-reise-norwegian-med-ny-sommerrute-fra-sola","status":"publish","type":"post","link":"https:\/\/www.europesays.com\/no\/91938\/","title":{"rendered":"Stavanger lufthavn Sola, Reise | Norwegian med ny sommerrute fra Sola"},"content":{"rendered":"\n<p>Kommende sommer blir det mulig \u00e5 fly med Norwegian fra Sola til Las Palmas.<\/p>\n<p>Las Palmas er p\u00e5 Gran Canaria og er den st\u00f8rste byen p\u00e5 Kanari\u00f8yene.<\/p>\n<p><b>\u2013 Sommerprogrammet 2026 er n\u00e5 klart, og vi er stolte av \u00e5 kunne tilby et attraktivt og bredt rutenettverk med flere direkteflyvninger fra Norden, sier Magnus Thome Maursund, kommersiell direkt\u00f8r i Norwegian i en pressemelding.<\/b><\/p>\n<p>Norwegian flyr totalt til 16 destinasjoner fra Stavanger neste sommer. 15 av dem er utenlandsruter.<\/p>\n<p>   <img decoding=\"async\" width=\"6000\" height=\"3368\" fetchpriority=\"low\"  loading=\"lazy\"  src=\"https:\/\/www.europesays.com\/no\/wp-content\/uploads\/2025\/11\/8Q1A1237+%281%29.jpg\" alt=\"Snart kan du reise direkte til Helsinki fra Sola.\" class=\"brick-c-cFOWSL\" style=\"--brick-image-ratio: 6000 \/ 3368;\"\/><\/p>\n<p>      Norwegian utvider tilbudet fra Stavanger lufthavn Sola.<br \/>\n      Foto: Geir S\u00f8ndeland\n    <\/p>\n<p>Nylig meldte flyselskapet Finnar at de <a href=\"https:\/\/www.rastavanger.no\/ny-utenlandsrute-fra-sola\/s\/5-165-176748\" rel=\"Follow nofollow noopener\" target=\"_blank\">\u00e5pner rute<\/a> mellom Helsinki og Stavanger fra 29. mars.<\/p>\n<p><b>Den nye ruten mellom Stavanger og Helsinki gir reisende fra Sola ogs\u00e5 muligheten til \u00e5 fly direkte til Stockholm.<\/b><\/p>\n<p>Ruten mellom den finske hovedstaden og Stavanger, vil nemlig hovedsakelig foreg\u00e5 med en mellomlanding i den svenske hovedstaden.<\/p>\n<p>  <a href=\"https:\/\/www.rastavanger.no\/5-165-176748\" class=\"related-teaser has-image default-story-teaser article--c-eRUmMG article--c-eRUmMG-jKCPdD-design-default\" rel=\"nofollow noopener\" target=\"_blank\"><\/p>\n<p>    <img decoding=\"async\" loading=\"lazy\"  src=\"https:\/\/www.europesays.com\/no\/wp-content\/uploads\/2025\/11\/8Q1A1237.jpg\" alt=\"\" class=\"brick-c-cFOWSL\" style=\"\"\/><\/p>\n<p>\n            Les ogs\u00e5<\/p>\n<p>              Ny utenlandsrute fra Sola\n        <\/p>\n<p>  <\/a><\/p>\n","protected":false},"excerpt":{"rendered":"Kommende sommer blir det mulig \u00e5 fly med Norwegian fra Sola til Las Palmas. Las Palmas er p\u00e5&hellip;\n","protected":false},"author":2,"featured_media":91939,"comment_status":"","ping_status":"","sticky":false,"template":"","format":"standard","meta":{"footnotes":""},"categories":[10],"tags":[36,20,21,24,25,12012,15,22,23,13,30,28,29,2379,14,16,1992,12011,1510,26,27],"class_list":{"0":"post-91938","1":"post","2":"type-post","3":"status-publish","4":"format-standard","5":"has-post-thumbnail","7":"category-norge","8":"tag-art","9":"tag-breaking-news","10":"tag-breakingnews","11":"tag-featured-news","12":"tag-featurednews","13":"tag-flyruter","14":"tag-headlines","15":"tag-latest-news","16":"tag-latestnews","17":"tag-news","18":"tag-no","19":"tag-norge","20":"tag-norway","21":"tag-norwegian","22":"tag-nyheter","23":"tag-overskrifter","24":"tag-reise","25":"tag-stavanger-lufthavn-sola","26":"tag-story","27":"tag-top-stories","28":"tag-topstories"},"share_on_mastodon":{"url":"https:\/\/pubeurope.com\/@no\/115582230351063787","error":""},"_links":{"self":[{"href":"https:\/\/www.europesays.com\/no\/wp-json\/wp\/v2\/posts\/91938","targetHints":{"allow":["GET"]}}],"collection":[{"href":"https:\/\/www.europesays.com\/no\/wp-json\/wp\/v2\/posts"}],"about":[{"href":"https:\/\/www.europesays.com\/no\/wp-json\/wp\/v2\/types\/post"}],"author":[{"embeddable":true,"href":"https:\/\/www.europesays.com\/no\/wp-json\/wp\/v2\/users\/2"}],"replies":[{"embeddable":true,"href":"https:\/\/www.europesays.com\/no\/wp-json\/wp\/v2\/comments?post=91938"}],"version-history":[{"count":0,"href":"https:\/\/www.europesays.com\/no\/wp-json\/wp\/v2\/posts\/91938\/revisions"}],"wp:featuredmedia":[{"embeddable":true,"href":"https:\/\/www.europesays.com\/no\/wp-json\/wp\/v2\/media\/91939"}],"wp:attachment":[{"href":"https:\/\/www.europesays.com\/no\/wp-json\/wp\/v2\/media?parent=91938"}],"wp:term":[{"taxonomy":"category","embeddable":true,"href":"https:\/\/www.europesays.com\/no\/wp-json\/wp\/v2\/categories?post=91938"},{"taxonomy":"post_tag","embeddable":true,"href":"https:\/\/www.europesays.com\/no\/wp-json\/wp\/v2\/tags?post=91938"}],"curies":[{"name":"wp","href":"https:\/\/api.w.org\/{rel}","templated":true}]}}