{"id":91942,"date":"2025-11-20T13:21:34","date_gmt":"2025-11-20T13:21:34","guid":{"rendered":"https:\/\/www.europesays.com\/no\/91942\/"},"modified":"2025-11-20T13:21:34","modified_gmt":"2025-11-20T13:21:34","slug":"har-fatt-ny-jobb-langrenn-com","status":"publish","type":"post","link":"https:\/\/www.europesays.com\/no\/91942\/","title":{"rendered":"Har f\u00e5tt ny jobb &#8211; Langrenn.com"},"content":{"rendered":"<p>Tiril Eckhoff r\u00f8per hva hun skal fylle tida med i vinter. Hun blir ekspertkommentator for skiskyting p\u00e5 HBO Max under OL i Milano\/Cortina. 35-\u00e5ringen er p\u00e5 \u00abutl\u00e5n\u00bb fra TV 2, der hun til vanlig er ekspertkommentator for skiskyting.\u00a0<\/p>\n<p>Sist det var OL, var Eckhoff p\u00e5 andre siden av mikrofonene. Fossum-l\u00f8peren tok med seg tre medaljer fra OL 2022 i Beijing: Gull p\u00e5 mixed stafetten, s\u00f8lv p\u00e5 fellesstarten og bronse p\u00e5 jaktstarten. Totalt har hun \u00e5tte OL-medaljer fra totalt tre vinterleker.\u00a0<\/p>\n<p>\u2013 OL er det aller st\u00f8rste \u00e5 f\u00e5 v\u00e6re med p\u00e5 som idrettsut\u00f8ver. Det syntes i alle fall jeg. Jeg ser frem til nye uforglemmelige idretts\u00f8yeblikk, som jeg gleder meg til \u00e5 formidle til seerne i stuene der hjemme, sier Tiril Eckhoff til <a href=\"https:\/\/www.eurosport.no\/ol\/milano-cortina-2026\/2026\/tiril-eckhoff-og-martin-johnsrud-sundby-blir-eksperter-for-hbo-max-under-ol-i-milano-og-cortina_sto23242500\/story.shtml\" rel=\"nofollow noopener\" target=\"_blank\">Warner Bros. Discovery<\/a>\u00a0<\/p>\n<p>Under vinterens OL blir Eckhoff ekspertkollega med en tidligere OL- og verdensmester, som ogs\u00e5 er ringrev i bransjen: Martin Johnsrud Sundby.\u00a0<\/p>\n<p><strong>Solid erfaring<\/strong><\/p>\n<p>Johnsrud Sundby har selv fem OL-medaljer, inkludert to gull fra OL 2018 i PyeongChang.\u00a0<\/p>\n<p>Han har tidligere v\u00e6rt ekspertkommentator i langrenn for Viaplay, men kommer til OL-jobben p\u00e5 HBO Max fra NRK, der han var ekspertkommentator for langrenn, som \u00abvikar\u00bb for Therese Johaug. Den rollen tar hun tilbake, n\u00e5 som hun er ferdig med VM-comebacken. Hun skal n\u00e5 dekke OL for NRK, som arrangeres bare et par uker etter at hun har termin med sitt andre barn.<\/p>\n<p><strong>Les mer:\u00a0<a href=\"https:\/\/www.langrenn.com\/langrenn-allround\/rett-fra-fodestua-til-ol-johaug-slar-tilbake-mot-mammapolitiet\/\" rel=\"nofollow noopener\" target=\"_blank\">Rett fra f\u00f8destua til OL: Johaug sl\u00e5r tilbake mot \u00abmammapolitiet\u00bb<\/a><\/strong><\/p>\n<p>\u2013 Etter 20 \u00e5r p\u00e5 andre kontinenter er OL endelig tilbake i Europa, og jeg gleder meg til \u00e5 ta fatt p\u00e5 dette mesterskapet. En historisk OL-by er igjen vertskap for lekene, og jeg er virkelig spent p\u00e5 hvordan OL anno 2026 i Cortina vil se ut, sier Martin Johnsrud Sundby.\u00a0<\/p>\n<p>Han er ogs\u00e5 spent p\u00e5 hvordan vinterens OL vil sl\u00e5 ut sportslig for de norske langrennsl\u00f8perne.\u00a0<\/p>\n<p>\u2013 VM i Trondheim \u00e5pnet for \u00e5 kunne dr\u00f8mme om et historisk godt OL i langrenns- l\u00f8ypa for Norge, men det er stor spenning knyttet til damesiden, og om de svenske damene kan snyte oss for alle gullene. Uten russerne p\u00e5 start er langrennsgutta store favoritter p\u00e5 alle \u00f8velser, men kan det komme overraskelser? Jeg tror det, og jeg gleder meg, sier han.<\/p>\n<p>Saken fortsetter under <\/p>\n<p><img fetchpriority=\"high\" decoding=\"async\" width=\"1024\" height=\"682\" src=\"https:\/\/www.europesays.com\/no\/wp-content\/uploads\/2025\/11\/SUNDBY-Martin-Johnsrud-interview-004-1024x682.jpg.webp.webp\" alt=\"\" class=\"wp-image-265023\"  \/>Martin Johnsrud Sunday. Foto: Rolf  Zetterberg<\/p>\n<p>Slik blir sendingene<\/p>\n<p>Eckhoff og Sundby er de to f\u00f8rste navnene som Warner Bros. Discovery slipper. Carina Olset Hovda, Susanne J\u00f8rstad Wergeland, Carsten Skjelbreid og Asbj\u00f8rn Myhre<\/p>\n<p>OL-sendingene p\u00e5 HBO Max blir tilgjengelige for alle, uansett kanalpakke, samt p\u00e5 Eurosport og discovery + i Norge.\u00a0<\/p>\n<p>Det er NRK som har rettighetene til OL 2026 i Norge, og vil sende alle konkurransene.\u00a0<\/p>\n<p>OL 2026 i Milano\/Cortina g\u00e5r fra 6. til 22. februar. Langrenns\u00f8velsene g\u00e5r i Val di Fiemme, mens skiskyting g\u00e5r i Anterselva.\u00a0<\/p>\n","protected":false},"excerpt":{"rendered":"Tiril Eckhoff r\u00f8per hva hun skal fylle tida med i vinter. Hun blir ekspertkommentator for skiskyting p\u00e5 HBO&hellip;\n","protected":false},"author":2,"featured_media":91943,"comment_status":"","ping_status":"","sticky":false,"template":"","format":"standard","meta":{"footnotes":""},"categories":[59],"tags":[7807,30,28,29,10469,83,82,2287],"class_list":{"0":"post-91942","1":"post","2":"type-post","3":"status-publish","4":"format-standard","5":"has-post-thumbnail","7":"category-sport","8":"tag-martin-johnsrud-sundby","9":"tag-no","10":"tag-norge","11":"tag-norway","12":"tag-ol-2026","13":"tag-sport","14":"tag-sports","15":"tag-tiril-eckhoff"},"share_on_mastodon":{"url":"https:\/\/pubeurope.com\/@no\/115582237635341364","error":""},"_links":{"self":[{"href":"https:\/\/www.europesays.com\/no\/wp-json\/wp\/v2\/posts\/91942","targetHints":{"allow":["GET"]}}],"collection":[{"href":"https:\/\/www.europesays.com\/no\/wp-json\/wp\/v2\/posts"}],"about":[{"href":"https:\/\/www.europesays.com\/no\/wp-json\/wp\/v2\/types\/post"}],"author":[{"embeddable":true,"href":"https:\/\/www.europesays.com\/no\/wp-json\/wp\/v2\/users\/2"}],"replies":[{"embeddable":true,"href":"https:\/\/www.europesays.com\/no\/wp-json\/wp\/v2\/comments?post=91942"}],"version-history":[{"count":0,"href":"https:\/\/www.europesays.com\/no\/wp-json\/wp\/v2\/posts\/91942\/revisions"}],"wp:featuredmedia":[{"embeddable":true,"href":"https:\/\/www.europesays.com\/no\/wp-json\/wp\/v2\/media\/91943"}],"wp:attachment":[{"href":"https:\/\/www.europesays.com\/no\/wp-json\/wp\/v2\/media?parent=91942"}],"wp:term":[{"taxonomy":"category","embeddable":true,"href":"https:\/\/www.europesays.com\/no\/wp-json\/wp\/v2\/categories?post=91942"},{"taxonomy":"post_tag","embeddable":true,"href":"https:\/\/www.europesays.com\/no\/wp-json\/wp\/v2\/tags?post=91942"}],"curies":[{"name":"wp","href":"https:\/\/api.w.org\/{rel}","templated":true}]}}