{"id":91956,"date":"2025-11-20T13:31:13","date_gmt":"2025-11-20T13:31:13","guid":{"rendered":"https:\/\/www.europesays.com\/no\/91956\/"},"modified":"2025-11-20T13:31:13","modified_gmt":"2025-11-20T13:31:13","slug":"stordalen-satser-pa-boligbrakker","status":"publish","type":"post","link":"https:\/\/www.europesays.com\/no\/91956\/","title":{"rendered":"Stordalen satser p\u00e5 boligbrakker"},"content":{"rendered":"<p>\n        Petter Stordalen g\u00e5r inn i markedet for brakkeboliger. F\u00f8rste prosjekt er i Sverige og Lule\u00e5. Foto: Terje Pedersen\/NTB<\/p>\n<p>    Petter Stordalens Strawberry skal drifte 2.000 prosjektboliger for st\u00e5lelskapet SSAB i Lule\u00e5 i Sverige. Adapteo bygger brakkeboligene som markerer starten p\u00e5 en nordisk satsing.\u00a0<\/p>\n<p>             Mange bedrifter har tegnet bedriftsavtale hos oss.<br \/>\n<br \/>\nDen l\u00f8sningen gir alle med e-post inneholdende bedriftens maildomene tilgang.<br \/>\n<br \/>\nLurer du p\u00e5 om din bedrift har en bedriftsl\u00f8sning?<br \/>\n<br \/>\nSend oss en mail, s\u00e5 sjekker vi det ut for deg.<\/p>\n<p>Andre sp\u00f8rsm\u00e5l? <a href=\"https:\/\/www.bygg.no\/hotell-moduler-stal\/stordalen-satser-pa-boligbrakker\/mailto:digital@bygg.no\" rel=\"nofollow noopener\" target=\"_blank\">Kontakt oss<\/a><\/p>\n","protected":false},"excerpt":{"rendered":"Petter Stordalen g\u00e5r inn i markedet for brakkeboliger. F\u00f8rste prosjekt er i Sverige og Lule\u00e5. Foto: Terje Pedersen\/NTB&hellip;\n","protected":false},"author":2,"featured_media":91957,"comment_status":"","ping_status":"","sticky":false,"template":"","format":"standard","meta":{"footnotes":""},"categories":[56],"tags":[60,61,62,30,28,29],"class_list":{"0":"post-91956","1":"post","2":"type-post","3":"status-publish","4":"format-standard","5":"has-post-thumbnail","7":"category-naeringsliv","8":"tag-business","9":"tag-economy","10":"tag-naeringsliv","11":"tag-no","12":"tag-norge","13":"tag-norway"},"share_on_mastodon":{"url":"https:\/\/pubeurope.com\/@no\/115582277107364083","error":""},"_links":{"self":[{"href":"https:\/\/www.europesays.com\/no\/wp-json\/wp\/v2\/posts\/91956","targetHints":{"allow":["GET"]}}],"collection":[{"href":"https:\/\/www.europesays.com\/no\/wp-json\/wp\/v2\/posts"}],"about":[{"href":"https:\/\/www.europesays.com\/no\/wp-json\/wp\/v2\/types\/post"}],"author":[{"embeddable":true,"href":"https:\/\/www.europesays.com\/no\/wp-json\/wp\/v2\/users\/2"}],"replies":[{"embeddable":true,"href":"https:\/\/www.europesays.com\/no\/wp-json\/wp\/v2\/comments?post=91956"}],"version-history":[{"count":0,"href":"https:\/\/www.europesays.com\/no\/wp-json\/wp\/v2\/posts\/91956\/revisions"}],"wp:featuredmedia":[{"embeddable":true,"href":"https:\/\/www.europesays.com\/no\/wp-json\/wp\/v2\/media\/91957"}],"wp:attachment":[{"href":"https:\/\/www.europesays.com\/no\/wp-json\/wp\/v2\/media?parent=91956"}],"wp:term":[{"taxonomy":"category","embeddable":true,"href":"https:\/\/www.europesays.com\/no\/wp-json\/wp\/v2\/categories?post=91956"},{"taxonomy":"post_tag","embeddable":true,"href":"https:\/\/www.europesays.com\/no\/wp-json\/wp\/v2\/tags?post=91956"}],"curies":[{"name":"wp","href":"https:\/\/api.w.org\/{rel}","templated":true}]}}