{"id":91958,"date":"2025-11-20T13:32:30","date_gmt":"2025-11-20T13:32:30","guid":{"rendered":"https:\/\/www.europesays.com\/no\/91958\/"},"modified":"2025-11-20T13:32:30","modified_gmt":"2025-11-20T13:32:30","slug":"jens-stoltenberg-oppfordrer-nordmenn-i-kobenhavn-til-a-stemme-i-lokalvalget-nrk-urix-utenriksnyheter-og-dokumentarer","status":"publish","type":"post","link":"https:\/\/www.europesays.com\/no\/91958\/","title":{"rendered":"Jens Stoltenberg oppfordrer nordmenn i K\u00f8benhavn til \u00e5 stemme i lokalvalget \u2013 NRK Urix \u2013 Utenriksnyheter og -dokumentarer"},"content":{"rendered":"<p><strong>\u2013 Nordmenn i K\u00f8benhavn m\u00e5 bruka stemmeretten. Stem p\u00e5 Pernille, stem p\u00e5 Sosialdemokratene, for det er bra for K\u00f8benhavn.<\/strong><\/p>\n<p>Det seier finansminister Jens Stoltenberg (Ap).<\/p>\n<p>Sj\u00f8lv om nordmenn er vane med \u00e5 sj\u00e5 han dukka opp i valkampvideoar, er det nok ikkje heilt dagleg kost for danskar.<\/p>\n<p>Stoltenberg har stilt opp i minst to videoar der han snakkar om det danske lokalvalet. I den eine <a href=\"https:\/\/www.facebook.com\/watch\/?v=1870020220252053\" ec-id=\"https:\/\/www.facebook.com\/watch\/\" ec-name=\"oppfordrar han til \u00e5 stemma p\u00e5 Pernille Rosenkrantz-Theil\" rel=\"nofollow noopener\" target=\"_blank\">oppfordrar han til \u00e5 stemma p\u00e5 Pernille Rosenkrantz-Theil<\/a>, i den <a href=\"https:\/\/www.instagram.com\/p\/DRHPbh6iBUw\/?hl=en\" ec-id=\"https:\/\/www.instagram.com\/p\/DRHPbh6iBUw\/\" ec-name=\"andre p\u00e5 Jonas Manthey Olsen\" rel=\"nofollow noopener\" target=\"_blank\">andre p\u00e5 Jonas Manthey Olsen<\/a>.<\/p>\n<p>B\u00e5e er p\u00e5 lista til Socialdemokratiet i K\u00f8benhavn i tysdagens lokalval. Klokka 20 stengde vallokala.<\/p>\n<p>Fordi det er lokalval, er det fleire enn berre danske statsborgarar som har stemmerett.<\/p>\n<p><img decoding=\"async\"   src=\"data:image\/gif;base64,R0lGODlhAQABAIAAAAAAAP\/\/\/yH5BAEAAAAALAAAAAABAAEAAAIBRAA7\" loading=\"eager\" alt=\"Jens Stoltenberg smiler p\u00e5 en selfie med Jonas Manthey Olsen og Pernille Rosenkrantz-Theil\" title=\"Faksimile: @socialdemokratietkbh p\u00e5 Instagram\"\/><\/p>\n<p class=\"\">\u2013 Me var heilt \u00e6rleg starstruck d\u00e5 me skulle m\u00f8ta Jens Stoltenberg, skriv den danske politikaren Jonas Manthey Olsen. Her med Stoltenberg og Pernille Rosenkrantz-Theil, som \u00f2g stiller til val for Socialdemokratiet i K\u00f8benhavn.<\/p>\n<p>Faksimile: @socialdemokratietkbh p\u00e5 Instagram<\/p>\n<p><strong>Stoltenbergs videobidrag fekk Raudt-politikar M\u00edmir Kristj\u00e1nsson til \u00e5 rykka ut med ein eigen sp\u00f8kefull video \u2013 retta mot islendingar i K\u00f8benhavn.<\/strong><\/p>\n<p>\u2013 Eg vonar at de stemmer p\u00e5 Enhedslisten. Ikkje h\u00f8yr p\u00e5 Jens Stoltenberg, alt han seier er berre s\u00f8ppel, seier Kristj\u00e1nsson p\u00e5 islandsk.<\/p>\n<p>Det er knytt store forventingar til det danske lokalvalet, fordi resultatet kan vera ein peikepinn p\u00e5 korleis det vil g\u00e5 i folketingsvalet neste \u00e5r.<\/p>\n<p>Spesielt i K\u00f8benhavn er mange spente p\u00e5 resultatet, fordi det ser ut til at Socialdemokratiet kan tapa valet etter 122 \u00e5r ved makta.<\/p>\n<p><strong>Og veljarane g\u00e5r ikkje til h\u00f8gre \u2013 dei g\u00e5r lenger til venstre. <\/strong><\/p>\n<p>Tvilar p\u00e5 effekten<\/p>\n<p>Kva synest eigentleg danskane sj\u00f8lve om det dei norske politikarane gjer?<\/p>\n<p>\u2013 Det kjem ganske overraskande p\u00e5, seier Jens Ringberg, politisk analytikar i DR.<\/p>\n<p>Han tvilar likevel p\u00e5 at oppfordringane fr\u00e5 dei norske politikarane vil ha stort \u00e5 seia for valresultatet.<\/p>\n<p><strong>\u2013 Heilt \u00e6rleg, og med djup respekt for Stoltenberg og det norske folk: Eg trur ikkje det vil gjera nokon forskjell, seier Ringberg.<\/strong><\/p>\n<p><img decoding=\"async\"   src=\"data:image\/gif;base64,R0lGODlhAQABAIAAAAAAAP\/\/\/yH5BAEAAAAALAAAAAABAAEAAAIBRAA7\" loading=\"eager\" alt=\"Jens Stoltenberg klemmer Danmarks statsminister Mette Frederiksen, som man ser ryggen p\u00e5\" title=\"Foto: Mads Claus Rasmussen\/Ritzau Scanpix \/ Ritzau Scanpix \/ NTB\"\/><\/p>\n<p class=\"\">Likt dei fleste nordmenn har Stoltenberg vore i Danmark fleire gonger. Men det er nok ikkje like mange som har f\u00e5tt ein klem av statsminister Mette Frederiksen.<\/p>\n<p>Foto: Mads Claus Rasmussen\/Ritzau Scanpix \/ Ritzau Scanpix \/ NTB<\/p>\n<p>Han skildrar Jens Stoltenberg som sv\u00e6rt popul\u00e6r i Danmark.<\/p>\n<p>\u2013 Eg trur ikkje det vil \u00f8ydelegga hans gode namn og rykte her, men eg trur heller ikkje det vil f\u00e5 nokon s\u00e6rleg effekt p\u00e5 valet. S\u00e5 \u00abnice try\u00bb, som det heiter, seier Ringberg og ler litt.<\/p>\n<p>\u2013 F\u00f8rer til st\u00f8y<\/p>\n<p><strong>\u2013 Det er sv\u00e6rt usedvanleg, seier Bent Winther, politisk kommentator i den danske avisa Berlingske.<\/strong><\/p>\n<p>Han kan ikkje huska \u00e5 ha sett liknande oppmodingar fr\u00e5 andre lands toppolitikarar.<\/p>\n<p>\u2013 Synest du det kryssar ei grense n\u00e5r internasjonale politikarar blandar seg i val i andre land p\u00e5 denne m\u00e5ten?<\/p>\n<p><strong>\u2013 Ja, det synest eg det gjer. Eg syns ein skal la vera \u00e5 gjera det, fordi det f\u00f8rer til st\u00f8y, svarar Winther.<\/strong><\/p>\n<p><img decoding=\"async\"   src=\"data:image\/gif;base64,R0lGODlhAQABAIAAAAAAAP\/\/\/yH5BAEAAAAALAAAAAABAAEAAAIBRAA7\" loading=\"eager\" alt=\"En mann sitter ved et bord i en gymsal og holder opp store valgsedler p\u00e5, rundt st\u00e5r det flere mennesker.\" title=\"Foto: MARTIN SYLVEST \/ AFP \/ NTB\"\/><\/p>\n<p class=\"\">Det danske lokalvalet har skapt mykje spenning. Her fr\u00e5 eit vallokale i K\u00f8benhavn tysdag.<\/p>\n<p>Foto: MARTIN SYLVEST \/ AFP \/ NTB<\/p>\n<p>Han peikar p\u00e5 at politikarar som allereie sit med makta, kan f\u00e5 ein fordel av at dei kjenner toppolitikarar i andre land og f\u00e5 dei til \u00e5 stilla opp med slike oppfordringar.<\/p>\n<p>\u2013 Det er \u00f2g noko som kan utvikla seg til \u00e5 verta ein kjempetrend, der alle moglege blandar seg, seier Winther.<\/p>\n<p>NRK har bede om ein kommentar fr\u00e5 Stoltenberg om saka. Han har ikkje svart, men ein r\u00e5dgjevar i Finansdepartementet sender ein kommentar fr\u00e5 statssekret\u00e6r Sissel Kruse Larsen.<\/p>\n<p>\u00abSlik v\u00e5re sosialdemokratiske venner har stilt opp for oss i valgkamper, stiller vi opp for dem n\u00e5. Det er det lang tradisjon for i Norden og er ikke noe nytt. Vi \u00f8nsker Socialdemokratene lykke til med et viktig valg for K\u00f8benhavn\u00bb, heiter det i utsegna.<\/p>\n<p>Ville skapa merksemd om valet<\/p>\n<p>M\u00edmir Kristj\u00e1nsson (R) seier videoen hans var meint mest som eit sp\u00f8kefullt svar p\u00e5 videobidraga fr\u00e5 Stoltenberg.<\/p>\n<p>\u2013 Eg skj\u00f8nar at Stoltenberg har betre tak p\u00e5 nordmenn enn eg, s\u00e5 eg m\u00e5tte finna ei anna gruppe i K\u00f8benhavn. D\u00e5 tenkte eg at det var islendingane, seier Kristj\u00e1nsson og ler litt.<\/p>\n<p><img decoding=\"async\"   src=\"data:image\/gif;base64,R0lGODlhAQABAIAAAAAAAP\/\/\/yH5BAEAAAAALAAAAAABAAEAAAIBRAA7\" loading=\"eager\" alt=\"M\u00edmir Kristj\u00e1nsson, oljepionerene og Kielland-nettverket m\u00f8tes p\u00e5 Stavanger oljemuseum.\" title=\"Foto: Simon Elias Bogen \/ NRK\"\/><\/p>\n<p class=\"\">Islendingen M\u00edmir Kristj\u00e1nsson (R) i islendar. Den hadde han \u00f2g p\u00e5 seg i videoen der han pr\u00f8vde \u00e5 n\u00e5 fram til islendingar i K\u00f8benhavn.<\/p>\n<p>Foto: Simon Elias Bogen \/ NRK<\/p>\n<p>Han tvilar p\u00e5 at videoane vil ha s\u00e5 mykje \u00e5 seia for valresultatet.<\/p>\n<p>\u2013 Eg vonar jo at det er nokre islendingar der som kjem seg til vallokala og stemmer p\u00e5 Enhedslisten. Men videoen er meir for \u00e5 skapa merksemd i Noreg om det som er eit ganske interessant val, seier han.<\/p>\n<p>\u2013 Ein dansk kommentator meiner det kryssar ei grense og at det kan skapa st\u00f8y i ein allereie ganske t\u00f8ff valkamp. Kva seier du til det?<\/p>\n<p>\u2013 Eg trur det er litt avgrensa b\u00e5de kor mykje nytte videoane gjer, og mykje skade dei gjer. Og det er kanskje ikkje vits i \u00e5 ta alt s\u00e5 d\u00f8dsens seri\u00f8st, svarar Kristj\u00e1nsson.<\/p>\n<p>Publisert<\/p>\n<p>18.11.2025, kl. 20.34<\/p>\n<p>Oppdatert<\/p>\n<p>18.11.2025, kl. 21.34<\/p>\n<p><script async src=\"\/\/www.instagram.com\/embed.js\"><\/script><\/p>\n","protected":false},"excerpt":{"rendered":"\u2013 Nordmenn i K\u00f8benhavn m\u00e5 bruka stemmeretten. Stem p\u00e5 Pernille, stem p\u00e5 Sosialdemokratene, for det er bra for&hellip;\n","protected":false},"author":2,"featured_media":91959,"comment_status":"","ping_status":"","sticky":false,"template":"","format":"standard","meta":{"footnotes":""},"categories":[12],"tags":[20,21,24,25,15,22,23,13,30,28,29,14,16,26,27,42,43,44,45],"class_list":{"0":"post-91958","1":"post","2":"type-post","3":"status-publish","4":"format-standard","5":"has-post-thumbnail","7":"category-verden","8":"tag-breaking-news","9":"tag-breakingnews","10":"tag-featured-news","11":"tag-featurednews","12":"tag-headlines","13":"tag-latest-news","14":"tag-latestnews","15":"tag-news","16":"tag-no","17":"tag-norge","18":"tag-norway","19":"tag-nyheter","20":"tag-overskrifter","21":"tag-top-stories","22":"tag-topstories","23":"tag-verden","24":"tag-world","25":"tag-world-news","26":"tag-worldnews"},"share_on_mastodon":{"url":"https:\/\/pubeurope.com\/@no\/115582281022478219","error":""},"_links":{"self":[{"href":"https:\/\/www.europesays.com\/no\/wp-json\/wp\/v2\/posts\/91958","targetHints":{"allow":["GET"]}}],"collection":[{"href":"https:\/\/www.europesays.com\/no\/wp-json\/wp\/v2\/posts"}],"about":[{"href":"https:\/\/www.europesays.com\/no\/wp-json\/wp\/v2\/types\/post"}],"author":[{"embeddable":true,"href":"https:\/\/www.europesays.com\/no\/wp-json\/wp\/v2\/users\/2"}],"replies":[{"embeddable":true,"href":"https:\/\/www.europesays.com\/no\/wp-json\/wp\/v2\/comments?post=91958"}],"version-history":[{"count":0,"href":"https:\/\/www.europesays.com\/no\/wp-json\/wp\/v2\/posts\/91958\/revisions"}],"wp:featuredmedia":[{"embeddable":true,"href":"https:\/\/www.europesays.com\/no\/wp-json\/wp\/v2\/media\/91959"}],"wp:attachment":[{"href":"https:\/\/www.europesays.com\/no\/wp-json\/wp\/v2\/media?parent=91958"}],"wp:term":[{"taxonomy":"category","embeddable":true,"href":"https:\/\/www.europesays.com\/no\/wp-json\/wp\/v2\/categories?post=91958"},{"taxonomy":"post_tag","embeddable":true,"href":"https:\/\/www.europesays.com\/no\/wp-json\/wp\/v2\/tags?post=91958"}],"curies":[{"name":"wp","href":"https:\/\/api.w.org\/{rel}","templated":true}]}}