{"id":91962,"date":"2025-11-20T13:34:11","date_gmt":"2025-11-20T13:34:11","guid":{"rendered":"https:\/\/www.europesays.com\/no\/91962\/"},"modified":"2025-11-20T13:34:11","modified_gmt":"2025-11-20T13:34:11","slug":"hogmo-naermer-seg-ny-jobb","status":"publish","type":"post","link":"https:\/\/www.europesays.com\/no\/91962\/","title":{"rendered":"H\u00f8gmo n\u00e6rmer seg ny jobb"},"content":{"rendered":"<p> Det er bare detaljer som gjenst\u00e5r f\u00f8r Per-Mathias H\u00f8gmo blir presentert som ny hovedtrener for Ludogorets.\u00a0<\/p>\n<p>Det er\u00a0<a href=\"https:\/\/www.aftonbladet.se\/sportbladet\/a\/vrW52m\/avslojar-per-mathias-hogmo-pa-vag-att-ta-over-ludogorets\" target=\"_blank\" style=\"letter-spacing: 0.01em;\" rel=\"nofollow noopener\">svenske Aftonbladet<\/a>\u00a0som erfarer nyheten.<\/p>\n<p>Ogs\u00e5 <a href=\"https:\/\/www.nrk.no\/sport\/nrk-erfarer_-per-mathias-hogmo-i-samtaler-med-bulgarsk-klubb-1.17660421\" rel=\"nofollow noopener\" target=\"_blank\">NRK<\/a> sitter p\u00e5 de samme opplysningene.<\/p>\n<p>H\u00f8gmo har v\u00e6rt uten trenerjobb siden han fikk sparken i Molde i slutten av september.\u00a0<\/p>\n<p>N\u00e5 er han muntlig enig med den bulgarske klubben, og signeringen ventes \u00e5 skje i l\u00f8pet av de n\u00e6rmeste dagene.<\/p>\n<p>\u2013 Duoen ventes presentert innen en uke, om ikke noe uforutsett skjer, skriver Aftonbladet.<\/p>\n<p>Med seg til Bulgaria f\u00e5r H\u00f8gmo den svenske treneren Christoffer Augustsson, som tidligere har v\u00e6rt assistenttrener i svenske Mj\u00e4llby.\u00a0<\/p>\n<p>De to skal sammen lede Ludogorets, som for tiden ligger p\u00e5 femteplass i den bulgarske toppdivisjonen.<\/p>\n<p>H\u00f8gmo f\u00f8rte svenske H\u00e4cken til seriegull i 2022, f\u00f8r han tok turen til Japan og klubben Urawa Red Diamonds. Deretter vendte han hjem til Norge og Molde, men fikk alts\u00e5 sparken etter bare \u00e9n sesong. <\/p>\n","protected":false},"excerpt":{"rendered":"Det er bare detaljer som gjenst\u00e5r f\u00f8r Per-Mathias H\u00f8gmo blir presentert som ny hovedtrener for Ludogorets.\u00a0 Det er\u00a0svenske&hellip;\n","protected":false},"author":2,"featured_media":91963,"comment_status":"","ping_status":"","sticky":false,"template":"","format":"standard","meta":{"footnotes":""},"categories":[5],"tags":[20,21,24,25,15,19,22,23,17,18,13,30,28,29,14,16,26,27],"class_list":{"0":"post-91962","1":"post","2":"type-post","3":"status-publish","4":"format-standard","5":"has-post-thumbnail","7":"category-overskrifter","8":"tag-breaking-news","9":"tag-breakingnews","10":"tag-featured-news","11":"tag-featurednews","12":"tag-headlines","13":"tag-hovedoppslag","14":"tag-latest-news","15":"tag-latestnews","16":"tag-main-news","17":"tag-mainnews","18":"tag-news","19":"tag-no","20":"tag-norge","21":"tag-norway","22":"tag-nyheter","23":"tag-overskrifter","24":"tag-top-stories","25":"tag-topstories"},"share_on_mastodon":{"url":"https:\/\/pubeurope.com\/@no\/115582288819245866","error":""},"_links":{"self":[{"href":"https:\/\/www.europesays.com\/no\/wp-json\/wp\/v2\/posts\/91962","targetHints":{"allow":["GET"]}}],"collection":[{"href":"https:\/\/www.europesays.com\/no\/wp-json\/wp\/v2\/posts"}],"about":[{"href":"https:\/\/www.europesays.com\/no\/wp-json\/wp\/v2\/types\/post"}],"author":[{"embeddable":true,"href":"https:\/\/www.europesays.com\/no\/wp-json\/wp\/v2\/users\/2"}],"replies":[{"embeddable":true,"href":"https:\/\/www.europesays.com\/no\/wp-json\/wp\/v2\/comments?post=91962"}],"version-history":[{"count":0,"href":"https:\/\/www.europesays.com\/no\/wp-json\/wp\/v2\/posts\/91962\/revisions"}],"wp:featuredmedia":[{"embeddable":true,"href":"https:\/\/www.europesays.com\/no\/wp-json\/wp\/v2\/media\/91963"}],"wp:attachment":[{"href":"https:\/\/www.europesays.com\/no\/wp-json\/wp\/v2\/media?parent=91962"}],"wp:term":[{"taxonomy":"category","embeddable":true,"href":"https:\/\/www.europesays.com\/no\/wp-json\/wp\/v2\/categories?post=91962"},{"taxonomy":"post_tag","embeddable":true,"href":"https:\/\/www.europesays.com\/no\/wp-json\/wp\/v2\/tags?post=91962"}],"curies":[{"name":"wp","href":"https:\/\/api.w.org\/{rel}","templated":true}]}}