{"id":91976,"date":"2025-11-20T13:48:13","date_gmt":"2025-11-20T13:48:13","guid":{"rendered":"https:\/\/www.europesays.com\/no\/91976\/"},"modified":"2025-11-20T13:48:13","modified_gmt":"2025-11-20T13:48:13","slug":"nyhetsankerens-siste-dag-i-tv2","status":"publish","type":"post","link":"https:\/\/www.europesays.com\/no\/91976\/","title":{"rendered":"Nyhetsankerens siste dag i TV2"},"content":{"rendered":"<p class=\"kicker \" style=\"\">Arill Riise:\u00a0<\/p>\n<p>  TV 2s folkekj\u00e6re nyhetsanker\u00a0gir seg etter 42 \u00e5r i mediebransjen.<\/p>\n<p>\n    TV-FJES: Arill Riise under partilederdebatten p\u00e5 TV 2 i 2021. Gjennom flere ti\u00e5r har han v\u00e6rt en fast skikkelse i nyhetssendingene p\u00e5 kanalen. Foto: Marit Hommedal \/ NTB\n  <\/p>\n<p> N\u00e5 er det slutt. TV 2s nyhetsanker gjennom 15 \u00e5r, Arill Riise har sin siste arbeidsdag i lokalene i Bergen, det skriver han selv p\u00e5 Facebook.\u00a0<\/p>\n<p>    <a itemprop=\"url\" href=\"https:\/\/www.seher.no\/kjendis\/husfrue-arrestert\/83876437\" rel=\"nofollow noopener\" target=\"_blank\"><\/p>\n<p>      <img loading=\"lazy\" decoding=\"async\" src=\"https:\/\/www.europesays.com\/no\/wp-content\/uploads\/2025\/11\/83876816.webp\" width=\"980\" height=\"441\" title=\"Arrestert for tyveri\" alt=\"\" class=\"lazyload\" style=\"--aspect-ratio-image: 2.22; \"\/><\/p>\n<p>        Arrestert for tyveri<\/p>\n<p>    <\/a><\/p>\n<p> &#8211; Det er f\u00f8rst og fremst rart. Jeg kommer til \u00e5 savne de flotte kollegaene mine, sier Riise til Se og H\u00f8r. <\/p>\n<p> Men det er visse ting han definitivt ikke vil savne. <\/p>\n<p>&#8211; Jeg kommer derimot ikke til \u00e5 savne \u00e5 st\u00e5 opp i femtiden, eller \u00e5 jobbe helg og h\u00f8ytider, skyter han raskt inn. <\/p>\n<p>          <img loading=\"lazy\" decoding=\"async\" src=\"https:\/\/www.europesays.com\/no\/wp-content\/uploads\/2025\/11\/83878211.webp\" width=\"686\" height=\"392\" title=\"\u00abGODMORGEN NORGE\u00bb: Med Nils Gunnar Lie, Signe Tynning og Arill Riise. Fra TV 2s h\u00f8stlansering i 2006.. Foto: Marit Hommedal \/ NTB .\" alt=\"\" class=\"\" style=\"--aspect-ratio-image: 1.75; \"\/><\/p>\n<p>\n          \u00abGODMORGEN NORGE\u00bb: Med Nils Gunnar Lie, Signe Tynning og Arill Riise. Fra TV 2s h\u00f8stlansering i 2006.. Foto: Marit Hommedal \/ NTB .\n      <\/p>\n<p> Riise har nemlig jobbet turnus de siste femten \u00e5rene. Tidlig p\u00e5&#8217;n ble det ogs\u00e5 f\u00f8r det &#8211; da han jobbet i \u00abGod morgen Norge\u00bb. <\/p>\n<p> Ankerlegenden forteller at han fremover skal reise mer med kona &#8211; som ogs\u00e5 har pensjonert seg. Men han lover at det ikke bare blir late dager i det store utland. <\/p>\n<p>          <img loading=\"lazy\" decoding=\"async\" src=\"https:\/\/www.europesays.com\/no\/wp-content\/uploads\/2025\/11\/83878234.webp\" width=\"686\" height=\"392\" title=\"TID MED KONA: Arill Riise og kona Inger Lid Riise da de flyttet til Fana i Bergen i 2024. Foto: Foto: Bent Are Sigvaldsen.\" alt=\"\" class=\"\" style=\"--aspect-ratio-image: 1.75; \"\/><\/p>\n<p>\n          TID MED KONA: Arill Riise og kona Inger Lid Riise da de flyttet til Fana i Bergen i 2024. Foto: Foto: Bent Are Sigvaldsen.\n      <\/p>\n<p> &#8211; Jeg skal holde foredrag, pr\u00f8ve \u00e5 skrive b\u00f8ker og si ja til ting jeg har m\u00e5ttet si nei til fram til n\u00e5, avsl\u00f8rer sunnm\u00f8ringen. <\/p>\n<p>    <a itemprop=\"url\" href=\"https:\/\/www.seher.no\/kjendis\/kreftsyk-igjen\/83864258\" rel=\"nofollow noopener\" target=\"_blank\"><\/p>\n<p>      <img loading=\"lazy\" decoding=\"async\" src=\"https:\/\/www.europesays.com\/no\/wp-content\/uploads\/2025\/11\/83877660.webp\" width=\"980\" height=\"441\" title=\"Rammet av kreft igjen\" alt=\"\" class=\"lazyload\" style=\"--aspect-ratio-image: 2.22; \"\/><\/p>\n<p>        Rammet av kreft igjen<\/p>\n<p>    <\/a><\/p>\n<p> Arild Riise begynte i TV 2 i 2006. F\u00f8r det hadde han jobbet i NRK siden 1983. Han forteller at han ser tilbake med karrieren med glede:<\/p>\n<p>          <img loading=\"lazy\" decoding=\"async\" src=\"https:\/\/www.europesays.com\/no\/wp-content\/uploads\/2025\/11\/83878268.webp\" width=\"686\" height=\"556\" title=\"P\u00c5 SKJERMEN: Programleder Arill Riise under en partilederdebatt i TV 2 sine lokaler i Media City Bergen. Foto: Tuva \u00c5serud \/ NTB \/ POOL\" alt=\"\" class=\"\" style=\"--aspect-ratio-image: 1.23; \"\/><\/p>\n<p>\n          P\u00c5 SKJERMEN: Programleder Arill Riise under en partilederdebatt i TV 2 sine lokaler i Media City Bergen. Foto: Tuva \u00c5serud \/ NTB \/ POOL\n      <\/p>\n<p>&#8211; Jeg er veldig takknemlig. \u00c5 f\u00e5 v\u00e6re en del av historien som utspiller seg b\u00e5de nasjonalt og internasjonalt har v\u00e6rt et stort privilegium. Det finnes ikke noe bedre yrke, avslutter Riise. <\/p>\n","protected":false},"excerpt":{"rendered":"Arill Riise:\u00a0 TV 2s folkekj\u00e6re nyhetsanker\u00a0gir seg etter 42 \u00e5r i mediebransjen. TV-FJES: Arill Riise under partilederdebatten p\u00e5&hellip;\n","protected":false},"author":2,"featured_media":91977,"comment_status":"","ping_status":"","sticky":false,"template":"","format":"standard","meta":{"footnotes":""},"categories":[10],"tags":[12014,20,21,24,25,15,479,2543,22,23,13,30,28,29,14,16,26,27],"class_list":{"0":"post-91976","1":"post","2":"type-post","3":"status-publish","4":"format-standard","5":"has-post-thumbnail","7":"category-norge","8":"tag-arill-riise","9":"tag-breaking-news","10":"tag-breakingnews","11":"tag-featured-news","12":"tag-featurednews","13":"tag-headlines","14":"tag-kjendis","15":"tag-kjendisdesken","16":"tag-latest-news","17":"tag-latestnews","18":"tag-news","19":"tag-no","20":"tag-norge","21":"tag-norway","22":"tag-nyheter","23":"tag-overskrifter","24":"tag-top-stories","25":"tag-topstories"},"share_on_mastodon":{"url":"https:\/\/pubeurope.com\/@no\/115582344097433762","error":""},"_links":{"self":[{"href":"https:\/\/www.europesays.com\/no\/wp-json\/wp\/v2\/posts\/91976","targetHints":{"allow":["GET"]}}],"collection":[{"href":"https:\/\/www.europesays.com\/no\/wp-json\/wp\/v2\/posts"}],"about":[{"href":"https:\/\/www.europesays.com\/no\/wp-json\/wp\/v2\/types\/post"}],"author":[{"embeddable":true,"href":"https:\/\/www.europesays.com\/no\/wp-json\/wp\/v2\/users\/2"}],"replies":[{"embeddable":true,"href":"https:\/\/www.europesays.com\/no\/wp-json\/wp\/v2\/comments?post=91976"}],"version-history":[{"count":0,"href":"https:\/\/www.europesays.com\/no\/wp-json\/wp\/v2\/posts\/91976\/revisions"}],"wp:featuredmedia":[{"embeddable":true,"href":"https:\/\/www.europesays.com\/no\/wp-json\/wp\/v2\/media\/91977"}],"wp:attachment":[{"href":"https:\/\/www.europesays.com\/no\/wp-json\/wp\/v2\/media?parent=91976"}],"wp:term":[{"taxonomy":"category","embeddable":true,"href":"https:\/\/www.europesays.com\/no\/wp-json\/wp\/v2\/categories?post=91976"},{"taxonomy":"post_tag","embeddable":true,"href":"https:\/\/www.europesays.com\/no\/wp-json\/wp\/v2\/tags?post=91976"}],"curies":[{"name":"wp","href":"https:\/\/api.w.org\/{rel}","templated":true}]}}