{"id":91987,"date":"2025-11-20T14:00:13","date_gmt":"2025-11-20T14:00:13","guid":{"rendered":"https:\/\/www.europesays.com\/no\/91987\/"},"modified":"2025-11-20T14:00:13","modified_gmt":"2025-11-20T14:00:13","slug":"119-000-nye-stillinger-i-usa-i-september-e24","status":"publish","type":"post","link":"https:\/\/www.europesays.com\/no\/91987\/","title":{"rendered":"119.000 nye stillinger i USA i september \u2013 E24"},"content":{"rendered":"<p class=\"fullWidthDesktop hyperion-css-71ztg2\" data-test-tag=\"lead-text\">\u2013 Disse tallene tilsier uendret rente, mener sjef\u00f8konom.<\/p>\n<p><img decoding=\"async\" class=\"image-asset hyperion-css-u06ts1\" data-test-tag=\"image-asset\" src=\"https:\/\/www.europesays.com\/no\/wp-content\/uploads\/2025\/11\/52b1d2a0-5b20-4ad2-8739-d08df59ecfad\"  alt=\"SNART JUL: Det begynner \u00e5 bli en stund siden september. Her jobber en arbeider med \u00e5 sette opp det tradisjonsrike juletreet ved Rockefeller Plaza i New York.\"  loading=\"eager\" fetchpriority=\"high\" style=\"aspect-ratio:1900 \/ 1267\"\/>SNART JUL: Det begynner \u00e5 bli en stund siden september. Her jobber en arbeider med \u00e5 sette opp det tradisjonsrike juletreet ved Rockefeller Plaza i New York. Foto: Eduardo Munoz Alvarez \/ AP \/ NTBPublisert: <\/p>\n<p>For mindre enn 30 minutter siden<\/p>\n<p>Oppdatert n\u00e5 nettopp<\/p>\n<ul class=\"hyperion-css-pte5x0\">\n<li aria-label=\"link\" class=\"narrow-button hyperion-css-1sz7d3n\">Kopier lenke<\/li>\n<li aria-label=\"link\" class=\"wide-button hyperion-css-1sz7d3n\">Kopier lenke<\/li>\n<li aria-label=\"facebook\" class=\"narrow-button hyperion-css-1sz7d3n\">Del p\u00e5 Facebook<\/li>\n<li aria-label=\"facebook\" class=\"wide-button hyperion-css-1sz7d3n\">Del p\u00e5 Facebook<\/li>\n<li aria-label=\"email\" class=\"narrow-button hyperion-css-1sz7d3n\">Del med e-post<\/li>\n<li aria-label=\"email\" class=\"wide-button hyperion-css-1sz7d3n\">Del med e-post<\/li>\n<\/ul>\n<p class=\"hyperion-css-1lemvax\">Saken oppdateres.<\/p>\n<p class=\"hyperion-css-1lemvax\">Nedstengingen i USA gjorde at det ble lang ventetid for nye amerikanske jobbtall.<\/p>\n<p class=\"hyperion-css-1lemvax\">Det ble skapt 119.000 nye stillinger utenfor landbruket i USA i september. Det viser den viktige jobbrapporten Nonfarm payrolls.<\/p>\n<p class=\"hyperion-css-1lemvax\">Arbeidsledigheten steg samtidig et hakk til 4,4 prosent i september.<\/p>\n<p class=\"hyperion-css-1lemvax\">P\u00e5 forh\u00e5nd hadde \u00f8konomene ventet en jobbvekst p\u00e5 51.000 nye stillinger i september, if\u00f8lge Bloomberg. Det var ogs\u00e5 ventet stabil arbeidsledighet p\u00e5 4,3 prosent. M\u00e5neden f\u00f8r, <a data-test-tag=\"internal-link\" href=\"https:\/\/e24.no\/internasjonal-oekonomi\/i\/W0wLqL\/22000-nye-jobber-skapt-utenfor-landbruket-i-usa-i-august\" class=\"hyperion-css-1rezu2g\" rel=\"nofollow noopener\" target=\"\" aria-label=\"i august\">i august<\/a>, ble det skapt 22.000 jobber.<\/p>\n<p><a data-test-tag=\"teaser-small:link-internal\" href=\"https:\/\/e24.no\/boers-og-finans\/i\/RjbR9x\/mange-spennende-muligheter-i-et-boersfall\" class=\"imagePosition-top inline hyperion-css-6238vu\" rel=\"nofollow noopener\" target=\"\" aria-label=\"\u2013 Mange spennende muligheter i et b\u00f8rsfall\"><\/p>\n<p>Les p\u00e5 E24+<\/p>\n<p>\u2013 Mange spennende muligheter i et b\u00f8rsfall<\/p>\n<p><\/a><\/p>\n<p class=\"hyperion-css-1lemvax\">Jobbveksten omtales tidvis som \u00abm\u00e5nedens viktigste tall\u00bb, fordi det sier noe om hvordan det g\u00e5r med verdens st\u00f8rste \u00f8konomi.<\/p>\n<p class=\"hyperion-css-1lemvax\">P\u00e5 grunn av forsinkelsen har \u00f8konomer i forkant av akkurat denne rapporten omtalt tallene som \u00ablitt gamle\u00bb og \u00abnoe utdaterte\u00bb.<\/p>\n<p>\u2013 Tilsier uendret rente<\/p>\n<p class=\"hyperion-css-1lemvax\">I rentemarkedet er det fall etter tallslippet, men ikke store utslag. <\/p>\n<p class=\"hyperion-css-1lemvax\">Den viktige amerikanske ti\u00e5ringenamerikanske ti\u00e5ringenRenten p\u00e5 amerikanske statsobligasjoner med 10 \u00e5rs l\u00f8petid. Omtales ofte som &laquo;verdens viktigste rente&raquo;, fordi den p\u00e5virker renter og finansmarkeder verden over. falt til 4,12 prosent like etter, fra 4,15 prosent i forkant. I skrivende stund ligger renten p\u00e5 4,13 prosent.<\/p>\n<p class=\"hyperion-css-1lemvax\">\u2013 Forventningene til nytt kutt i desember har dalt markant i rentemarkedet i det siste. Disse tallene tilsier uendret rente, mens \u00f8kt ledighet gj\u00f8r at rentemarkedet trekker litt nedover. Men da m\u00e5 jeg understreke at det tross alt er sm\u00e5 bevegelser, sier sjef\u00f8konom Marius Gonsholt Hov i Handelsbanken til E24.<\/p>\n<p><img decoding=\"async\" class=\"image-asset hyperion-css-n6kkq1\" data-test-tag=\"image-asset\" src=\"https:\/\/www.europesays.com\/no\/wp-content\/uploads\/2025\/11\/7b55f81e-8153-40b5-932e-aaac5343b83c\"  alt=\"\"  fetchpriority=\"auto\" style=\"aspect-ratio:1900 \/ 1267\"\/>Marius Gonsholt Hov<\/p>\n<p class=\"hyperion-css-1lemvax\">Sjef\u00f8konom i Handelsbanken<\/p>\n<p class=\"hyperion-css-1lemvax\">Sjef\u00f8konom p\u00e5peker av jobbveksten var \u00abganske betydelig sterkere enn ventet\u00bb.<\/p>\n<p class=\"hyperion-css-1lemvax\">\u2013  Rentekuttet er kanskje litt mer i spill igjen hvis man skal se p\u00e5 markedsreaksjonen, mens jobbveksten er kanskje mer et argument for \u00e5 holde renten i ro.<\/p>\n<p class=\"hyperion-css-1lemvax\">Nonfarm payrolls ser ikke ut til \u00e5 legge noen demper p\u00e5 den allerede gode stemningen i aksjemarkedene, etter de sterke kvartalstallene fra Nvidia onsdag kveld. I f\u00f8rhandelen p\u00e5 Wall Street er det markant oppgang i skrivende stund, og teknologiaksjer leder an.<\/p>\n<p>Forsinket<\/p>\n<p class=\"hyperion-css-1lemvax\">Dagens arbeidsmarkedsrapport skulle normalt kommet f\u00f8rste fredag i oktober.<\/p>\n<p class=\"hyperion-css-1lemvax\">Historiens lengste nedstenging for statsapparatet i USA gjorde derimot at tallslippet ble forsinket med halvannen m\u00e5ned.<\/p>\n<p class=\"hyperion-css-1lemvax\"><a data-test-tag=\"internal-link\" href=\"https:\/\/e24.no\/internasjonal-oekonomi\/i\/8qedPA\/naa-stenger-staten-ned-i-usa\" class=\"hyperion-css-1rezu2g\" rel=\"nofollow noopener\" target=\"\" aria-label=\"Nedstengingen startet 1. oktober\">Nedstengingen startet 1. oktober<\/a>, etter at politikerne i Washington ikke klarte \u00e5 bli enige om et budsjett eller en mildertidig l\u00f8sning. Dermed stengte d\u00f8rene for en rekke offentlige etater, og ansatte ble permittert. Det inkludert statistikkbyr\u00e5et Bureau of Labor Statistics (BLS), som ikke har samlet inn statistikk.<\/p>\n<p><img decoding=\"async\" class=\"image-asset hyperion-css-u06ts1\" data-test-tag=\"image-asset\" src=\"https:\/\/www.europesays.com\/no\/wp-content\/uploads\/2025\/11\/08669ab3-74b4-4218-85bd-0035bfa56330\"  alt=\"PAUSE: En byggearbeider i California tar seg en pust i bakken. \"  loading=\"eager\" fetchpriority=\"high\" style=\"aspect-ratio:1900 \/ 1353\"\/>PAUSE: En byggearbeider i California tar seg en pust i bakken. Foto: Leonard Ortiz \/ AP \/ NTB<\/p>\n<p class=\"hyperion-css-1lemvax\"><a data-test-tag=\"internal-link\" href=\"https:\/\/e24.no\/i\/mP7j8p\/usa-tar-skritt-mot-aa-avslutte-historiens-lengste-regjeringsstopp\" class=\"hyperion-css-1rezu2g\" rel=\"nofollow noopener\" target=\"\" aria-label=\"Gjen\u00e5pningen kom 13. november\">Gjen\u00e5pningen kom 13. november<\/a>, etter at det ble enighet om en mildertidig avtale som sikret finansiering.<\/p>\n<p class=\"hyperion-css-1lemvax\">BLS har ogs\u00e5 varslet flere forsinkelser. Det blir ikke noen egen oktober-rapport, og november-rapporten kommer ikke f\u00f8r 16. desember.<\/p>\n<p class=\"hyperion-css-1lemvax\">Det er etter det neste rentem\u00f8tet i USA.<\/p>\n<p>Rentekutt eller ikke?<\/p>\n<p class=\"hyperion-css-1lemvax\">Forsinkelsene og mangelen p\u00e5 n\u00f8kkeltall gj\u00f8r at USAs sentralbank (Fed) styrer mer i blinde enn normalt. I tillegg til jobbtallene har det blant annet manglet <a data-test-tag=\"internal-link\" href=\"https:\/\/e24.no\/internasjonal-oekonomi\/i\/qPzVQm\/prisveksten-i-usa-oekte-til-3-prosent-i-september\" class=\"hyperion-css-1rezu2g\" rel=\"nofollow noopener\" target=\"\" aria-label=\"oppdateringer om prisveksten\">oppdateringer om prisveksten<\/a>.<\/p>\n<p class=\"hyperion-css-1lemvax\">Sp\u00f8rsm\u00e5let er om det kommer noe kutt p\u00e5 Feds neste rentem\u00f8te 10. desember.<\/p>\n<p class=\"hyperion-css-1lemvax\">Troen p\u00e5 desember-kutt har blitt mindre og mindre i det siste. I markedet prises det inn rundt 30 prosent sjanse for kutt i forkant av dagens jobbtall.<\/p>\n<p class=\"hyperion-css-1lemvax\">I rentereferatet fra oktober-m\u00f8tet, som <a data-test-tag=\"internal-link\" href=\"https:\/\/e24.no\/internasjonal-oekonomi\/i\/d45mGA\/fed-referat-avsloerer-uenighet-om-rentekutt\" class=\"hyperion-css-1rezu2g\" rel=\"nofollow noopener\" target=\"\" aria-label=\"ble publisert i g\u00e5r\">ble publisert i g\u00e5r<\/a>, kom det frem at \u00abmange deltager\u00bb i rentekomiteen antydet at det sannsynligvis ville v\u00e6re passende \u00e5 holde renten uendret resten av 2025.<\/p>\n<p class=\"hyperion-css-1lemvax\">Ett medlem stemte mot <a data-test-tag=\"internal-link\" href=\"https:\/\/e24.no\/boers-og-finans\/i\/mPG2Wq\/usas-sentralbank-kutter-renten\" class=\"hyperion-css-1rezu2g\" rel=\"nofollow noopener\" target=\"\" aria-label=\"rentekuttet i oktober\">rentekuttet i oktober<\/a>. Kun Stephan Miran, som nylig ble nominert inn i komiteen av Donald Trump, ville ha et dobbelt kutt.<\/p>\n<p class=\"hyperion-css-1lemvax\">\u2013 En mulig tolkning av referatet er at det m\u00e5 en ytterligere forverring av arbeidsmarkedet til for at Fed skal kutte i desember, skrev Jeanette Fj\u00e6re-Lindkjenn i dagens morgenrapport fra DNB Carnegie.<\/p>\n","protected":false},"excerpt":{"rendered":"\u2013 Disse tallene tilsier uendret rente, mener sjef\u00f8konom. SNART JUL: Det begynner \u00e5 bli en stund siden september.&hellip;\n","protected":false},"author":2,"featured_media":91988,"comment_status":"","ping_status":"","sticky":false,"template":"","format":"standard","meta":{"footnotes":""},"categories":[56],"tags":[60,61,62,30,28,29],"class_list":{"0":"post-91987","1":"post","2":"type-post","3":"status-publish","4":"format-standard","5":"has-post-thumbnail","7":"category-naeringsliv","8":"tag-business","9":"tag-economy","10":"tag-naeringsliv","11":"tag-no","12":"tag-norge","13":"tag-norway"},"share_on_mastodon":{"url":"https:\/\/pubeurope.com\/@no\/115582391124656272","error":""},"_links":{"self":[{"href":"https:\/\/www.europesays.com\/no\/wp-json\/wp\/v2\/posts\/91987","targetHints":{"allow":["GET"]}}],"collection":[{"href":"https:\/\/www.europesays.com\/no\/wp-json\/wp\/v2\/posts"}],"about":[{"href":"https:\/\/www.europesays.com\/no\/wp-json\/wp\/v2\/types\/post"}],"author":[{"embeddable":true,"href":"https:\/\/www.europesays.com\/no\/wp-json\/wp\/v2\/users\/2"}],"replies":[{"embeddable":true,"href":"https:\/\/www.europesays.com\/no\/wp-json\/wp\/v2\/comments?post=91987"}],"version-history":[{"count":0,"href":"https:\/\/www.europesays.com\/no\/wp-json\/wp\/v2\/posts\/91987\/revisions"}],"wp:featuredmedia":[{"embeddable":true,"href":"https:\/\/www.europesays.com\/no\/wp-json\/wp\/v2\/media\/91988"}],"wp:attachment":[{"href":"https:\/\/www.europesays.com\/no\/wp-json\/wp\/v2\/media?parent=91987"}],"wp:term":[{"taxonomy":"category","embeddable":true,"href":"https:\/\/www.europesays.com\/no\/wp-json\/wp\/v2\/categories?post=91987"},{"taxonomy":"post_tag","embeddable":true,"href":"https:\/\/www.europesays.com\/no\/wp-json\/wp\/v2\/tags?post=91987"}],"curies":[{"name":"wp","href":"https:\/\/api.w.org\/{rel}","templated":true}]}}