{"id":91989,"date":"2025-11-20T14:02:09","date_gmt":"2025-11-20T14:02:09","guid":{"rendered":"https:\/\/www.europesays.com\/no\/91989\/"},"modified":"2025-11-20T14:02:09","modified_gmt":"2025-11-20T14:02:09","slug":"prest-einar-gelius-66-rammet-av-kreft-igjen","status":"publish","type":"post","link":"https:\/\/www.europesays.com\/no\/91989\/","title":{"rendered":"Prest Einar Gelius (66) rammet av kreft igjen"},"content":{"rendered":"\n<p class=\"_lead_o9xde_2 _lead_xtcu6_50 layout-component text-serif-m layout-normal text-serif-l layout-component layout-wide layout-padded _wide_17hqh_1 layout-padded\">Den profilerte presten og forfatteren har blitt rammet av kreft for andre gang, men n\u00e5 dreier det seg om en annen kreftform.<\/p>\n<p><img alt=\" Foto: Berit Roald \/ NTB\" class=\"_image_qp4xg_65 layout-component layout-wide\" data-fullscreen- data-track-element-type=\"Article image fullscreen\" data-track-name=\"ImageFullscreen\" fetchpriority=\"high\" decoding=\"sync\" loading=\"eager\" height=\"3264\" itemprop=\"image\"  src=\"https:\/\/www.europesays.com\/no\/wp-content\/uploads\/2025\/11\/f2db3bf8-53e8-493c-99a4-2a4563e1d5e2\"  style=\"object-position:0% 0%\" width=\"4896\"\/> Foto: Berit Roald \/ NTB<\/p>\n<ul aria-hidden=\"true\" class=\"_images_18f0k_111\">\n<li><a class=\"_link_18f0k_116\" href=\"https:\/\/www.vg.no\/forfatter\/hannah-solstad-klepp\" style=\"z-index:1\" title=\"Hannah Solstad Klepp\" rel=\"nofollow noopener\" target=\"_blank\"><img alt=\"Bilde av Hannah Solstad Klepp\" class=\"_image_18f0k_93\" fetchpriority=\"low\" loading=\"lazy\" decoding=\"async\" itemprop=\"image\"  src=\"https:\/\/www.europesays.com\/no\/wp-content\/uploads\/2025\/11\/1763647328_286_f811f9c1-64f7-4c50-9133-b5735831a650\"  width=\"480\"\/><\/a><\/li>\n<\/ul>\n<p> Oppdatert torsdag 20. november kl. 14:15     <\/p>\n<p class=\"_paragraph_o9xde_4 _paragraph_xtcu6_10 layout-component text-serif-m layout-normal text-serif-m layout-padded\">Einar Gelius (66) ble for fire \u00e5r siden operert for prostatakreft, og har siden v\u00e6rt ambassad\u00f8r for Prostatakreftforeningens kampanje: Bartekampen. <\/p>\n<p class=\"_paragraph_o9xde_4 _paragraph_xtcu6_10 layout-component text-serif-m layout-normal text-serif-m layout-padded\">\u2013 N\u00e5 i h\u00f8st oppdaget jeg en f\u00f8flekk som dessverre var ondartet. Jeg har v\u00e6rt p\u00e5 utredning, og i g\u00e5r ble jeg operert. Det blir en spennende ventetid f\u00f8r jeg f\u00e5r resultatene fra operasjonen, skriver Gelius i en tekstmelding til VG.<\/p>\n<p class=\"_paragraph_o9xde_4 _paragraph_xtcu6_10 layout-component text-serif-m layout-normal text-serif-m layout-padded\">\u2013 Hvordan g\u00e5r det med deg n\u00e5, etter operasjonen?<\/p>\n<p class=\"_paragraph_o9xde_4 _paragraph_xtcu6_10 layout-component text-serif-m layout-normal text-serif-m layout-padded\">\u2013 Er veldig sliten og har f\u00e5tt beskjed om \u00e5 ta det med ro fremover, skriver han.<\/p>\n<p class=\"_paragraph_o9xde_4 _paragraph_xtcu6_10 layout-component text-serif-m layout-normal text-serif-m layout-padded\">F\u00f8flekken som viste seg \u00e5 v\u00e6re ondartet, satt i tinningen. Gelius hadde observert den lenge og ba fastlegen fjerne den.<\/p>\n<p> \u2013 En liten nedtur<\/p>\n<p class=\"_paragraph_o9xde_4 _paragraph_xtcu6_10 layout-component text-serif-m layout-normal text-serif-m layout-padded\">Han tror ikke det er sammenheng mellom de to krefttypene. Han mener f\u00f8flekkreften skyldes sol og soling, siden han tilbringer hele sommeren p\u00e5 S\u00f8rlandet.<\/p>\n<p class=\"_paragraph_o9xde_4 _paragraph_xtcu6_10 layout-component text-serif-m layout-normal text-serif-m layout-padded\">\u2013 Det har g\u00e5tt bra etter prostatakreften, men dette var en liten nedtur. Du f\u00e5r deg noen ekstra tanker n\u00e5r du st\u00e5r midt oppi det, sier han til <a href=\"https:\/\/www.seher.no\/kjendis\/kreftsyk-igjen\/83864258\" class=\"_link_o9xde_39\" rel=\"nofollow noopener\" target=\"_blank\">Se og H\u00f8r<\/a>.<\/p>\n<p><img alt=\"Einar Gelius og Olga Divakova danset sammen under \u00abSkal vi danse\u00bb i 2010.  Foto: Gorm Kallestad \/ NTB\" class=\"_image_qp4xg_65 layout-component layout-normal\" data-fullscreen- data-track-element-type=\"Article image fullscreen\" data-track-name=\"ImageFullscreen\" decoding=\"async\" loading=\"lazy\" height=\"4014\" itemprop=\"image\"  src=\"https:\/\/www.europesays.com\/no\/wp-content\/uploads\/2025\/11\/7d92cc35-930d-4543-b171-bbe6253fbe10\"  style=\"object-position:0% 0%\" width=\"2887\"\/>Einar Gelius og Olga Divakova danset sammen under \u00abSkal vi danse\u00bb i 2010.  Foto: Gorm Kallestad \/ NTB<\/p>\n<p class=\"_paragraph_o9xde_4 _paragraph_xtcu6_10 layout-component text-serif-m layout-normal text-serif-m layout-padded\">Den popul\u00e6re presten, som blant annet deltok i \u00abSkal vi danse\u00bb i 2010, planlegger \u00e5 bli pensjonist til sommeren. Han h\u00e5per \u00e5 kunne jobbe litt som en siste avslutning f\u00f8r pensjoneringen.<\/p>\n<p class=\"_paragraph_o9xde_4 _paragraph_xtcu6_10 layout-component text-serif-m layout-normal text-serif-m layout-padded\">Neste \u00e5r er det 40 \u00e5r siden han ble vigslet som prest.<\/p>\n<p>Les ogs\u00e5<\/p>\n","protected":false},"excerpt":{"rendered":"Den profilerte presten og forfatteren har blitt rammet av kreft for andre gang, men n\u00e5 dreier det seg&hellip;\n","protected":false},"author":2,"featured_media":91990,"comment_status":"","ping_status":"","sticky":false,"template":"","format":"standard","meta":{"footnotes":""},"categories":[10],"tags":[20,21,24,25,15,1401,22,23,13,30,28,29,14,16,10430,26,27],"class_list":{"0":"post-91989","1":"post","2":"type-post","3":"status-publish","4":"format-standard","5":"has-post-thumbnail","7":"category-norge","8":"tag-breaking-news","9":"tag-breakingnews","10":"tag-featured-news","11":"tag-featurednews","12":"tag-headlines","13":"tag-kreft","14":"tag-latest-news","15":"tag-latestnews","16":"tag-news","17":"tag-no","18":"tag-norge","19":"tag-norway","20":"tag-nyheter","21":"tag-overskrifter","22":"tag-prest","23":"tag-top-stories","24":"tag-topstories"},"share_on_mastodon":{"url":"https:\/\/pubeurope.com\/@no\/115582399039114290","error":""},"_links":{"self":[{"href":"https:\/\/www.europesays.com\/no\/wp-json\/wp\/v2\/posts\/91989","targetHints":{"allow":["GET"]}}],"collection":[{"href":"https:\/\/www.europesays.com\/no\/wp-json\/wp\/v2\/posts"}],"about":[{"href":"https:\/\/www.europesays.com\/no\/wp-json\/wp\/v2\/types\/post"}],"author":[{"embeddable":true,"href":"https:\/\/www.europesays.com\/no\/wp-json\/wp\/v2\/users\/2"}],"replies":[{"embeddable":true,"href":"https:\/\/www.europesays.com\/no\/wp-json\/wp\/v2\/comments?post=91989"}],"version-history":[{"count":0,"href":"https:\/\/www.europesays.com\/no\/wp-json\/wp\/v2\/posts\/91989\/revisions"}],"wp:featuredmedia":[{"embeddable":true,"href":"https:\/\/www.europesays.com\/no\/wp-json\/wp\/v2\/media\/91990"}],"wp:attachment":[{"href":"https:\/\/www.europesays.com\/no\/wp-json\/wp\/v2\/media?parent=91989"}],"wp:term":[{"taxonomy":"category","embeddable":true,"href":"https:\/\/www.europesays.com\/no\/wp-json\/wp\/v2\/categories?post=91989"},{"taxonomy":"post_tag","embeddable":true,"href":"https:\/\/www.europesays.com\/no\/wp-json\/wp\/v2\/tags?post=91989"}],"curies":[{"name":"wp","href":"https:\/\/api.w.org\/{rel}","templated":true}]}}