{"id":91999,"date":"2025-11-20T14:15:21","date_gmt":"2025-11-20T14:15:21","guid":{"rendered":"https:\/\/www.europesays.com\/no\/91999\/"},"modified":"2025-11-20T14:15:21","modified_gmt":"2025-11-20T14:15:21","slug":"kvinne-ble-satt-fyr-pa-i-t-banevogn","status":"publish","type":"post","link":"https:\/\/www.europesays.com\/no\/91999\/","title":{"rendered":"Kvinne ble satt fyr p\u00e5 i T-banevogn"},"content":{"rendered":"<p class=\"kicker text-red color_mobile_text-red\" style=\"\">Chicago:<\/p>\n<p>  En kvinne ble s\u00f8ndag kveld dynket i brennbar v\u00e6ske og satt fyr p\u00e5 i en T-banevogn i Chicago i USA. N\u00e5 er en mann siktet for terrorisme.<\/p>\n<p>\n    Politiet ved T-banevognen p\u00e5 stasjonen Clark\/Lake i Chicago der kvinnen kom seg av toget mens hun brant. Foto: Erin Hooley \/ QAP \/ NTB\n  <\/p>\n<p>If\u00f8lge rettsdokumenter som\u00a0<a href=\"https:\/\/www.nbcchicago.com\/traffic\/transit\/man-faces-terrorism-charge-after-allegedly-setting-woman-on-fire-on-cta-train\/3853453\/\" target=\"_blank\" rel=\"nofollow noopener\">NBC 5 Chicago<\/a>\u00a0og flere andre medier har lest satt mannen i 50-\u00e5rene og kvinnen i 20-\u00e5rene f\u00f8rst i hver sin del av T-banevognen. Deretter skal han ha g\u00e5tt bort til kvinnen og begynt \u00e5 helle v\u00e6ske over henne, f\u00f8r han fors\u00f8kte \u00e5 tenne p\u00e5.<\/p>\n<p>Kvinnen skal ha klart \u00e5 flykte unna og l\u00f8pe fremover i T-banetoget. Mannen fulgte etter og tente p\u00e5 flasken, f\u00f8r han brukte den til \u00e5 tenne p\u00e5 kvinnen.<\/p>\n<p>Kvinnen klarte \u00e5 komme seg av p\u00e5 neste stasjon mens hun brant, f\u00f8r tilfeldig forbipasserende slokket brannen. Hun ble sendt til sykehus med kritiske skader.<\/p>\n<p>Overv\u00e5kingsbilder fra en bensinstasjon viser at mannen fylte en flaske med bensin p\u00e5 en bensinstasjon rundt 20 minutter f\u00f8r angrepet, f\u00f8r han kort tid etter gikk p\u00e5 T-banen.<\/p>\n<p>Han er n\u00e5 siktet for \u00e5 ha gjennomf\u00f8rt et terrorangrep p\u00e5 kollektivtransport.<\/p>\n","protected":false},"excerpt":{"rendered":"Chicago: En kvinne ble s\u00f8ndag kveld dynket i brennbar v\u00e6ske og satt fyr p\u00e5 i en T-banevogn i&hellip;\n","protected":false},"author":2,"featured_media":92000,"comment_status":"","ping_status":"","sticky":false,"template":"","format":"standard","meta":{"footnotes":""},"categories":[12],"tags":[20,21,24,25,15,22,23,13,30,28,29,14,16,26,27,50,42,43,44,45],"class_list":{"0":"post-91999","1":"post","2":"type-post","3":"status-publish","4":"format-standard","5":"has-post-thumbnail","7":"category-verden","8":"tag-breaking-news","9":"tag-breakingnews","10":"tag-featured-news","11":"tag-featurednews","12":"tag-headlines","13":"tag-latest-news","14":"tag-latestnews","15":"tag-news","16":"tag-no","17":"tag-norge","18":"tag-norway","19":"tag-nyheter","20":"tag-overskrifter","21":"tag-top-stories","22":"tag-topstories","23":"tag-usa","24":"tag-verden","25":"tag-world","26":"tag-world-news","27":"tag-worldnews"},"share_on_mastodon":{"url":"https:\/\/pubeurope.com\/@no\/115582450100247919","error":""},"_links":{"self":[{"href":"https:\/\/www.europesays.com\/no\/wp-json\/wp\/v2\/posts\/91999","targetHints":{"allow":["GET"]}}],"collection":[{"href":"https:\/\/www.europesays.com\/no\/wp-json\/wp\/v2\/posts"}],"about":[{"href":"https:\/\/www.europesays.com\/no\/wp-json\/wp\/v2\/types\/post"}],"author":[{"embeddable":true,"href":"https:\/\/www.europesays.com\/no\/wp-json\/wp\/v2\/users\/2"}],"replies":[{"embeddable":true,"href":"https:\/\/www.europesays.com\/no\/wp-json\/wp\/v2\/comments?post=91999"}],"version-history":[{"count":0,"href":"https:\/\/www.europesays.com\/no\/wp-json\/wp\/v2\/posts\/91999\/revisions"}],"wp:featuredmedia":[{"embeddable":true,"href":"https:\/\/www.europesays.com\/no\/wp-json\/wp\/v2\/media\/92000"}],"wp:attachment":[{"href":"https:\/\/www.europesays.com\/no\/wp-json\/wp\/v2\/media?parent=91999"}],"wp:term":[{"taxonomy":"category","embeddable":true,"href":"https:\/\/www.europesays.com\/no\/wp-json\/wp\/v2\/categories?post=91999"},{"taxonomy":"post_tag","embeddable":true,"href":"https:\/\/www.europesays.com\/no\/wp-json\/wp\/v2\/tags?post=91999"}],"curies":[{"name":"wp","href":"https:\/\/api.w.org\/{rel}","templated":true}]}}