{"id":92054,"date":"2025-11-20T15:10:11","date_gmt":"2025-11-20T15:10:11","guid":{"rendered":"https:\/\/www.europesays.com\/no\/92054\/"},"modified":"2025-11-20T15:10:11","modified_gmt":"2025-11-20T15:10:11","slug":"jeg-har-bokstavelig-talt-ikke-noe-hjem","status":"publish","type":"post","link":"https:\/\/www.europesays.com\/no\/92054\/","title":{"rendered":"&#8211; Jeg har bokstavelig talt ikke noe hjem"},"content":{"rendered":"<p class=\"kicker \" style=\"\">Kevin Spacey:<\/p>\n<p>  Den to ganger Oscar-vinnende skuespilleren \u00e5pner opp i intervju.\u00a0<\/p>\n<p>\n    INGEN HJEM: Skuespilleren Kevin Spacey \u00e5pner opp om livet etter at anklagene om seksuell trakkasering haglet mot ham i kj\u00f8lvannet av \u00abMe Too\u00bb. Her fra filmfestivalen i Venezia i \u00e5r. Foto:\n  <\/p>\n<p>Skuespiller Kevin Spacey (66)\u00a0har hatt sine oppturer og nedturer gjennom \u00e5rene &#8211; fra anerkjennelse til kansellering.\u00a0<\/p>\n<p>I 2017 ble han anklaget for \u00e5 ha seksuelt trakassert skuespiller Anthony Rapp (54).\u00a0<\/p>\n<p>          <img loading=\"lazy\" decoding=\"async\" src=\"https:\/\/www.europesays.com\/no\/wp-content\/uploads\/2025\/11\/83879199.webp\" width=\"686\" height=\"392\" title=\"S\u00d8KSM\u00c5L: Skuespiller Anthony Rapp saks\u00f8kte Spacey for \u00e5 ha kommet med seksuelle tiln\u00e6rmelser mot ham p\u00e5 en fest da Rapp var ten\u00e5ring. Foto: AP\" alt=\"\" class=\"\" style=\"--aspect-ratio-image: 1.75; \"\/><\/p>\n<p>\n          S\u00d8KSM\u00c5L: Skuespiller Anthony Rapp saks\u00f8kte Spacey for \u00e5 ha kommet med seksuelle tiln\u00e6rmelser mot ham p\u00e5 en fest da Rapp var ten\u00e5ring. Foto: AP\n      <\/p>\n<p>I tiden som fulgte sto flere frem og anklaget Spacey for \u00e5 ha beg\u00e5tt overgrep mot dem. Til slutt telte listen over 30 menn.<\/p>\n<p>Spacey ble siden frikjent for alle tiltalepunkter om seksuelle overgrep, men han har fortsatt til gode \u00e5 komme inn igjen i det gode selskap i Hollywood.<\/p>\n<p>          <img loading=\"lazy\" decoding=\"async\" src=\"https:\/\/www.europesays.com\/no\/wp-content\/uploads\/2025\/11\/83878710.webp\" width=\"686\" height=\"460\" title=\"FRIKJENT: Kevin Spacey ble frikjent for seksuelle overgrep mot fire menn i 2023. Foto: Pa Photos \/ NTB\" alt=\"\" class=\"\" style=\"--aspect-ratio-image: 1.49; \"\/><\/p>\n<p>\n          FRIKJENT: Kevin Spacey ble frikjent for seksuelle overgrep mot fire menn i 2023. Foto: Pa Photos \/ NTB\n      <\/p>\n<p>Anklagene medf\u00f8rte at Netflix sparket ham fra serien \u00abHouse of Cards\u00bb, hvor han spilte karakteren Francis J. Underwood i fem sesonger.\u00a0<\/p>\n<p>I en sivil rettssak ble han ogs\u00e5 d\u00f8mt til \u00e5 betale rundt 300 millioner kroner til MRC, som produserte serien, for kostnader knyttet til \u00e5 erstatte ham som hovedrolle.<\/p>\n<p>    <a itemprop=\"url\" href=\"https:\/\/www.seher.no\/kjendis\/kreftsyk-igjen\/83864258\" rel=\"nofollow noopener\" target=\"_blank\"><\/p>\n<p>      <img loading=\"lazy\" decoding=\"async\" src=\"https:\/\/www.europesays.com\/no\/wp-content\/uploads\/2025\/11\/1763651410_62_83877660.webp\" width=\"980\" height=\"441\" title=\"Rammet av kreft igjen\" alt=\"\" class=\"lazyload\" style=\"--aspect-ratio-image: 2.22; \"\/><\/p>\n<p>        Rammet av kreft igjen<\/p>\n<p>    <\/a><\/p>\n<p>Ny hverdag\u00a0\t<\/p>\n<p>Spacey fremf\u00f8rte nylig et liveshow kalt \u00abSongs &amp; Stories\u00bb, hvor han synger sanger og forteller personlige historier fra livet med film og teater.\u00a0<\/p>\n<p>I et intervju til\u00a0<a href=\"https:\/\/www.telegraph.co.uk\/news\/2025\/11\/19\/kevin-spacey-interview-cancelled\/\" rel=\"nofollow noopener\" target=\"_blank\">The Telegraph<\/a>\u00a0kommer det frem at jobbmulighetene ikke akkurat har str\u00f8mmet til skuespilleren etter anklagene mot ham.\u00a0<\/p>\n<p>    <a itemprop=\"url\" href=\"https:\/\/www.seher.no\/kjendis\/bryter-tausheten\/83872403\" rel=\"nofollow noopener\" target=\"_blank\"><\/p>\n<p>      <img loading=\"lazy\" decoding=\"async\" src=\"https:\/\/www.europesays.com\/no\/wp-content\/uploads\/2025\/11\/1763651411_602_83871970.webp\" width=\"980\" height=\"441\" title=\"Bryter tausheten\" alt=\"\" class=\"lazyload\" style=\"--aspect-ratio-image: 2.22; \"\/><\/p>\n<p>        Bryter tausheten<\/p>\n<p>    <\/a><\/p>\n<p class=\"font-weight-bold m-font-weight-bold\" data-lab-font_weight=\"font-weight-bold\">&#8211; Kostnadene de siste syv \u00e5rene har v\u00e6rt astronomiske. Jeg har hatt sv\u00e6rt lite som har kommet inn, og alt har g\u00e5tt ut. Jeg bor p\u00e5 hoteller, i Airbnbs. Jeg drar dit jobben er. Jeg har bokstavelig talt ikke noe hjem.<\/p>\n<p>        \u00c5RETS ROMANSE?: De to deltakerne forteller at de har f\u00e5tt en god tone i l\u00f8pet av deltakelsen i \u00abSkal vi danse\u00bb. Video: Nora Skavhaug\/Thea Hope\/R\u00f8d L\u00f8per<\/p>\n<p>Han forteller samtidig at musikk er som et andres pr\u00e5k for ham.\u00a0<\/p>\n<p>&#8211; De siste syv \u00e5rene har gitt meg mange muligheter til \u00e5 reflektere og bli minnet p\u00e5 hva og hvem jeg er takknemlig for. S\u00e5 ideen \u00e5 kombinere historier med musikk bare kom til liv. Kan jeg reise meg igjen og synge for mitt levebr\u00f8d?\u00a0<\/p>\n<p>    <a itemprop=\"url\" href=\"https:\/\/www.seher.no\/kongelig\/skjelver-i-buksene\/83862723\" rel=\"nofollow noopener\" target=\"_blank\"><\/p>\n<p>      <img loading=\"lazy\" decoding=\"async\" src=\"https:\/\/www.europesays.com\/no\/wp-content\/uploads\/2025\/11\/1763651411_460_80768578.webp\" width=\"147\" height=\"98\" title=\"- Skjelver i buksene\" alt=\"\" class=\"lazyload\" style=\"--aspect-ratio-image: 1.50; \"\/><\/p>\n<p>        &#8211; Skjelver i buksene<\/p>\n<p>    <\/a><\/p>\n<p>Trekker linjer\t<\/p>\n<p>Spacey sammenligner sin egen situasjon med kanselleringen av skuespillere i Hollywood p\u00e5 1950-tallet. Den gang var det kommunistsympatisering som var \u00e5rsaken.<\/p>\n<p>&#8211; Mange mennesker var ikke skyldige i det de ble anklaget for, forteller Spacey.\u00a0<\/p>\n<p>        Etter flere uker p\u00e5 tur, ble det endelig avgjort hvem som ble k\u00e5ret til vinner av \u00ab71 grader nord &#8211; Norges t\u00f8ffeste kjendis\u00bb 2025.<\/p>\n<p> Spacey har avvist alle anklager og tidligere uttalt at han ikke husker noe fra de angivelige hendelsene.\u00a0<\/p>\n<p>Skuespilleren sjokkerte derfor mange da han allikevel \u00e5pnet opp til den kontroversielle britiske mediemannen Piers Morgan i\u00a0<a href=\"https:\/\/www.youtube.com\/watch?v=qktc4-9mXXc\" rel=\"nofollow noopener\" target=\"_blank\">\u00abPiers Morgan Uncensored\u00bb.<\/a><\/p>\n<p>          <img loading=\"lazy\" decoding=\"async\" src=\"https:\/\/www.europesays.com\/no\/wp-content\/uploads\/2025\/11\/83879181.webp\" width=\"980\" height=\"559\" title=\"OSCAR: Spacey vant Oscar for sin hovedrolle i \u00abAmerican Beauty\u00bb fra 2000. Her forelsker karakteren hans seg i datterens venninne spilt av Mena Suvari. Foto: Lorey Sebastian \/ Dreamworks\" alt=\"\" class=\"\" style=\"--aspect-ratio-image: 1.75; \"\/><\/p>\n<p>\n          OSCAR: Spacey vant Oscar for sin hovedrolle i \u00abAmerican Beauty\u00bb fra 2000. Her forelsker karakteren hans seg i datterens venninne spilt av Mena Suvari. Foto: Lorey Sebastian \/ Dreamworks\n      <\/p>\n<p> &#8211; Jeg flyttet p\u00e5 grensene med \u00e5 v\u00e6re for kl\u00e5fingra, ved \u00e5 ta p\u00e5 noen p\u00e5 en seksuell m\u00e5te, som jeg p\u00e5 tidspunktet ikke visste at de ikke ville,\u00a0 sa han da.<\/p>\n<p>I intervjuet med The Telegraph avslutter skuespilleren med \u00e5 fortelle at dersom filmregiss\u00f8rene Martin Scorsese (83) eller Quentin Tarantino (62) skulle ringt hans manager, ville han blitt be\u00e6ret og glad, og at han tror det kommer til \u00e5 skje.\u00a0<\/p>\n","protected":false},"excerpt":{"rendered":"Kevin Spacey: Den to ganger Oscar-vinnende skuespilleren \u00e5pner opp i intervju.\u00a0 INGEN HJEM: Skuespilleren Kevin Spacey \u00e5pner opp&hellip;\n","protected":false},"author":2,"featured_media":92055,"comment_status":"","ping_status":"","sticky":false,"template":"","format":"standard","meta":{"footnotes":""},"categories":[58],"tags":[71,12020,8094,479,30,28,29,72],"class_list":{"0":"post-92054","1":"post","2":"type-post","3":"status-publish","4":"format-standard","5":"has-post-thumbnail","7":"category-underholdning","8":"tag-entertainment","9":"tag-hjemlos","10":"tag-kevin-spacey","11":"tag-kjendis","12":"tag-no","13":"tag-norge","14":"tag-norway","15":"tag-underholdning"},"share_on_mastodon":{"url":"https:\/\/pubeurope.com\/@no\/115582666500433976","error":""},"_links":{"self":[{"href":"https:\/\/www.europesays.com\/no\/wp-json\/wp\/v2\/posts\/92054","targetHints":{"allow":["GET"]}}],"collection":[{"href":"https:\/\/www.europesays.com\/no\/wp-json\/wp\/v2\/posts"}],"about":[{"href":"https:\/\/www.europesays.com\/no\/wp-json\/wp\/v2\/types\/post"}],"author":[{"embeddable":true,"href":"https:\/\/www.europesays.com\/no\/wp-json\/wp\/v2\/users\/2"}],"replies":[{"embeddable":true,"href":"https:\/\/www.europesays.com\/no\/wp-json\/wp\/v2\/comments?post=92054"}],"version-history":[{"count":0,"href":"https:\/\/www.europesays.com\/no\/wp-json\/wp\/v2\/posts\/92054\/revisions"}],"wp:featuredmedia":[{"embeddable":true,"href":"https:\/\/www.europesays.com\/no\/wp-json\/wp\/v2\/media\/92055"}],"wp:attachment":[{"href":"https:\/\/www.europesays.com\/no\/wp-json\/wp\/v2\/media?parent=92054"}],"wp:term":[{"taxonomy":"category","embeddable":true,"href":"https:\/\/www.europesays.com\/no\/wp-json\/wp\/v2\/categories?post=92054"},{"taxonomy":"post_tag","embeddable":true,"href":"https:\/\/www.europesays.com\/no\/wp-json\/wp\/v2\/tags?post=92054"}],"curies":[{"name":"wp","href":"https:\/\/api.w.org\/{rel}","templated":true}]}}