{"id":92135,"date":"2025-11-20T16:39:15","date_gmt":"2025-11-20T16:39:15","guid":{"rendered":"https:\/\/www.europesays.com\/no\/92135\/"},"modified":"2025-11-20T16:39:15","modified_gmt":"2025-11-20T16:39:15","slug":"sier-unnskyld-etter-at-de-avbrot-gudstjeneste","status":"publish","type":"post","link":"https:\/\/www.europesays.com\/no\/92135\/","title":{"rendered":"Sier unnskyld etter at de avbr\u00f8t gudstjeneste"},"content":{"rendered":"<p>\n        UNNSKYLD: Leeds-politiet m\u00e5tte g\u00e5 kanossagang til en menighet.<br \/>\n        Kirsty Wigglesworth\/NTB\n    <\/p>\n<p>    Politiet i West Yorkshire sier beklager til en biskop etter at politiet avbr\u00f8t en minnegudstjeneste i en kirke i Leeds.<\/p>\n<p>Politiet avbr\u00f8t minnegudstjenesten i et fors\u00f8k p\u00e5 \u00e5 arrestere en mann som var etterlyst for \u00e5 ikke m\u00f8te opp til fengsling.\u00a0<\/p>\n<p>N\u00e5 har West Yorkshire Police sendt ut en formell unnskyldning til biskopen i soknet.\u00a0<\/p>\n<p>Distriktssjefen i Leeds-politiet, Steven Dodds sier at de beklager dypt virkningen dette har hatt p\u00e5 familien, menigheten og samfunnet rundt.\u00a0<\/p>\n","protected":false},"excerpt":{"rendered":"UNNSKYLD: Leeds-politiet m\u00e5tte g\u00e5 kanossagang til en menighet. Kirsty Wigglesworth\/NTB Politiet i West Yorkshire sier beklager til en&hellip;\n","protected":false},"author":2,"featured_media":92136,"comment_status":"","ping_status":"","sticky":false,"template":"","format":"standard","meta":{"footnotes":""},"categories":[12],"tags":[20,21,24,25,15,22,23,13,30,28,29,14,16,26,27,42,43,44,45],"class_list":{"0":"post-92135","1":"post","2":"type-post","3":"status-publish","4":"format-standard","5":"has-post-thumbnail","7":"category-verden","8":"tag-breaking-news","9":"tag-breakingnews","10":"tag-featured-news","11":"tag-featurednews","12":"tag-headlines","13":"tag-latest-news","14":"tag-latestnews","15":"tag-news","16":"tag-no","17":"tag-norge","18":"tag-norway","19":"tag-nyheter","20":"tag-overskrifter","21":"tag-top-stories","22":"tag-topstories","23":"tag-verden","24":"tag-world","25":"tag-world-news","26":"tag-worldnews"},"share_on_mastodon":{"url":"https:\/\/pubeurope.com\/@no\/115583016260617010","error":""},"_links":{"self":[{"href":"https:\/\/www.europesays.com\/no\/wp-json\/wp\/v2\/posts\/92135","targetHints":{"allow":["GET"]}}],"collection":[{"href":"https:\/\/www.europesays.com\/no\/wp-json\/wp\/v2\/posts"}],"about":[{"href":"https:\/\/www.europesays.com\/no\/wp-json\/wp\/v2\/types\/post"}],"author":[{"embeddable":true,"href":"https:\/\/www.europesays.com\/no\/wp-json\/wp\/v2\/users\/2"}],"replies":[{"embeddable":true,"href":"https:\/\/www.europesays.com\/no\/wp-json\/wp\/v2\/comments?post=92135"}],"version-history":[{"count":0,"href":"https:\/\/www.europesays.com\/no\/wp-json\/wp\/v2\/posts\/92135\/revisions"}],"wp:featuredmedia":[{"embeddable":true,"href":"https:\/\/www.europesays.com\/no\/wp-json\/wp\/v2\/media\/92136"}],"wp:attachment":[{"href":"https:\/\/www.europesays.com\/no\/wp-json\/wp\/v2\/media?parent=92135"}],"wp:term":[{"taxonomy":"category","embeddable":true,"href":"https:\/\/www.europesays.com\/no\/wp-json\/wp\/v2\/categories?post=92135"},{"taxonomy":"post_tag","embeddable":true,"href":"https:\/\/www.europesays.com\/no\/wp-json\/wp\/v2\/tags?post=92135"}],"curies":[{"name":"wp","href":"https:\/\/api.w.org\/{rel}","templated":true}]}}