{"id":92150,"date":"2025-11-20T16:59:13","date_gmt":"2025-11-20T16:59:13","guid":{"rendered":"https:\/\/www.europesays.com\/no\/92150\/"},"modified":"2025-11-20T16:59:13","modified_gmt":"2025-11-20T16:59:13","slug":"internett-langnes-flere-bedrifter-uten-internett-pa-langnes","status":"publish","type":"post","link":"https:\/\/www.europesays.com\/no\/92150\/","title":{"rendered":"Internett, Langnes | Flere bedrifter uten internett p\u00e5 Langnes"},"content":{"rendered":"\n<p>Flere bedrifter p\u00e5 Langnes er uten internett. Det er GlobalConnect som har tr\u00f8bbel.<\/p>\n<p>Selskapet bekrefter i en driftsmelding at de har et nettverksbrudd og at feils\u00f8king p\u00e5g\u00e5r. \u00abFeil som p\u00e5virker flere kunder\u00bb, skriver selskapet.<\/p>\n<p>Hva som er problemet er ukjent. Feilen oppsto klokka 15.44 og rettetid er ikke satt. <\/p>\n<p>Nordlys kjenner at b\u00e5de flere butikker p\u00e5 Jekta opplever ustabilt nettverk, men ogs\u00e5 andre forretninger i omr\u00e5det har tr\u00f8bbel.<\/p>\n<p>Senterleder Laila Myrvang p\u00e5 Jekta sier noen butikker merker ingenting, mens andre kj\u00f8rer reservel\u00f8sninger. <\/p>\n","protected":false},"excerpt":{"rendered":"Flere bedrifter p\u00e5 Langnes er uten internett. Det er GlobalConnect som har tr\u00f8bbel. Selskapet bekrefter i en driftsmelding&hellip;\n","protected":false},"author":2,"featured_media":2176,"comment_status":"","ping_status":"","sticky":false,"template":"","format":"standard","meta":{"footnotes":""},"categories":[56],"tags":[36,60,61,12033,3050,8574,62,30,28,29,1510],"class_list":{"0":"post-92150","1":"post","2":"type-post","3":"status-publish","4":"format-standard","5":"has-post-thumbnail","7":"category-naeringsliv","8":"tag-art","9":"tag-business","10":"tag-economy","11":"tag-globalconnect","12":"tag-internett","13":"tag-langnes","14":"tag-naeringsliv","15":"tag-no","16":"tag-norge","17":"tag-norway","18":"tag-story"},"share_on_mastodon":{"url":"https:\/\/pubeurope.com\/@no\/115583094995043693","error":""},"_links":{"self":[{"href":"https:\/\/www.europesays.com\/no\/wp-json\/wp\/v2\/posts\/92150","targetHints":{"allow":["GET"]}}],"collection":[{"href":"https:\/\/www.europesays.com\/no\/wp-json\/wp\/v2\/posts"}],"about":[{"href":"https:\/\/www.europesays.com\/no\/wp-json\/wp\/v2\/types\/post"}],"author":[{"embeddable":true,"href":"https:\/\/www.europesays.com\/no\/wp-json\/wp\/v2\/users\/2"}],"replies":[{"embeddable":true,"href":"https:\/\/www.europesays.com\/no\/wp-json\/wp\/v2\/comments?post=92150"}],"version-history":[{"count":0,"href":"https:\/\/www.europesays.com\/no\/wp-json\/wp\/v2\/posts\/92150\/revisions"}],"wp:featuredmedia":[{"embeddable":true,"href":"https:\/\/www.europesays.com\/no\/wp-json\/wp\/v2\/media\/2176"}],"wp:attachment":[{"href":"https:\/\/www.europesays.com\/no\/wp-json\/wp\/v2\/media?parent=92150"}],"wp:term":[{"taxonomy":"category","embeddable":true,"href":"https:\/\/www.europesays.com\/no\/wp-json\/wp\/v2\/categories?post=92150"},{"taxonomy":"post_tag","embeddable":true,"href":"https:\/\/www.europesays.com\/no\/wp-json\/wp\/v2\/tags?post=92150"}],"curies":[{"name":"wp","href":"https:\/\/api.w.org\/{rel}","templated":true}]}}