{"id":92156,"date":"2025-11-20T17:06:09","date_gmt":"2025-11-20T17:06:09","guid":{"rendered":"https:\/\/www.europesays.com\/no\/92156\/"},"modified":"2025-11-20T17:06:09","modified_gmt":"2025-11-20T17:06:09","slug":"nvidia-akjser-tek-aksjer-stiger-etter-nvidia-resultatet","status":"publish","type":"post","link":"https:\/\/www.europesays.com\/no\/92156\/","title":{"rendered":"Nvidia, Akjser | Tek-aksjer stiger etter Nvidia-resultatet"},"content":{"rendered":"\n<p>Litt etter \u00e5pningen av b\u00f8rsene i New York torsdag hadde Nvidia-aksjen steget over 5 prosent.<\/p>\n<p>Ogs\u00e5 andre tek-aksjer hadde vind i seilene, og databrikkeprodusentene Intel og Advanced Micro Devices steg henholdsvis omtrent 3 og 4 prosent.<\/p>\n<p>Den teknologitunge Nasdaq-indeksen gikk opp 2,1 prosent etter at aksjehandelen begynte.<\/p>\n<p><b>Les ogs\u00e5: <a href=\"https:\/\/www.nettavisen.no\/nyheter\/ville-anklager-hadde-definitivt-noe-pa-donald-trump\/s\/5-95-2738937\" rel=\"Follow nofollow noopener\" target=\"_blank\">Ville anklager: \u2013 Hadde definitivt noe p\u00e5 Trump<\/a><\/b><\/p>\n<p>Etter stengetid p\u00e5 New York-b\u00f8rsen onsdag ble det kjent at databrikkeprodusenten Nvidia omsatte for 57 milliarder dollar i tredje kvartal, noe som var bedre enn ventet.<\/p>\n<p>Nvidia-resultatet bidro til \u00e5 dempe bekymringen for en mulig b\u00f8rsboble for\u00e5rsaket av sv\u00e6rt kraftig oppgang for selskaper knyttet til utvikling av kunstig intelligens (KI).<\/p>\n<p>(\u00a9NTB)<\/p>\n","protected":false},"excerpt":{"rendered":"Litt etter \u00e5pningen av b\u00f8rsene i New York torsdag hadde Nvidia-aksjen steget over 5 prosent. Ogs\u00e5 andre tek-aksjer&hellip;\n","protected":false},"author":2,"featured_media":92157,"comment_status":"","ping_status":"","sticky":false,"template":"","format":"standard","meta":{"footnotes":""},"categories":[56],"tags":[60,61,62,30,28,29],"class_list":{"0":"post-92156","1":"post","2":"type-post","3":"status-publish","4":"format-standard","5":"has-post-thumbnail","7":"category-naeringsliv","8":"tag-business","9":"tag-economy","10":"tag-naeringsliv","11":"tag-no","12":"tag-norge","13":"tag-norway"},"share_on_mastodon":{"url":"https:\/\/pubeurope.com\/@no\/115583122371503072","error":""},"_links":{"self":[{"href":"https:\/\/www.europesays.com\/no\/wp-json\/wp\/v2\/posts\/92156","targetHints":{"allow":["GET"]}}],"collection":[{"href":"https:\/\/www.europesays.com\/no\/wp-json\/wp\/v2\/posts"}],"about":[{"href":"https:\/\/www.europesays.com\/no\/wp-json\/wp\/v2\/types\/post"}],"author":[{"embeddable":true,"href":"https:\/\/www.europesays.com\/no\/wp-json\/wp\/v2\/users\/2"}],"replies":[{"embeddable":true,"href":"https:\/\/www.europesays.com\/no\/wp-json\/wp\/v2\/comments?post=92156"}],"version-history":[{"count":0,"href":"https:\/\/www.europesays.com\/no\/wp-json\/wp\/v2\/posts\/92156\/revisions"}],"wp:featuredmedia":[{"embeddable":true,"href":"https:\/\/www.europesays.com\/no\/wp-json\/wp\/v2\/media\/92157"}],"wp:attachment":[{"href":"https:\/\/www.europesays.com\/no\/wp-json\/wp\/v2\/media?parent=92156"}],"wp:term":[{"taxonomy":"category","embeddable":true,"href":"https:\/\/www.europesays.com\/no\/wp-json\/wp\/v2\/categories?post=92156"},{"taxonomy":"post_tag","embeddable":true,"href":"https:\/\/www.europesays.com\/no\/wp-json\/wp\/v2\/tags?post=92156"}],"curies":[{"name":"wp","href":"https:\/\/api.w.org\/{rel}","templated":true}]}}