{"id":92165,"date":"2025-11-20T17:16:11","date_gmt":"2025-11-20T17:16:11","guid":{"rendered":"https:\/\/www.europesays.com\/no\/92165\/"},"modified":"2025-11-20T17:16:11","modified_gmt":"2025-11-20T17:16:11","slug":"fhi-influensaen-kommer-tidligere-enn-normalt-i-ar-mange-kan-bli-smittet","status":"publish","type":"post","link":"https:\/\/www.europesays.com\/no\/92165\/","title":{"rendered":"FHI: Influensaen kommer tidligere enn normalt i \u00e5r \u2013 mange kan bli smittet"},"content":{"rendered":"<p>Det skriver Folkehelseinstituttet (FHI) i sin ukerapport.<\/p>\n<p>\u00d8kningen skyldes en ny variant av influensa A (H3N2)-viruset kalt K-varianten. Andelen pr\u00f8ver med p\u00e5vist influensavirus var p\u00e5 5 prosent i uke 46, etter \u00e5 ha \u00f8kt siden uke 41.<\/p>\n<p> \u2013 Sannsynligvis vil det v\u00e6re betydelig mer influensa i oml\u00f8p f\u00f8r jul enn det pleier, skriver FHI i <a href=\"https:\/\/www.fhi.no\/publ\/statusrapporter\/luftveisinfeksjoner\/\" rel=\"noopener nofollow\" target=\"_blank\">rapporten.<\/a><\/p>\n<p>Det er ingenting s\u00e5 langt som tyder p\u00e5 at K-varianten gir endret symptombilde eller mer alvorlig sykdom. Sesongen i fjor var spesielt hard i Norge med mange smittede og innlagte, mens hittil i \u00e5r er antall smittede og sykehusinnlagte i Norge lavt, og aldersfordelingen blant disse er som vanlig.<\/p>\n<p>FHI understreker samtidig at det haster med vaksinasjon av risikogrupper og helsepersonell med pasientkontakt. Tidlige resultater fra Storbritannia indikerer at vaksinasjon gir moderat effekt ogs\u00e5 mot den nye K-varianten.<\/p>\n<p>\u2013 For tidlig \u00e5 sp\u00e5 hard influensasesong<\/p>\n<p>FHI har allerede fastsl\u00e5tt at sesongen har startet unormalt tidlig i \u00e5r, og vaksinasjonsvinduet er dermed kortere.<\/p>\n<p> \u2013 Det er ikke ensbetydende med at det blir en hard influensasesong. Det er det for tidlig \u00e5 sp\u00e5 noe om, men vi har kortere tid p\u00e5 oss til \u00e5 f\u00e5 vaksinert risikogruppene, sier seksjonsleder Karoline Bragstad i FHI til <a href=\"https:\/\/www.nettavisen.no\/fhi-avviser-influensa-pastander-ingen-er-tjent-med-a-skape-frykt\/s\/5-95-2737947\" rel=\"noopener nofollow\" target=\"_blank\">Nettavisen.<\/a><\/p>\n<p>Bragstad mener flere medier overdramatiserer situasjonen uten \u00e5 ha data som underbygger det. Det henvises blant annet til USA og Storbritannia der \u00e5rets influensasesong skaper stor bekymring, men hun peker p\u00e5 at Norge ikke kan sammenlignes direkte med andre land.<\/p>\n<p>\u2013 Ingen er tjent med \u00e5 skape frykt n\u00e5r det ikke er data som kan underbygge det, sier hun.<\/p>\n<p>\u00d8ker ogs\u00e5 i Europa<\/p>\n<p>Det europeiske smittevernbyr\u00e5et (ECDC) skriver i en pressemelding at funnene av influensa \u00f8ker uvanlig tidlig i land i EU og E\u00d8S sammenlignet med tidligere \u00e5r.<\/p>\n<p>Selv om det fortsatt er usikkerhet knyttet til konsekvensene av den kommende influensasesongen for folkehelsen, skriver ECDC at de forbereder seg p\u00e5 at Europa kan st\u00e5 overfor en mer alvorlig influensasesong enn tidligere \u2013 s\u00e6rlig hvis vaksinasjonsgraden er lav.<\/p>\n<p>\u2013 Dersom du kan vaksinere deg, ikke vent. \u00c5 bli vaksinert n\u00e5 er en av de mest effektive m\u00e5tene \u00e5 beskytte deg selv og de rundt deg mot alvorlig sykdom i vinter, sier ECDCs Edoardo Colzani i pressemeldingen.<\/p>\n<p>\u2013 Mange kan bli smittet<\/p>\n<p>Helsedirekt\u00f8r Cathrin M. Lofthus skriver i en epost til NTB at vi m\u00e5 belage oss p\u00e5 at mange kan bli smittet i tiden framover siden \u00e5rets influensasesong ser ut \u00e5 v\u00e6re av den hissige sorten.<\/p>\n<p>\u2013 Dette kan p\u00e5virke kapasiteten i helsetjenesten. En rask og h\u00f8y smittetopp gir flere pasienter og har ogs\u00e5 betydning for frav\u00e6r blant ansatte. Men p\u00e5 et overordnet niv\u00e5 vurderes influensa normalt ikke som en stor kapasitetsutfordring i helsetjenesten, fordi systemet har evne til \u00e5 skaleres og tilpasse seg \u00f8kt behov, understreker hun.<\/p>\n<p>Hun oppfordrer pasienter til \u00e5 s\u00e5 langt som mulig bruke fastlegen ved behov for vurdering og legetilsyn for \u00e5 unng\u00e5 k\u00f8 hos legevaktene og \u00f8kt press p\u00e5 sykehusene.<\/p>\n<p>Mest influensa i Oslo og Tr\u00f8ndelag<\/p>\n<p>I uke 46 var andelen pr\u00f8ver med p\u00e5vist influensavirus h\u00f8yest i Oslo og Tr\u00f8ndelag med 10 prosent, fulgt av M\u00f8re og Romsdal med 8 prosent og Akershus med 7 prosent. Det sees mest influensa blant skolebarn.<\/p>\n<p>Rundt 90 prosent av H3N2-virusene som p\u00e5vises er av K-varianten. Det er forel\u00f8pig ingenting som tyder p\u00e5 at varianten gir mer alvorlig sykdom enn andre influensavirus.<\/p>\n<p>I uke 46 er det rapportert om 60 sykehusinnleggelser med influensa, etter 76 i uke 45 og 43 i uke 44.<\/p>\n<p>Andelen covid-tilfeller gikk ned med 4 prosent i uke 46 etter \u00e5 ha ligget p\u00e5 mellom 5 og 6 prosent de siste fire ukene. Antall sykehusinnleggelser har g\u00e5tt ned til 74 etter 89 uken f\u00f8r.<\/p>\n","protected":false},"excerpt":{"rendered":"Det skriver Folkehelseinstituttet (FHI) i sin ukerapport. \u00d8kningen skyldes en ny variant av influensa A (H3N2)-viruset kalt K-varianten.&hellip;\n","protected":false},"author":2,"featured_media":92166,"comment_status":"","ping_status":"","sticky":false,"template":"","format":"standard","meta":{"footnotes":""},"categories":[10],"tags":[20,21,24,25,15,22,23,13,30,28,29,14,16,26,27],"class_list":{"0":"post-92165","1":"post","2":"type-post","3":"status-publish","4":"format-standard","5":"has-post-thumbnail","7":"category-norge","8":"tag-breaking-news","9":"tag-breakingnews","10":"tag-featured-news","11":"tag-featurednews","12":"tag-headlines","13":"tag-latest-news","14":"tag-latestnews","15":"tag-news","16":"tag-no","17":"tag-norge","18":"tag-norway","19":"tag-nyheter","20":"tag-overskrifter","21":"tag-top-stories","22":"tag-topstories"},"share_on_mastodon":{"url":"https:\/\/pubeurope.com\/@no\/115583161829578896","error":""},"_links":{"self":[{"href":"https:\/\/www.europesays.com\/no\/wp-json\/wp\/v2\/posts\/92165","targetHints":{"allow":["GET"]}}],"collection":[{"href":"https:\/\/www.europesays.com\/no\/wp-json\/wp\/v2\/posts"}],"about":[{"href":"https:\/\/www.europesays.com\/no\/wp-json\/wp\/v2\/types\/post"}],"author":[{"embeddable":true,"href":"https:\/\/www.europesays.com\/no\/wp-json\/wp\/v2\/users\/2"}],"replies":[{"embeddable":true,"href":"https:\/\/www.europesays.com\/no\/wp-json\/wp\/v2\/comments?post=92165"}],"version-history":[{"count":0,"href":"https:\/\/www.europesays.com\/no\/wp-json\/wp\/v2\/posts\/92165\/revisions"}],"wp:featuredmedia":[{"embeddable":true,"href":"https:\/\/www.europesays.com\/no\/wp-json\/wp\/v2\/media\/92166"}],"wp:attachment":[{"href":"https:\/\/www.europesays.com\/no\/wp-json\/wp\/v2\/media?parent=92165"}],"wp:term":[{"taxonomy":"category","embeddable":true,"href":"https:\/\/www.europesays.com\/no\/wp-json\/wp\/v2\/categories?post=92165"},{"taxonomy":"post_tag","embeddable":true,"href":"https:\/\/www.europesays.com\/no\/wp-json\/wp\/v2\/tags?post=92165"}],"curies":[{"name":"wp","href":"https:\/\/api.w.org\/{rel}","templated":true}]}}