{"id":92190,"date":"2025-11-20T17:41:09","date_gmt":"2025-11-20T17:41:09","guid":{"rendered":"https:\/\/www.europesays.com\/no\/92190\/"},"modified":"2025-11-20T17:41:09","modified_gmt":"2025-11-20T17:41:09","slug":"etter-35-ar-er-det-slutt-microsoft-legger-programmet-pa-hylla","status":"publish","type":"post","link":"https:\/\/www.europesays.com\/no\/92190\/","title":{"rendered":"Etter 35 \u00e5r er det slutt: Microsoft legger programmet p\u00e5 hylla"},"content":{"rendered":"<p>Microsoft har kunngjort at et av selskapets eldste programmer i Office-portef\u00f8ljen n\u00e6rmer seg slutten. <\/p>\n<p>Etter flere \u00e5r uten vesentlige oppdateringer blir Publisher n\u00e5 faset helt ut, noe som markerer et tydelig skifte b\u00e5de for Microsoft og brukerne som fortsatt benytter programmet.<\/p>\n<p>Et program som aldri ble en suksess<\/p>\n<p>Publisher ble lansert i 1991 som Microsofts alternativ til etablerte layoutprogrammer som QuarkXPress og PageMaker. <\/p>\n<p>M\u00e5let var \u00e5 tilby et verkt\u00f8y for grafisk arbeid, men programmet fikk aldri ordentlig fotfeste blant profesjonelle brukere. <\/p>\n<p>Funksjonene var mindre avanserte enn hos konkurrentene, og Publisher forble i stor grad et program for privatpersoner og mindre virksomheter med enkle behov.<\/p>\n<p>Det skriver mediet <a href=\"https:\/\/t3n.de\/news\/nach-35-jahren-microsoft-ende-1716184\/\" target=\"_blank\" rel=\"noopener nofollow\">t3n<\/a>.<\/p>\n<p>Utviklingen ble gradvis nedprioritert. Den siste st\u00f8rre versjonen kom i 2021, og Publisher var ikke lenger en del av Office-pakken fra 2024. <\/p>\n<p>Microsofts beslutning om \u00e5 avslutte all st\u00f8tte fra oktober 2026 fremst\u00e5r derfor som et forventet steg.<\/p>\n<p>Konsekvenser for brukerne<\/p>\n<p>Brukere av Microsoft 365 mister tilgangen til Publisher n\u00e5r st\u00f8tten opph\u00f8rer. <\/p>\n<p>De som fortsatt har Office 2021 installert, kan i teorien benytte programmet videre, men frav\u00e6ret av sikkerhetsoppdateringer og feilrettinger gj\u00f8r det lite hensiktsmessig p\u00e5 lengre sikt.<\/p>\n<p>Microsoft anbefaler at enkle grafiske oppgaver fremover l\u00f8ses i Word, PowerPoint eller den nyere tjenesten Designer. <\/p>\n<p>Disse l\u00f8sningene kan h\u00e5ndtere grunnleggende oppsett, selv om de ikke er fullverdige erstatninger for et dedikert layoutprogram.<\/p>\n<p>Alternative verkt\u00f8y tar over<\/p>\n<p>Brukere som trenger mer avanserte funksjoner, henvises til andre produkter. <\/p>\n<p>Adobe InDesign er fortsatt bransjestandarden for profesjonelt layoutarbeid og tilbyr et omfattende sett med verkt\u00f8y. <\/p>\n<p>Et nyere alternativ er Affinity Publisher, som etter Can\u00advas oppkj\u00f8p er blitt gratis og kombinerer funksjoner for b\u00e5de grafikk, layout og bildebehandling.<\/p>\n<p>Markedet tilbyr dermed fortsatt sterke alternativer, selv om Microsofts eget program forsvinner. <\/p>\n<p>Publisher har gjennom tre ti\u00e5r fungert som et enkelt og tilgjengelig verkt\u00f8y, men utfasingen reflekterer en utvikling der brukerne forventer st\u00f8rre fleksibilitet og mer avanserte muligheter.<\/p>\n","protected":false},"excerpt":{"rendered":"Microsoft har kunngjort at et av selskapets eldste programmer i Office-portef\u00f8ljen n\u00e6rmer seg slutten. Etter flere \u00e5r uten&hellip;\n","protected":false},"author":2,"featured_media":92191,"comment_status":"","ping_status":"","sticky":false,"template":"","format":"standard","meta":{"footnotes":""},"categories":[57],"tags":[30,28,29,65,63,64,66,70,69,67,68],"class_list":{"0":"post-92190","1":"post","2":"type-post","3":"status-publish","4":"format-standard","5":"has-post-thumbnail","7":"category-vitenskap-og-teknologi","8":"tag-no","9":"tag-norge","10":"tag-norway","11":"tag-science","12":"tag-science-and-technology","13":"tag-scienceandtechnology","14":"tag-technology","15":"tag-teknologi","16":"tag-vitenskap","17":"tag-vitenskap-og-teknologi","18":"tag-vitenskapteknologi"},"share_on_mastodon":{"url":"https:\/\/pubeurope.com\/@no\/115583259989612488","error":""},"_links":{"self":[{"href":"https:\/\/www.europesays.com\/no\/wp-json\/wp\/v2\/posts\/92190","targetHints":{"allow":["GET"]}}],"collection":[{"href":"https:\/\/www.europesays.com\/no\/wp-json\/wp\/v2\/posts"}],"about":[{"href":"https:\/\/www.europesays.com\/no\/wp-json\/wp\/v2\/types\/post"}],"author":[{"embeddable":true,"href":"https:\/\/www.europesays.com\/no\/wp-json\/wp\/v2\/users\/2"}],"replies":[{"embeddable":true,"href":"https:\/\/www.europesays.com\/no\/wp-json\/wp\/v2\/comments?post=92190"}],"version-history":[{"count":0,"href":"https:\/\/www.europesays.com\/no\/wp-json\/wp\/v2\/posts\/92190\/revisions"}],"wp:featuredmedia":[{"embeddable":true,"href":"https:\/\/www.europesays.com\/no\/wp-json\/wp\/v2\/media\/92191"}],"wp:attachment":[{"href":"https:\/\/www.europesays.com\/no\/wp-json\/wp\/v2\/media?parent=92190"}],"wp:term":[{"taxonomy":"category","embeddable":true,"href":"https:\/\/www.europesays.com\/no\/wp-json\/wp\/v2\/categories?post=92190"},{"taxonomy":"post_tag","embeddable":true,"href":"https:\/\/www.europesays.com\/no\/wp-json\/wp\/v2\/tags?post=92190"}],"curies":[{"name":"wp","href":"https:\/\/api.w.org\/{rel}","templated":true}]}}