{"id":92211,"date":"2025-11-20T18:00:29","date_gmt":"2025-11-20T18:00:29","guid":{"rendered":"https:\/\/www.europesays.com\/no\/92211\/"},"modified":"2025-11-20T18:00:29","modified_gmt":"2025-11-20T18:00:29","slug":"mosjoen-vefsn-mosjoen-il-med-en-helt-ny-satsing-har-ingen-anelse-om-hva-vi-kan-forvente","status":"publish","type":"post","link":"https:\/\/www.europesays.com\/no\/92211\/","title":{"rendered":"Mosj\u00f8en, Vefsn | Mosj\u00f8en IL med en helt ny satsing: \u2013 Har ingen anelse om hva vi kan forvente"},"content":{"rendered":"\n<p>\u2013 Vi har lyst til \u00e5 pr\u00f8ve nye ting og f\u00e5 fram gode historier. Det er litt av intensjonen v\u00e5r til at vi satser p\u00e5 podkast, forteller Markus Brandth, daglig leder i MIL fotball.<\/p>\n<p>Unders\u00f8kelser fra Norstat 2025 viser at en av fire lytter p\u00e5 podkast daglig.<\/p>\n<p>N\u00e5 h\u00e5per Brandth at deres nysatsingen \u00abMil podden\u00bb kan bli en lyttefavoritt hos vefsningene.<\/p>\n<p>\u2013 Om det blir 10 eller 40 episoder er ikke sikkert \u00e5 vite, men vi tar gjerne inn innspill fra folk om tema vi kan snakke om og gjester vi kan invitere. Dette er noe vi skal prioritere n\u00e5 og noe vi kommer til \u00e5 bruke tid p\u00e5.<\/p>\n<p>Mer enn fotball<\/p>\n<p>\u2013 Hva skal podkasten handle om?<\/p>\n<p>\u2013 Det skal ikke v\u00e6re en skrytepodd om MIL fotball og fotballprestasjoner, men v\u00e6re en plattform for \u00e5 l\u00f8fte opp folkene i klubben og det samfunnet vi har i MIL fotball og idrett generelt i byen, sier Brandth.<\/p>\n<p>Han understreker at fotball ikke er for alle, men at fellesskap i idrett er for alle.<\/p>\n<p>\u2013 Det er en fri prat i podkasten og vi kan snakke om lite og stort, men det skal ikke handle s\u00e5 mye om fotball. Det handler like mye om hvilken rolle idrett spiller i samfunnet. Vi er ogs\u00e5 \u00e5pen for at andre idretter kan v\u00e6re med, som turn.<\/p>\n<p>Brandth sier at frivilligheten er en viktig drivkraft i klubben, og noe som kommer til \u00e5 v\u00e6re et tema i podden.<\/p>\n<p>\u2013 Vi har mange folk vi kan, og skal, l\u00f8fte opp. Vi har en stor takknemlighet for alle som hjelper til i klubben, og vil f\u00e5 fram det, for eksempel ildsjeler.<\/p>\n<p>\u2013 Dr\u00f8mmegjest<\/p>\n<p>\u2013 Podden m\u00e5 ha tema som folk kan relatere til, og retningen i tema kommer nok til \u00e5 g\u00e5 h\u00f8yre, venstre, opp og ned.<\/p>\n<p>Brandth h\u00e5per podkasten kan v\u00e6re med p\u00e5 \u00e5 l\u00f8fte fram byen i en annen setting, og bidra til rekruttering.<\/p>\n<p>\u2013 Har du blitt inspirert av andre podkaster?<\/p>\n<p>\u2013 Jeg h\u00f8rer mye p\u00e5 podkast selv, og er veldig glad i B-laget. N\u00e5 er jo det et het annet niv\u00e5 enn oss, men de er flinke til \u00e5 balansere humor med viktige tema. S\u00e5 der har vi nok en vei \u00e5 g\u00e5. S\u00e5 har jeg ogs\u00e5 f\u00e5tt meg med Rana Blad sin podkast hvor de har snakket med fotballspillere, s\u00e5 man blir inspirert av det som ligger der ute.<\/p>\n<p>\u2013 Har du en dr\u00f8mmegjest i podkasten?<\/p>\n<p>\u2013 Jeg har ingen dr\u00f8mmegjester, men forh\u00e5pentligvis kan dette bli en artig greie framover. Vi har jo tidligere fotballstjerner og et par popstjerner i klubben, s\u00e5 vi f\u00e5r se. \u2013 Vi har ingen anelse om hva vi kan forvente, s\u00e5 det blir spennende.<\/p>\n<p>Til n\u00e5 har de allerede spilt inn en episode med Sparebank1 Helgeland, som er en av sponsorene. I tillegg har de planlagt to episoder neste uke med to andre sponsorer.<\/p>\n<p>  <a href=\"https:\/\/www.helg.no\/5-24-1106950\" class=\"related-teaser has-image default-story-teaser article--c-eRUmMG article--c-eRUmMG-jKCPdD-design-default\" rel=\"nofollow noopener\" target=\"_blank\"><\/p>\n<p>    <img decoding=\"async\" loading=\"lazy\"  src=\"https:\/\/www.europesays.com\/no\/wp-content\/uploads\/2025\/11\/IMG_0673.jpg\" alt=\"\" class=\"brick-c-cFOWSL\" style=\"\"\/><\/p>\n<p>\n            Les ogs\u00e5<\/p>\n<p>              \u00d8nsker \u00e5 starte opp et nytt damelag: \u2013 MIL har v\u00e6rt en gutteklubb fra gammelt av\n        <\/p>\n<p>  <\/a><\/p>\n","protected":false},"excerpt":{"rendered":"\u2013 Vi har lyst til \u00e5 pr\u00f8ve nye ting og f\u00e5 fram gode historier. Det er litt av&hellip;\n","protected":false},"author":2,"featured_media":92212,"comment_status":"","ping_status":"","sticky":false,"template":"","format":"standard","meta":{"footnotes":""},"categories":[59],"tags":[36,1068,30,28,29,83,82,1510,1203],"class_list":{"0":"post-92211","1":"post","2":"type-post","3":"status-publish","4":"format-standard","5":"has-post-thumbnail","7":"category-sport","8":"tag-art","9":"tag-mosjoen","10":"tag-no","11":"tag-norge","12":"tag-norway","13":"tag-sport","14":"tag-sports","15":"tag-story","16":"tag-vefsn"},"share_on_mastodon":{"url":"https:\/\/pubeurope.com\/@no\/115583334847128512","error":""},"_links":{"self":[{"href":"https:\/\/www.europesays.com\/no\/wp-json\/wp\/v2\/posts\/92211","targetHints":{"allow":["GET"]}}],"collection":[{"href":"https:\/\/www.europesays.com\/no\/wp-json\/wp\/v2\/posts"}],"about":[{"href":"https:\/\/www.europesays.com\/no\/wp-json\/wp\/v2\/types\/post"}],"author":[{"embeddable":true,"href":"https:\/\/www.europesays.com\/no\/wp-json\/wp\/v2\/users\/2"}],"replies":[{"embeddable":true,"href":"https:\/\/www.europesays.com\/no\/wp-json\/wp\/v2\/comments?post=92211"}],"version-history":[{"count":0,"href":"https:\/\/www.europesays.com\/no\/wp-json\/wp\/v2\/posts\/92211\/revisions"}],"wp:featuredmedia":[{"embeddable":true,"href":"https:\/\/www.europesays.com\/no\/wp-json\/wp\/v2\/media\/92212"}],"wp:attachment":[{"href":"https:\/\/www.europesays.com\/no\/wp-json\/wp\/v2\/media?parent=92211"}],"wp:term":[{"taxonomy":"category","embeddable":true,"href":"https:\/\/www.europesays.com\/no\/wp-json\/wp\/v2\/categories?post=92211"},{"taxonomy":"post_tag","embeddable":true,"href":"https:\/\/www.europesays.com\/no\/wp-json\/wp\/v2\/tags?post=92211"}],"curies":[{"name":"wp","href":"https:\/\/api.w.org\/{rel}","templated":true}]}}