{"id":92224,"date":"2025-11-20T18:19:16","date_gmt":"2025-11-20T18:19:16","guid":{"rendered":"https:\/\/www.europesays.com\/no\/92224\/"},"modified":"2025-11-20T18:19:16","modified_gmt":"2025-11-20T18:19:16","slug":"trafikkmeldinger-gildeskal-politiet-involvert-i-ulykke-pa-fv-17","status":"publish","type":"post","link":"https:\/\/www.europesays.com\/no\/92224\/","title":{"rendered":"Trafikkmeldinger, Gildesk\u00e5l | Politiet involvert i ulykke p\u00e5 Fv.17"},"content":{"rendered":"\n<p><b>Oppdatert klokken 16:34:<\/b> Bilen er berget og veien er n\u00e5 \u00e5pen for fri ferdsel.<\/p>\n<p>Klokken 15.30 torsdag ettermiddag melder Nordland politidistrikt at et av deres egne kj\u00f8ret\u00f8y har v\u00e6rt involvert i en singelulykke p\u00e5 fylkesvei 17 i Gildesk\u00e5l. To personer var i kj\u00f8ret\u00f8yet. <\/p>\n<p>\u2013 Patruljen var p\u00e5 tur til et oppdrag da de kj\u00f8rte ut. Kj\u00f8ret\u00f8yet har truffet en fjellvegg og snurret rundt og g\u00e5tt i et autovern, f\u00f8r kj\u00f8ret\u00f8yet har tippet i veibanen, skriver operasjonsleder Ina Kristin Selfors. <\/p>\n<p>I en oppdatering skriver politiet at hendelsen ikke skjedde under en utrykning.<\/p>\n<p>Bilberger er p\u00e5 stedet. Det er materielle skader p\u00e5 bilen, men ikke meldt om alvorlig personskade. <\/p>\n<p> \u2013 De to involverte er fraktet med ambulanse til sykehus for videre sjekk. <\/p>\n<p>Hendelsen skjedde klokken 14:08. Spesialenheten for politisaker er varslet og det opprettes sak.<\/p>\n<p>If\u00f8lge <a href=\"https:\/\/www.an.no\/kjorefelt-stengt-etter-trafikkuhell\/s\/5-4-2282312\" rel=\"Follow nofollow noopener\" target=\"_blank\">Avisa Nordland<\/a> ble et kj\u00f8refelt p\u00e5 fylkesvei 17 stengt ved Eidvika som f\u00f8lge av hendelsen. <\/p>\n","protected":false},"excerpt":{"rendered":"Oppdatert klokken 16:34: Bilen er berget og veien er n\u00e5 \u00e5pen for fri ferdsel. Klokken 15.30 torsdag ettermiddag&hellip;\n","protected":false},"author":2,"featured_media":92225,"comment_status":"","ping_status":"","sticky":false,"template":"","format":"standard","meta":{"footnotes":""},"categories":[10],"tags":[36,20,21,24,25,12042,12041,15,22,23,13,30,28,29,14,16,1510,26,27,665],"class_list":{"0":"post-92224","1":"post","2":"type-post","3":"status-publish","4":"format-standard","5":"has-post-thumbnail","7":"category-norge","8":"tag-art","9":"tag-breaking-news","10":"tag-breakingnews","11":"tag-featured-news","12":"tag-featurednews","13":"tag-fylkesvei-17","14":"tag-gildeskal","15":"tag-headlines","16":"tag-latest-news","17":"tag-latestnews","18":"tag-news","19":"tag-no","20":"tag-norge","21":"tag-norway","22":"tag-nyheter","23":"tag-overskrifter","24":"tag-story","25":"tag-top-stories","26":"tag-topstories","27":"tag-trafikkmeldinger"},"share_on_mastodon":{"url":"https:\/\/pubeurope.com\/@no\/115583409587907296","error":""},"_links":{"self":[{"href":"https:\/\/www.europesays.com\/no\/wp-json\/wp\/v2\/posts\/92224","targetHints":{"allow":["GET"]}}],"collection":[{"href":"https:\/\/www.europesays.com\/no\/wp-json\/wp\/v2\/posts"}],"about":[{"href":"https:\/\/www.europesays.com\/no\/wp-json\/wp\/v2\/types\/post"}],"author":[{"embeddable":true,"href":"https:\/\/www.europesays.com\/no\/wp-json\/wp\/v2\/users\/2"}],"replies":[{"embeddable":true,"href":"https:\/\/www.europesays.com\/no\/wp-json\/wp\/v2\/comments?post=92224"}],"version-history":[{"count":0,"href":"https:\/\/www.europesays.com\/no\/wp-json\/wp\/v2\/posts\/92224\/revisions"}],"wp:featuredmedia":[{"embeddable":true,"href":"https:\/\/www.europesays.com\/no\/wp-json\/wp\/v2\/media\/92225"}],"wp:attachment":[{"href":"https:\/\/www.europesays.com\/no\/wp-json\/wp\/v2\/media?parent=92224"}],"wp:term":[{"taxonomy":"category","embeddable":true,"href":"https:\/\/www.europesays.com\/no\/wp-json\/wp\/v2\/categories?post=92224"},{"taxonomy":"post_tag","embeddable":true,"href":"https:\/\/www.europesays.com\/no\/wp-json\/wp\/v2\/tags?post=92224"}],"curies":[{"name":"wp","href":"https:\/\/api.w.org\/{rel}","templated":true}]}}