{"id":92281,"date":"2025-11-20T19:25:13","date_gmt":"2025-11-20T19:25:13","guid":{"rendered":"https:\/\/www.europesays.com\/no\/92281\/"},"modified":"2025-11-20T19:25:13","modified_gmt":"2025-11-20T19:25:13","slug":"trafikk-nordland-politiet-kjorte-i-fjellvegg-snurret-rundt-og-tippet-i-veibanen","status":"publish","type":"post","link":"https:\/\/www.europesays.com\/no\/92281\/","title":{"rendered":"Trafikk, Nordland | Politiet kj\u00f8rte i fjellvegg \u2013 snurret rundt og tippet i veibanen"},"content":{"rendered":"\n<p>En patrulje var p\u00e5 vei til et oppdrag da de kj\u00f8rte ut, like etter klokken 14 torsdag. Hendelsen fant sted p\u00e5 Fv 17. i Gildesk\u00e5l.<\/p>\n<p>\u2013 Kj\u00f8ret\u00f8yet har truffet en fjellvegg og snurret rundt og g\u00e5tt i et autovern f\u00f8r kj\u00f8ret\u00f8yet har tippet i veibanen, skriver operasjonsleder Ina Kristian Selfors p\u00e5 politiloggen.<\/p>\n<p>Det skal ha v\u00e6rt to personer i bilen da hendelsen fant sted. De to ble fraktet med ambulanse til sykehus for en sjekk.<\/p>\n<p>Spesialenheten for politisaker er varslet og det opprettes sak.<\/p>\n<p>Hendelsen skal ikke ha skjedd under utrykning, opplyser politiet. <\/p>\n<p>Klokken 15:30 melder operasjonsleder av bilberger er p\u00e5 stedet og vil starte berging av bilen.<\/p>\n","protected":false},"excerpt":{"rendered":"En patrulje var p\u00e5 vei til et oppdrag da de kj\u00f8rte ut, like etter klokken 14 torsdag. Hendelsen&hellip;\n","protected":false},"author":2,"featured_media":92282,"comment_status":"","ping_status":"","sticky":false,"template":"","format":"standard","meta":{"footnotes":""},"categories":[5],"tags":[36,20,21,24,25,15,19,22,23,17,18,13,30,687,28,29,14,16,1510,26,27,224,1204],"class_list":{"0":"post-92281","1":"post","2":"type-post","3":"status-publish","4":"format-standard","5":"has-post-thumbnail","7":"category-overskrifter","8":"tag-art","9":"tag-breaking-news","10":"tag-breakingnews","11":"tag-featured-news","12":"tag-featurednews","13":"tag-headlines","14":"tag-hovedoppslag","15":"tag-latest-news","16":"tag-latestnews","17":"tag-main-news","18":"tag-mainnews","19":"tag-news","20":"tag-no","21":"tag-nordland","22":"tag-norge","23":"tag-norway","24":"tag-nyheter","25":"tag-overskrifter","26":"tag-story","27":"tag-top-stories","28":"tag-topstories","29":"tag-trafikk","30":"tag-ulykker"},"share_on_mastodon":{"url":"https:\/\/pubeurope.com\/@no\/115583668923251699","error":""},"_links":{"self":[{"href":"https:\/\/www.europesays.com\/no\/wp-json\/wp\/v2\/posts\/92281","targetHints":{"allow":["GET"]}}],"collection":[{"href":"https:\/\/www.europesays.com\/no\/wp-json\/wp\/v2\/posts"}],"about":[{"href":"https:\/\/www.europesays.com\/no\/wp-json\/wp\/v2\/types\/post"}],"author":[{"embeddable":true,"href":"https:\/\/www.europesays.com\/no\/wp-json\/wp\/v2\/users\/2"}],"replies":[{"embeddable":true,"href":"https:\/\/www.europesays.com\/no\/wp-json\/wp\/v2\/comments?post=92281"}],"version-history":[{"count":0,"href":"https:\/\/www.europesays.com\/no\/wp-json\/wp\/v2\/posts\/92281\/revisions"}],"wp:featuredmedia":[{"embeddable":true,"href":"https:\/\/www.europesays.com\/no\/wp-json\/wp\/v2\/media\/92282"}],"wp:attachment":[{"href":"https:\/\/www.europesays.com\/no\/wp-json\/wp\/v2\/media?parent=92281"}],"wp:term":[{"taxonomy":"category","embeddable":true,"href":"https:\/\/www.europesays.com\/no\/wp-json\/wp\/v2\/categories?post=92281"},{"taxonomy":"post_tag","embeddable":true,"href":"https:\/\/www.europesays.com\/no\/wp-json\/wp\/v2\/tags?post=92281"}],"curies":[{"name":"wp","href":"https:\/\/api.w.org\/{rel}","templated":true}]}}