{"id":92290,"date":"2025-11-20T19:34:15","date_gmt":"2025-11-20T19:34:15","guid":{"rendered":"https:\/\/www.europesays.com\/no\/92290\/"},"modified":"2025-11-20T19:34:15","modified_gmt":"2025-11-20T19:34:15","slug":"petter-stordalen-avduker-hemmelig-statue-av-christian-ringnes-pa-karl-johan","status":"publish","type":"post","link":"https:\/\/www.europesays.com\/no\/92290\/","title":{"rendered":"Petter Stordalen avduker hemmelig statue av Christian Ringnes p\u00e5 Karl Johan"},"content":{"rendered":"<p class=\"kicker \" style=\"\">Petter Stordalen med stunt under fest\u00e5pning<\/p>\n<p>  &#8211; Ideen har v\u00e6rt planlagt i noen m\u00e5neder, avsl\u00f8rer kommunikasjonssjef.<\/p>\n<p>\n    ARTIGPER: Petter Stordalen er ikke fremmed for \u00e5 overraske med ulike stunts i forbindelse med hotell\u00e5pninger. Han har tidligere gjort entr\u00e9 p\u00e5 vannscooter, danset 78 meter over bakken og kommet kj\u00f8rende inn p\u00e5 hotell p\u00e5 motorsykkel. Kveldens stunt var derimot av det roligere slaget. Foto: Andreas Fadum \/ Se og H\u00f8r\n  <\/p>\n<p>KARL JOHAN (Se og H\u00f8r): Torsdag kveld avduket hotellkonge Petter Stordalen (62) en statue av eiendomsinvestor Christian Ringnes (71) i Karl Johans gate i Oslo sentrum.<\/p>\n<p>          <img loading=\"lazy\" decoding=\"async\" src=\"https:\/\/www.europesays.com\/no\/wp-content\/uploads\/2025\/11\/83880634.webp\" width=\"686\" height=\"721\" title=\"STATUEN: Petter Stordalen poserer ved siden av statuen av Christian Ringnes. Foto: Andreas Fadum \/ Se og H\u00f8r\" alt=\"\" class=\"\" style=\"--aspect-ratio-image: 0.95; \"\/><\/p>\n<p>\n          STATUEN: Petter Stordalen poserer ved siden av statuen av Christian Ringnes. Foto: Andreas Fadum \/ Se og H\u00f8r\n      <\/p>\n<p>Stuntet skjer i forbindelse med den store \u00e5pningen av det nye hotellet Hobo, og var en del av Stordalens tale i anledning \u00e5pningsfesten.<\/p>\n<p class=\"font-weight-bold m-font-weight-bold\" data-lab-font_weight=\"font-weight-bold\">&#8211; Dette er en personlig gave tilbake til Christian Ringnes. Ideen har v\u00e6rt planlagt i noen m\u00e5neder, og Christian vet ingenting, sa Johannes Banggren, kommunikasjonsr\u00e5dgiver for Petter Stordalen, til Se og H\u00f8r i forkant av avdukingen.\u00a0<\/p>\n<p>          <img loading=\"lazy\" decoding=\"async\" src=\"https:\/\/www.europesays.com\/no\/wp-content\/uploads\/2025\/11\/83880430.webp\" width=\"686\" height=\"762\" title=\"STERK DUO: Petter Stordalen \u00f8nsket \u00e5 gi en aldri s\u00e5 liten gave til Christian Ringnes. Her avbildet under \u00e5pningsfesten torsdag kveld. Foto: Andreas Fadum \/ Se og H\u00f8r\" alt=\"\" class=\"\" style=\"--aspect-ratio-image: 0.90; \"\/><\/p>\n<p>\n          STERK DUO: Petter Stordalen \u00f8nsket \u00e5 gi en aldri s\u00e5 liten gave til Christian Ringnes. Her avbildet under \u00e5pningsfesten torsdag kveld. Foto: Andreas Fadum \/ Se og H\u00f8r\n      <\/p>\n<p>          <img loading=\"lazy\" decoding=\"async\" src=\"https:\/\/www.europesays.com\/no\/wp-content\/uploads\/2025\/11\/83880469.webp\" width=\"686\" height=\"460\" title=\"NYTT HOTELL: Det nye boutique-hotellet ligger midt i Karl Johans gate i Oslo. Foto: Andreas Fadum \/ Se og H\u00f8r\" alt=\"\" class=\"\" style=\"--aspect-ratio-image: 1.49; \"\/><\/p>\n<p>\n          NYTT HOTELL: Det nye boutique-hotellet ligger midt i Karl Johans gate i Oslo. Foto: Andreas Fadum \/ Se og H\u00f8r\n      <\/p>\n<p>Hemmelig kunstner\t<\/p>\n<p>Gaven er en statue laget av en hemmelig kunstner, ment som en hyllest til Ringnes. Det er derimot ikke det eneste kunstverket.\u00a0<\/p>\n<p>    <a itemprop=\"url\" href=\"https:\/\/www.seher.no\/kjendis\/roper-detaljer-om-bryllup\/83873443\" rel=\"nofollow noopener\" target=\"_blank\"><\/p>\n<p>      <img loading=\"lazy\" decoding=\"async\" src=\"https:\/\/www.europesays.com\/no\/wp-content\/uploads\/2025\/11\/1763667251_813_83873830.webp\" width=\"147\" height=\"98\" title=\"R\u00f8per detaljer om bryllup\" alt=\"\" class=\"lazyload\" style=\"--aspect-ratio-image: 1.50; \"\/><\/p>\n<p>        R\u00f8per detaljer om bryllup<\/p>\n<p>    <\/a><\/p>\n<p>P\u00e5 forsiden av hotellbygget finnes det allerede to hoder &#8211; ett av Ringnes og ett av Stordalen &#8211; og statuen bygger videre p\u00e5 dette symbolsk.<\/p>\n<p class=\"font-weight-bold m-font-weight-bold\" data-lab-font_weight=\"font-weight-bold\">&#8211; Bare de n\u00e6rmeste involverte kjenner til prosjektet, understreket Banggren, og la til at det er f\u00f8rste gang Stordalen gj\u00f8r noe slikt.\u00a0<\/p>\n<p>          <img loading=\"lazy\" decoding=\"async\" src=\"https:\/\/www.europesays.com\/no\/wp-content\/uploads\/2025\/11\/83880432.webp\" width=\"686\" height=\"899\" title=\"P\u00c5 PLASS: Petter Stordalens datter Emilie Stordalen var selvsagt p\u00e5 plass for \u00e5pningsfesten. Hun jobber i hotellkonsernet til faren - Strawberry. Foto: Andreas Fadum \/ Se og H\u00f8r\" alt=\"\" class=\"\" style=\"--aspect-ratio-image: 0.76; \"\/><\/p>\n<p>\n          P\u00c5 PLASS: Petter Stordalens datter Emilie Stordalen var selvsagt p\u00e5 plass for \u00e5pningsfesten. Hun jobber i hotellkonsernet til faren &#8211; Strawberry. Foto: Andreas Fadum \/ Se og H\u00f8r\n      <\/p>\n<p>          <img loading=\"lazy\" decoding=\"async\" src=\"https:\/\/www.europesays.com\/no\/wp-content\/uploads\/2025\/11\/83880444.webp\" width=\"686\" height=\"783\" title=\"DUKKET OPP: Ogs\u00e5 Stordalens to s\u00f8nner Henrik og Jakob poserte gladelig p\u00e5 den lilla l\u00f8peren torsdag kveld. Foto: Andreas Fadum \/ Se og H\u00f8r\" alt=\"\" class=\"\" style=\"--aspect-ratio-image: 0.88; \"\/><\/p>\n<p>\n          DUKKET OPP: Ogs\u00e5 Stordalens to s\u00f8nner Henrik og Jakob poserte gladelig p\u00e5 den lilla l\u00f8peren torsdag kveld. Foto: Andreas Fadum \/ Se og H\u00f8r\n      <\/p>\n<p>          <img loading=\"lazy\" decoding=\"async\" src=\"https:\/\/www.europesays.com\/no\/wp-content\/uploads\/2025\/11\/83880536.webp\" width=\"686\" height=\"762\" title=\"RINGNES-DATTER: Isabelle Ringnes var selvsagt ogs\u00e5 til stede - med seg hadde hun forloveden Skage Gr\u00f8nneberg. Foto: Andreas Fadum \/ Se og H\u00f8r\" alt=\"\" class=\"\" style=\"--aspect-ratio-image: 0.90; \"\/><\/p>\n<p>\n          RINGNES-DATTER: Isabelle Ringnes var selvsagt ogs\u00e5 til stede &#8211; med seg hadde hun forloveden Skage Gr\u00f8nneberg. Foto: Andreas Fadum \/ Se og H\u00f8r\n      <\/p>\n<p>Statuen blir et privat eie, og vil ikke v\u00e6re tilgjengelig for salg eller offentlig visning i etterkant.\u00a0<\/p>\n<p class=\"font-weight-bold m-font-weight-bold\" data-lab-font_weight=\"font-weight-bold\">Da Stordalens nye hotell \u00e5pnet for allmennheten i oktober, hadde Ringnes allerede overrasket med et stunt: Han hadde nemlig klistret hoder av seg selv og Stordalen p\u00e5 hotellbyggets fasade.<\/p>\n<p>          <img loading=\"lazy\" decoding=\"async\" src=\"https:\/\/www.europesays.com\/no\/wp-content\/uploads\/2025\/11\/83880498.webp\" width=\"686\" height=\"433\" title=\"MORSOMT P\u00c5FUNN: Det er ikke bare Stordalen som er kreativ, ogs\u00e5 Ringnes har sine humoristiske p\u00e5funn. Foto: Andreas Fadum \/ Se og H\u00f8r\" alt=\"\" class=\"\" style=\"--aspect-ratio-image: 1.58; \"\/><\/p>\n<p>\n          MORSOMT P\u00c5FUNN: Det er ikke bare Stordalen som er kreativ, ogs\u00e5 Ringnes har sine humoristiske p\u00e5funn. Foto: Andreas Fadum \/ Se og H\u00f8r\n      <\/p>\n<p class=\"font-weight-light m-font-weight-light\" data-lab-font_weight=\"font-weight-light\">&#8211; Dette var mitt ansvar, det var ment som et stunt til \u00e5pningen, sa Ringnes til <a href=\"https:\/\/e24.no\/naeringsliv\/i\/4B54le\/ringnes-klistret-seg-selv-og-stordalen-paa-hotell-fasade-bare-for-goey\" rel=\"nofollow noopener\" target=\"_blank\">E24<\/a> i oktober.<\/p>\n<p>Stordalen tok stuntet med godt hum\u00f8r.<\/p>\n<p>\u00abDette ser jeg p\u00e5 som en god, gammeldags kj\u00e6rlighetserkl\u00e6ring mellom Tuppen og Lillemor\u00bb, skrev hotellkongen i en tekstmelding til E24 den gang.\u00a0<\/p>\n<p>          <img loading=\"lazy\" decoding=\"async\" src=\"https:\/\/www.europesays.com\/no\/wp-content\/uploads\/2025\/11\/83880436.webp\" width=\"686\" height=\"899\" title=\"TURTELDUER: Daniel God\u00f8 og Anders Rydning var begge med i hver sin sesong av \u00abFarmen\u00bb. Senere fant de kj\u00e6rligheten. Foto: Andreas Fadum \/ Se og H\u00f8r\" alt=\"\" class=\"\" style=\"--aspect-ratio-image: 0.76; \"\/><\/p>\n<p>\n          TURTELDUER: Daniel God\u00f8 og Anders Rydning var begge med i hver sin sesong av \u00abFarmen\u00bb. Senere fant de kj\u00e6rligheten. Foto: Andreas Fadum \/ Se og H\u00f8r\n      <\/p>\n<p>          <img loading=\"lazy\" decoding=\"async\" src=\"https:\/\/www.europesays.com\/no\/wp-content\/uploads\/2025\/11\/83880434.webp\" width=\"686\" height=\"906\" title=\"NYGIFT: Michael Hansson og Emilie Voe Nereng ga hverandre sitt ja i sommer. Torsdag kveld hadde de tatt p\u00e5 seg finstasen for \u00e5 f\u00e5 med seg hotell\u00e5pningen. Foto: Andreas Fadum \/ Se og H\u00f8r\" alt=\"\" class=\"\" style=\"--aspect-ratio-image: 0.76; \"\/><\/p>\n<p>\n          NYGIFT: Michael Hansson og Emilie Voe Nereng ga hverandre sitt ja i sommer. Torsdag kveld hadde de tatt p\u00e5 seg finstasen for \u00e5 f\u00e5 med seg hotell\u00e5pningen. Foto: Andreas Fadum \/ Se og H\u00f8r\n      <\/p>\n<p>          <img loading=\"lazy\" decoding=\"async\" src=\"https:\/\/www.europesays.com\/no\/wp-content\/uploads\/2025\/11\/83880438.webp\" width=\"686\" height=\"885\" title=\"S\u00d8STRE: Katarina og Bettina Flatland str\u00e5lte p\u00e5 den lilla l\u00f8peren. Foto: Andreas Fadum \/ Se og H\u00f8r\" alt=\"\" class=\"\" style=\"--aspect-ratio-image: 0.78; \"\/><\/p>\n<p>\n          S\u00d8STRE: Katarina og Bettina Flatland str\u00e5lte p\u00e5 den lilla l\u00f8peren. Foto: Andreas Fadum \/ Se og H\u00f8r\n      <\/p>\n<p>&#8211; Passe corny\t<\/p>\n<p>Ringnes forklarte at det ikke n\u00f8dvendigvis var tenkt at skulpturene skulle v\u00e6re fast fasadeinventar, og at han derfor ikke hadde s\u00f8kt Byantikvaren om tillatelse:\u00a0<\/p>\n<p>&#8211; Blir det rabalder f\u00e5r vi ta dem ned igjen. Byantikvaren kjenner jeg som en person med en viss humoristisk sans, og det er jo litt g\u00f8y i bybildet.\u00a0<\/p>\n<p>        F\u00c5R REAKSJONER: Norske Leonora Lysglimt-R\u00f8dland har f\u00e5tt mye oppmerksomhet etter sitt kostyme i Miss Universe. Video: Tiktok\/@fanof_pageants, Tiktok\/@officialmuth, R\u00f8d L\u00f8per\/Nora Skavhaug<\/p>\n<p>Han var derimot ikke helt sikker p\u00e5 om skulpturene skulle fjernes.\u00a0<\/p>\n<p>&#8211; Hvis det er i byens gode smak, hvorfor ikke? Det er jo passe corny, liksom, sa Ringnes.<\/p>\n<p>    <a itemprop=\"url\" href=\"https:\/\/www.seher.no\/kjendis\/gravid-etter-spontanabort-er-helt-i-sjokk\/83880229\" rel=\"nofollow noopener\" target=\"_blank\"><\/p>\n<p>      <img loading=\"lazy\" decoding=\"async\" src=\"https:\/\/www.europesays.com\/no\/wp-content\/uploads\/2025\/11\/83880251.webp\" width=\"147\" height=\"98\" title=\"Gravid etter spontanabort: - Er helt i sjokk\" alt=\"\" class=\"lazyload\" style=\"--aspect-ratio-image: 1.50; \"\/><\/p>\n<p>        Gravid etter spontanabort: &#8211; Er helt i sjokk<\/p>\n<p>    <\/a><\/p>\n<p>Det er den norske kunstneren Astri Tonoian som st\u00e5r bak skulpturene.<\/p>\n<p>&#8211; Hun er kjempeflink, og har gjort mange seri\u00f8se ting, sa Ringnes til E24.<\/p>\n<p>          <img loading=\"lazy\" decoding=\"async\" src=\"https:\/\/www.europesays.com\/no\/wp-content\/uploads\/2025\/11\/83880528.webp\" width=\"686\" height=\"831\" title=\"SM\u00d8RBLID: Influenser og \u00abBloggerne\u00bb-profil \u00d8yunn Krogh. Foto: Andreas Fadum \/ Se og H\u00f8r\" alt=\"\" class=\"\" style=\"--aspect-ratio-image: 0.83; \"\/><\/p>\n<p>\n          SM\u00d8RBLID: Influenser og \u00abBloggerne\u00bb-profil \u00d8yunn Krogh. Foto: Andreas Fadum \/ Se og H\u00f8r\n      <\/p>\n<p>          <img loading=\"lazy\" decoding=\"async\" src=\"https:\/\/www.europesays.com\/no\/wp-content\/uploads\/2025\/11\/83880530.webp\" width=\"686\" height=\"831\" title=\"LEKKER I SORT: Programleder Bahare Viken. Foto: Andreas Fadum \/ Se og H\u00f8r\" alt=\"\" class=\"\" style=\"--aspect-ratio-image: 0.83; \"\/><\/p>\n<p>\n          LEKKER I SORT: Programleder Bahare Viken. Foto: Andreas Fadum \/ Se og H\u00f8r\n      <\/p>\n<p>          <img loading=\"lazy\" decoding=\"async\" src=\"https:\/\/www.europesays.com\/no\/wp-content\/uploads\/2025\/11\/83880657.webp\" width=\"686\" height=\"817\" title=\"NORGES-BES\u00d8K: Den svenske influenseren Alice Stenl\u00f6f overrasket p\u00e5 fest\u00e5pningen i Oslo. Foto: Andreas Fadum \/ Se og H\u00f8r\" alt=\"\" class=\"\" style=\"--aspect-ratio-image: 0.84; \"\/><\/p>\n<p>\n          NORGES-BES\u00d8K: Den svenske influenseren Alice Stenl\u00f6f overrasket p\u00e5 fest\u00e5pningen i Oslo. Foto: Andreas Fadum \/ Se og H\u00f8r\n      <\/p>\n<p>          <img loading=\"lazy\" decoding=\"async\" src=\"https:\/\/www.europesays.com\/no\/wp-content\/uploads\/2025\/11\/83880661.webp\" width=\"686\" height=\"776\" title=\"KOM ALENE: Bendik Skinningsrud giftet seg med Stein Erik Hagen forrige helg. Torsdag dukket han opp alene da ektemannen befinner seg i Skottland. Foto: Andreas Fadum \/ Se og H\u00f8r\" alt=\"\" class=\"\" style=\"--aspect-ratio-image: 0.88; \"\/><\/p>\n<p>\n          KOM ALENE: Bendik Skinningsrud giftet seg med Stein Erik Hagen forrige helg. Torsdag dukket han opp alene da ektemannen befinner seg i Skottland. Foto: Andreas Fadum \/ Se og H\u00f8r\n      <\/p>\n<p>          <img loading=\"lazy\" decoding=\"async\" src=\"https:\/\/www.europesays.com\/no\/wp-content\/uploads\/2025\/11\/83880664.webp\" width=\"686\" height=\"831\" title=\"\u00abMUFFIN MAN\u00bb: OL-sv\u00f8mmer Henrik Christiansen og kj\u00e6resten Sanne Sofie Andersen. Foto: Andreas Fadum \/ Se og H\u00f8r\" alt=\"\" class=\"\" style=\"--aspect-ratio-image: 0.83; \"\/><\/p>\n<p>\n          \u00abMUFFIN MAN\u00bb: OL-sv\u00f8mmer Henrik Christiansen og kj\u00e6resten Sanne Sofie Andersen. Foto: Andreas Fadum \/ Se og H\u00f8r\n      <\/p>\n<p>700 millioner i hotell\t<\/p>\n<p>Stordalen har sammen med g\u00e5rdeier Christian Ringnes&#8217; Eiendomsspar og Mette Borge Eiendom, investert 700 millioner kroner i totalrenovering av de tre byggene som danner hotellet.<\/p>\n<p>Hobo legger seg p\u00e5 et annet prisniv\u00e5 enn Stordalens luksushoteller som Sommerro, The Thief og Amerikalinjen, og skal v\u00e6re en god del hippere.<\/p>\n<p>        EN FAVORITT: \u00abCharterfeber\u00bb-s\u00f8strene Gry Lofsberg og Nina Pedersen Ellevog er kjent for en helt spesiell ting. Video: Kine Falch \/ R\u00f8d L\u00f8per<\/p>\n<p class=\"font-weight-bold m-font-weight-bold\" data-lab-font_weight=\"font-weight-bold\">&#8211; Vi skaper en s\u00e5nn urban livsstil i et hotell. Det er mye kultur, musikk, mye som skjer, sa Stordalen i et nylig intervju med<a href=\"https:\/\/e24.no\/naeringsliv\/i\/4B5oxG\/stordalen-aapner-nytt-hotell-det-blir-smoer\" rel=\"nofollow noopener\" target=\"_blank\"> E24.<\/a><\/p>\n<p>Hotellet har b\u00e5de kaffebar, pizzarestaurant, bar og \u00abkonseptuell dining\u00bb. Kaffen kommer fra lokale brennere som Fuglen, mens bakervarene kommer fra Mendels, som ligger vegg i vegg.<\/p>\n<p>&#8211; Det er for dem som ikke har lyst til \u00e5 betale for \u00e5 bo p\u00e5 et femstjerners hotell, men heller ikke vil bo p\u00e5 et budsjetthotell, sa Stordalen.<\/p>\n","protected":false},"excerpt":{"rendered":"Petter Stordalen med stunt under fest\u00e5pning &#8211; Ideen har v\u00e6rt planlagt i noen m\u00e5neder, avsl\u00f8rer kommunikasjonssjef. ARTIGPER: Petter&hellip;\n","protected":false},"author":2,"featured_media":92291,"comment_status":"","ping_status":"","sticky":false,"template":"","format":"standard","meta":{"footnotes":""},"categories":[58],"tags":[4901,4104,71,479,30,28,29,1934,72],"class_list":{"0":"post-92290","1":"post","2":"type-post","3":"status-publish","4":"format-standard","5":"has-post-thumbnail","7":"category-underholdning","8":"tag-christian-ringnes","9":"tag-eksklusivt","10":"tag-entertainment","11":"tag-kjendis","12":"tag-no","13":"tag-norge","14":"tag-norway","15":"tag-petter-stordalen","16":"tag-underholdning"},"share_on_mastodon":{"url":"https:\/\/pubeurope.com\/@no\/115583704648208469","error":""},"_links":{"self":[{"href":"https:\/\/www.europesays.com\/no\/wp-json\/wp\/v2\/posts\/92290","targetHints":{"allow":["GET"]}}],"collection":[{"href":"https:\/\/www.europesays.com\/no\/wp-json\/wp\/v2\/posts"}],"about":[{"href":"https:\/\/www.europesays.com\/no\/wp-json\/wp\/v2\/types\/post"}],"author":[{"embeddable":true,"href":"https:\/\/www.europesays.com\/no\/wp-json\/wp\/v2\/users\/2"}],"replies":[{"embeddable":true,"href":"https:\/\/www.europesays.com\/no\/wp-json\/wp\/v2\/comments?post=92290"}],"version-history":[{"count":0,"href":"https:\/\/www.europesays.com\/no\/wp-json\/wp\/v2\/posts\/92290\/revisions"}],"wp:featuredmedia":[{"embeddable":true,"href":"https:\/\/www.europesays.com\/no\/wp-json\/wp\/v2\/media\/92291"}],"wp:attachment":[{"href":"https:\/\/www.europesays.com\/no\/wp-json\/wp\/v2\/media?parent=92290"}],"wp:term":[{"taxonomy":"category","embeddable":true,"href":"https:\/\/www.europesays.com\/no\/wp-json\/wp\/v2\/categories?post=92290"},{"taxonomy":"post_tag","embeddable":true,"href":"https:\/\/www.europesays.com\/no\/wp-json\/wp\/v2\/tags?post=92290"}],"curies":[{"name":"wp","href":"https:\/\/api.w.org\/{rel}","templated":true}]}}