{"id":92294,"date":"2025-11-20T19:39:13","date_gmt":"2025-11-20T19:39:13","guid":{"rendered":"https:\/\/www.europesays.com\/no\/92294\/"},"modified":"2025-11-20T19:39:13","modified_gmt":"2025-11-20T19:39:13","slug":"tryg-advarer-mot-bruk-av-adaptiv-cruisekontroll-pa-glatt-fore","status":"publish","type":"post","link":"https:\/\/www.europesays.com\/no\/92294\/","title":{"rendered":"Tryg advarer mot bruk av adaptiv cruisekontroll p\u00e5 glatt f\u00f8re"},"content":{"rendered":"<p class=\"kicker text-red color_mobile_text-red\" style=\"\">Glatte veier<\/p>\n<p>  I fjor registrerte forsikringsbransjen 46.000 p\u00e5kj\u00f8rsler bakfra.<\/p>\n<p>\n    Foto: AdobeStock &#8211; Tryg Forsikring.\n  <\/p>\n<p>(Elbil24): Vinterm\u00e5nedene er rett rundt hj\u00f8rnet, og minusgradene har allerede meldt seg mange steder i landet. Ikke overraskende betyr det ogs\u00e5 flere ulykker i trafikken som f\u00f8lge av glatte veier.<\/p>\n<p>Tall fra Finans Norge viser at forsikringsbransjen registrerte hele 46.000 p\u00e5kj\u00f8rsler bakfra i 2024. Flest p\u00e5kj\u00f8rsler bakfra skjer om vinteren, og Tryg Forsikring g\u00e5r n\u00e5 ut med en oppfordring om \u00e5 v\u00e6re forsiktig og holde avstand til bilen foran.<\/p>\n<p>Samtidig advarer Tryg mot ufornuftig bruk av adaptiv cruisekontroll.<\/p>\n<p>    <a itemprop=\"url\" href=\"https:\/\/www.elbil24.no\/pro\/25-elbiler-vi-ser-fram-til-i-2026\/83847457\" rel=\"nofollow noopener\" target=\"_blank\"><\/p>\n<p>      <img loading=\"lazy\" decoding=\"async\" src=\"https:\/\/www.europesays.com\/no\/wp-content\/uploads\/2025\/11\/1763667552_414_83851410.webp\" width=\"980\" height=\"441\" title=\"25 elbiler vi ser fram til i 2026\" alt=\"\" class=\"lazyload\" style=\"--aspect-ratio-image: 2.22; \"\/><\/p>\n<p>        25 elbiler vi ser fram til i 2026<\/p>\n<p>    <\/a><\/p>\n<p>Velg riktig innstilling\t<\/p>\n<p>\u2013 Adaptiv fartsholder hjelper deg med \u00e5 holde avstand, men den er ikke smart nok til \u00e5 vurdere kj\u00f8reforholdene, sier kommunikasjonsr\u00e5dgiver Espen Borge i Tryg.<\/p>\n<p>&#8211; P\u00e5 glatt f\u00f8re er det lett for at du sklir inn i bilen foran dersom avstanden er for liten, fortsetter Borge.<\/p>\n<p>Tryg ber n\u00e5 bilister om \u00e5 sette seg inn i hvordan adaptiv cruisekontroll fungerer, og oppfordrer til \u00e5 velge lengst mulig avstand til kj\u00f8ret\u00f8yet foran. I cruisekontroll-innstillingene kan man som kjent justere avstanden din bil skal holde til bilen foran.<\/p>\n<p>\u2013 Til syvende og sist er det bilf\u00f8rer som har ansvaret. Avstanden som fungerte i sommer, er ikke nok n\u00e5r forholdene blir krevende, sier Borge.<\/p>\n<p>    <a itemprop=\"url\" href=\"https:\/\/www.elbil24.no\/nyheter\/mistet-lappen-pa-stedet\/83875042\" rel=\"nofollow noopener\" target=\"_blank\"><\/p>\n<p>      <img loading=\"lazy\" decoding=\"async\" src=\"https:\/\/www.europesays.com\/no\/wp-content\/uploads\/2025\/11\/1763667553_447_83875047.webp\" width=\"980\" height=\"441\" title=\"Mistet lappen p\u00e5 stedet\" alt=\"\" class=\"lazyload\" style=\"--aspect-ratio-image: 2.22; \"\/><\/p>\n<p>        Mistet lappen p\u00e5 stedet<\/p>\n<p>    <\/a><\/p>\n<p>&#8211; Dropp cruisekontroll\t<\/p>\n<p>Tryg frykter at en travel f\u00f8rjulstid vil f\u00f8re til at enda flere f\u00e5r et ublidt m\u00f8te med bilen foran.<\/p>\n<p>\u2013 I desember er mange bilister stresset, og det er m\u00f8rkt og glatt store deler av d\u00f8gnet. Er det skikkelig glatt, b\u00f8r du vurdere \u00e5 droppe adaptiv cruisekontroll helt \u2013 og heller ta kontrollen selv, sier Borge.<\/p>\n<p>If\u00f8lge Finans Norge har p\u00e5kj\u00f8rsler bakfra kostet forsikringsbransjen over 1,3 milliarder i 2024.<\/p>\n","protected":false},"excerpt":{"rendered":"Glatte veier I fjor registrerte forsikringsbransjen 46.000 p\u00e5kj\u00f8rsler bakfra. Foto: AdobeStock &#8211; Tryg Forsikring. (Elbil24): Vinterm\u00e5nedene er rett&hellip;\n","protected":false},"author":2,"featured_media":92295,"comment_status":"","ping_status":"","sticky":false,"template":"","format":"standard","meta":{"footnotes":""},"categories":[5],"tags":[12046,222,8075,20,21,267,12045,24,25,11732,15,19,22,23,17,18,13,30,28,29,14,16,26,27,224],"class_list":{"0":"post-92294","1":"post","2":"type-post","3":"status-publish","4":"format-standard","5":"has-post-thumbnail","7":"category-overskrifter","8":"tag-adaptiv-cruise-control","9":"tag-bil","10":"tag-bilforsikring","11":"tag-breaking-news","12":"tag-breakingnews","13":"tag-elbil","14":"tag-fartsholder","15":"tag-featured-news","16":"tag-featurednews","17":"tag-glatte-veier","18":"tag-headlines","19":"tag-hovedoppslag","20":"tag-latest-news","21":"tag-latestnews","22":"tag-main-news","23":"tag-mainnews","24":"tag-news","25":"tag-no","26":"tag-norge","27":"tag-norway","28":"tag-nyheter","29":"tag-overskrifter","30":"tag-top-stories","31":"tag-topstories","32":"tag-trafikk"},"share_on_mastodon":{"url":"https:\/\/pubeurope.com\/@no\/115583724360313417","error":""},"_links":{"self":[{"href":"https:\/\/www.europesays.com\/no\/wp-json\/wp\/v2\/posts\/92294","targetHints":{"allow":["GET"]}}],"collection":[{"href":"https:\/\/www.europesays.com\/no\/wp-json\/wp\/v2\/posts"}],"about":[{"href":"https:\/\/www.europesays.com\/no\/wp-json\/wp\/v2\/types\/post"}],"author":[{"embeddable":true,"href":"https:\/\/www.europesays.com\/no\/wp-json\/wp\/v2\/users\/2"}],"replies":[{"embeddable":true,"href":"https:\/\/www.europesays.com\/no\/wp-json\/wp\/v2\/comments?post=92294"}],"version-history":[{"count":0,"href":"https:\/\/www.europesays.com\/no\/wp-json\/wp\/v2\/posts\/92294\/revisions"}],"wp:featuredmedia":[{"embeddable":true,"href":"https:\/\/www.europesays.com\/no\/wp-json\/wp\/v2\/media\/92295"}],"wp:attachment":[{"href":"https:\/\/www.europesays.com\/no\/wp-json\/wp\/v2\/media?parent=92294"}],"wp:term":[{"taxonomy":"category","embeddable":true,"href":"https:\/\/www.europesays.com\/no\/wp-json\/wp\/v2\/categories?post=92294"},{"taxonomy":"post_tag","embeddable":true,"href":"https:\/\/www.europesays.com\/no\/wp-json\/wp\/v2\/tags?post=92294"}],"curies":[{"name":"wp","href":"https:\/\/api.w.org\/{rel}","templated":true}]}}