{"id":92310,"date":"2025-11-20T19:59:13","date_gmt":"2025-11-20T19:59:13","guid":{"rendered":"https:\/\/www.europesays.com\/no\/92310\/"},"modified":"2025-11-20T19:59:13","modified_gmt":"2025-11-20T19:59:13","slug":"jorn-eggum-bellona-hauge-og-vg-journalist-ma-vitne-i-lier-hansen-rettssaken-e24","status":"publish","type":"post","link":"https:\/\/www.europesays.com\/no\/92310\/","title":{"rendered":"J\u00f8rn Eggum, Bellona-Hauge og VG-journalist m\u00e5 vitne i Lier-Hansen-rettssaken \u2013 E24"},"content":{"rendered":"<p class=\"fullWidthDesktop hyperion-css-71ztg2\" data-test-tag=\"lead-text\">Stein Lier-Hansen har f\u00f8rt opp flere samfunnstopper p\u00e5 \u00abet veldig stort antall\u00bb bar- og restaurantregninger, if\u00f8lge \u00d8kokrim. <\/p>\n<p><img decoding=\"async\" class=\"image-asset hyperion-css-u06ts1\" data-test-tag=\"image-asset\" src=\"https:\/\/www.europesays.com\/no\/wp-content\/uploads\/2025\/11\/dc85f461-686e-4d74-bd29-15b4bdeb6bc9\"  alt=\"M\u00d8TES I RETTEN: Stein Lier-Hansen (t.h.) startet i milj\u00f8stiftelsen Bellona under Frederic Hauge (t.v.) etter han sluttet i Norsk Industri, men sa opp stillingen i v\u00e5r. N\u00e5 m\u00e5 Hauge vitne i rettssaken mot sin tidligere kollega. \"  loading=\"eager\" fetchpriority=\"high\" style=\"aspect-ratio:1900 \/ 1101\"\/>M\u00d8TES I RETTEN: Stein Lier-Hansen (t.h.) startet i milj\u00f8stiftelsen Bellona under Frederic Hauge (t.v.) etter han sluttet i Norsk Industri, men sa opp stillingen i v\u00e5r. N\u00e5 m\u00e5 Hauge vitne i rettssaken mot sin tidligere kollega. Foto: Helge Mikalsen \/ VG \/ NTBPublisert: Publisert: <\/p>\n<p>For mindre enn 3 timer siden<\/p>\n<p>Kortversjonen<\/p>\n<ul class=\"hyperion-css-pkq1ci\" data-test-tag=\"list\">\n<li class=\"hyperion-css-12h2ush\">Stein Lier-Hansen er tiltalt for grov \u00f8konomisk utroskap og grov korrupsjon. <\/li>\n<li class=\"hyperion-css-12h2ush\">\u00d8kokrim mener at Lier-Hansen har brukt nesten en halv million kroner p\u00e5 private restaurantbes\u00f8k, som han urettmessig har belastet kredittkortet til Norsk Industri, if\u00f8lge en oppdatert tiltale. <\/li>\n<li class=\"hyperion-css-12h2ush\">\u00d8kokrim mener Lier-Hansen har oppgitt uriktig informasjon om restaurantbes\u00f8kene, og at de ikke har noe med Norsk Industri \u00e5 gj\u00f8re.<\/li>\n<li class=\"hyperion-css-12h2ush\">Tidligere Fellesforbundet-leder J\u00f8rn Eggum, Bellona-sjef Frederic Hauge og VG-journalist Bj\u00f8rn Haugan kalles inn som vitner. De er oppf\u00f8rt p\u00e5 et \u00abet veldig stort antall\u00bb bar- og restaurantregninger, if\u00f8lge \u00d8kokrim. <\/li>\n<li class=\"hyperion-css-12h2ush\">VG har p\u00e5beropt seg kildevernet i saken, noe som utfordres av \u00d8kokrim.<\/li>\n<\/ul>\n<p class=\"hyperion-css-10lbhat\">Oppsummeringen er laget av AI-verkt\u00f8yet ChatGPT og kvalitetssikret av E24s journalister<\/p>\n<p>Vis mer <\/p>\n<ul class=\"hyperion-css-pte5x0\">\n<li aria-label=\"link\" class=\"narrow-button hyperion-css-1sz7d3n\">Kopier lenke<\/li>\n<li aria-label=\"link\" class=\"wide-button hyperion-css-1sz7d3n\">Kopier lenke<\/li>\n<li aria-label=\"facebook\" class=\"narrow-button hyperion-css-1sz7d3n\">Del p\u00e5 Facebook<\/li>\n<li aria-label=\"facebook\" class=\"wide-button hyperion-css-1sz7d3n\">Del p\u00e5 Facebook<\/li>\n<li aria-label=\"email\" class=\"narrow-button hyperion-css-1sz7d3n\">Del med e-post<\/li>\n<li aria-label=\"email\" class=\"wide-button hyperion-css-1sz7d3n\">Del med e-post<\/li>\n<\/ul>\n<p class=\"hyperion-css-1lemvax\">\u2013 Jeg kan bekrefte at jeg har v\u00e6rt i avh\u00f8r, og at jeg der fikk innsyn i ting som sjokkerte meg. Det er snakk om sv\u00e6rt mange middager som jeg beviselig ikke har v\u00e6rt p\u00e5, sier Bellona-sjef Frederic Hauge, som inntil nylig <a data-test-tag=\"internal-link\" href=\"https:\/\/e24.no\/naeringsliv\/i\/mPwq7q\/stein-lier-hansen-ferdig-i-bellona\" class=\"hyperion-css-1rezu2g\" rel=\"nofollow noopener\" target=\"\" aria-label=\"var Lier-Hansens sjef\">var Lier-Hansens sjef<\/a>.<\/p>\n<p class=\"hyperion-css-1lemvax\">Hauge er et av de nye vitnene som n\u00e5 er kalt inn av \u00d8kokrim i den kommende rettssaken mot den tidligere Norsk Industri-direkt\u00f8ren.<strong> <\/strong>Lier-Hansen st\u00e5r <a data-test-tag=\"internal-link\" href=\"https:\/\/e24.no\/naeringsliv\/i\/alxzmd\/stein-lier-hansen-tiltalt-for-grov-korrupsjon-og-grov-oekonomisk-utroskap\" class=\"hyperion-css-1rezu2g\" rel=\"nofollow noopener\" target=\"\" aria-label=\"tiltalt for grov \u00f8konomisk utroskap og grov korrupsjon\">tiltalt for grov \u00f8konomisk utroskap og grov korrupsjon<\/a>. Han har nektet straffskyld for grov korrupsjon.<\/p>\n<p class=\"hyperion-css-1lemvax\">J\u00f8rn Eggum er ogs\u00e5 ett av de nye vitnene. Han var tidligere leder av Fellesforbundet, og var i \u00e5revis motparten til Lier-Hansen og Norsk Industri i l\u00f8nnsoppgj\u00f8ret. Eggum har ikke besvart E24s henvendelser.<\/p>\n<p><img decoding=\"async\" class=\"image-asset hyperion-css-159szze\" data-test-tag=\"image-asset\" src=\"https:\/\/www.europesays.com\/no\/wp-content\/uploads\/2025\/11\/13a8a9d6-bb66-4d8f-a506-357d934c8712\"  alt=\"Tidligere leder for Fellesforbundet, J\u00f8rn Eggum (t.v.), og tidligere leder for Norsk Industri, Stein Lier-Hansen (t.h.), under l\u00f8nnsoppgj\u00f8ret i 2022. \"  loading=\"eager\" fetchpriority=\"high\" style=\"aspect-ratio:1900 \/ 1041\"\/>Tidligere leder for Fellesforbundet, J\u00f8rn Eggum (t.v.), og tidligere leder for Norsk Industri, Stein Lier-Hansen (t.h.), under l\u00f8nnsoppgj\u00f8ret i 2022. Foto: Terje Pedersen \/ NTB<\/p>\n<p class=\"hyperion-css-1lemvax\">VG-journalist Bj\u00f8rn Haugan, som har fulgt Lier-Hansen tett i mange \u00e5r, er ogs\u00e5 kalt inn. Lier-Hansen skal ha f\u00f8rt ham opp p\u00e5 147 restaurant- og barregninger mellom 2019 og 2023, if\u00f8lge \u00d8kokrim. E24 er et heleid datterselskap av VG.<\/p>\n<p class=\"hyperion-css-1lemvax\">Felles for alle tre er at de skal forklare seg om det \u00d8kokrim kaller \u00abet veldig stort antall\u00bb restaurant- og barbes\u00f8k, som Lier-Hansen skal ha f\u00e5tt Norsk Industri til \u00e5 betale med kredittkort.<\/p>\n<p class=\"hyperion-css-1lemvax\">\u00d8kokrim <a data-test-tag=\"internal-link\" href=\"https:\/\/e24.no\/naeringsliv\/i\/Ey9O1o\/tiltale-brukte-en-kvart-million-paa-private-restaurantbesoek\" class=\"hyperion-css-1rezu2g\" rel=\"nofollow noopener\" target=\"\" aria-label=\"mener Lier-Hansen har oppgitt uriktig informasjon om restaurantbes\u00f8kene\">mener Lier-Hansen har oppgitt uriktig informasjon om restaurantbes\u00f8kene<\/a>, og at de ikke har noe med Norsk Industri \u00e5 gj\u00f8re.<\/p>\n<p>Dette er de nye vitnene <\/p>\n<p class=\"hyperion-css-ffjyk2\">En <a data-test-tag=\"internal-link\" href=\"https:\/\/e24.no\/naeringsliv\/i\/KMAaxo\/mektige-industritopper-kalles-inn-som-vitner\" class=\"hyperion-css-1rezu2g\" rel=\"nofollow noopener\" target=\"\" aria-label=\"rekke mektige n\u00e6ringslivstopper er tidligere kalt inn som vitner\">rekke mektige n\u00e6ringslivstopper er tidligere kalt inn som vitner<\/a> i saken, men n\u00e5 er fire nye personer p\u00e5 vitnelisten.\u00a0<\/p>\n<p class=\"hyperion-css-ffjyk2\">Tre av vitnene er kalt inn for \u00e5 vitne om delen av tiltalen som dreier seg om restaurantutgifter.\u00a0<\/p>\n<ul class=\"hyperion-css-pkq1ci\" data-test-tag=\"list\">\n<li class=\"hyperion-css-12h2ush\"><strong>J\u00f8rn Eggum: <\/strong>Tidligere leder av Fellesforbundet. Var Lier-Hansens motpart i forhandlinger om frontfagsoppgj\u00f8ret i mange \u00e5r.\u00a0<\/li>\n<li class=\"hyperion-css-12h2ush\"><strong>Frederic Hauge: <\/strong>Sjef for milj\u00f8stiftelsen Bellona. Lier-Hansen begynte i Bellona etter at han sluttet i Norsk Industri, men <a data-test-tag=\"internal-link\" href=\"https:\/\/e24.no\/naeringsliv\/i\/mPwq7q\/stein-lier-hansen-ferdig-i-bellona\" class=\"hyperion-css-1rezu2g\" rel=\"nofollow noopener\" target=\"\" aria-label=\"sa opp sin stilling tidligere i \u00e5r\">sa opp sin stilling tidligere i \u00e5r<\/a>.\u00a0<\/li>\n<li class=\"hyperion-css-12h2ush\"><strong>Bj\u00f8rn Haugan: <\/strong>VG-journalist som har dekket Lier-Hansen tett i en \u00e5rrekke.\u00a0<\/li>\n<li class=\"hyperion-css-12h2ush\">Det fjerde nye vitnet er en person med kjennskap til viltforvaltning i Tr\u00f8ndelag, som skal vitne om fakturering av jakt. Han har ikke besvart E24s henvendelse.\u00a0<\/li>\n<\/ul>\n<p>Vis merNesten halv million p\u00e5 restaurant og bar <\/p>\n<p class=\"hyperion-css-1lemvax\">\u00d8kokrim har n\u00e5 gjennomf\u00f8rt nye avh\u00f8r, og ogs\u00e5 endret tiltalen i saken. De mener Lier-Hansen har brukt totalt 486.755 kroner p\u00e5 private restaurantbes\u00f8k, en \u00f8kning p\u00e5 dr\u00f8yt 200.000 kroner fra den opprinnelige tiltalen fra april.<\/p>\n<p class=\"hyperion-css-1lemvax\">I den ferske tiltalen anklages Stein-Lier Hansen for \u00e5 ha p\u00e5f\u00f8rt Norsk Industri urettmessige kostnader p\u00e5 over 10,1 millioner kroner. Totalbel\u00f8pet er nedjustert med rundt en halv million fra den opprinnelige tiltalen som kom i april. \u00d8kokrim har frafalt flere tiltalepunkter som gjelder fisketurer Lier-Hansen skal ha v\u00e6rt p\u00e5.<\/p>\n<p><a data-test-tag=\"teaser-small:link-internal\" href=\"https:\/\/e24.no\/naeringsliv\/i\/AvaqJA\/nato-jens-paa-lier-hansens-gjesteliste-sier-han-aldri-ble-invitert\" class=\"imagePosition-top inline hyperion-css-6238vu\" rel=\"nofollow noopener\" target=\"\" aria-label=\"Nato-Jens p\u00e5 Lier-Hansens gjesteliste \u2013 sier han aldri ble invitert\"><\/p>\n<p>Les ogs\u00e5<\/p>\n<p>Nato-Jens p\u00e5 Lier-Hansens gjesteliste \u2013 sier han aldri ble invitert<\/p>\n<p><\/a><\/p>\n<p class=\"hyperion-css-1lemvax\">F\u00f8rstestatsadvokat B\u00e5rd Thorsen i \u00d8kokrim opplyser til E24 at noen forhold fortsatt var under etterforskning da den opprinnelig tiltalen ble tatt ut.<\/p>\n<p class=\"hyperion-css-1lemvax\">\u2013 Det er snakk om et veldig stort antall middager, sier Thorsen til E24.<\/p>\n<p>Dette har skjedd i saken: <\/p>\n<ul class=\"hyperion-css-pkq1ci\" data-test-tag=\"list\">\n<li class=\"hyperion-css-12h2ush\">04.10.2023: PWC startet unders\u00f8kelser av Lier-Hansens pengebruk p\u00e5 oppdrag for Norsk Industri, if\u00f8lge PWCs egen rapport. <\/li>\n<li class=\"hyperion-css-12h2ush\">24.10.2023: PWC leverte utkast til rapport. <\/li>\n<li class=\"hyperion-css-12h2ush\">13.11.2023: PWC ble ferdig med sine unders\u00f8kelser for Norsk Industri. <\/li>\n<li class=\"hyperion-css-12h2ush\">07.11.2023: Advokatfirmaet BAHR leverte sin vurdering av PWC-rapporten til Norsk Industri-styret. <\/li>\n<li class=\"hyperion-css-12h2ush\">01.12.2023: <a data-test-tag=\"internal-link\" href=\"https:\/\/e24.no\/norsk-oekonomi\/i\/2B63Rx\/stein-lier-hansen-slutter-i-norsk-industri\" class=\"hyperion-css-1rezu2g\" rel=\"nofollow noopener\" target=\"\" aria-label=\"E24\">E24<\/a> og <a aria-label=\"VG\" class=\"default hyperion-css-1rezu2g\" href=\"https:\/\/www.vg.no\/nyheter\/i\/AP1q2q\/nho-topp-gaar-til-bellona\" rel=\"noopener nofollow noreferrer\" data-test-tag=\"external-link\" target=\"_blank\">VG<\/a> meldte om Stein Lier-Hansens avgang som Norsk Industri-direkt\u00f8r. <\/li>\n<li class=\"hyperion-css-12h2ush\">08.02.2024: E24 publiserte en artikkel om at <a data-test-tag=\"internal-link\" href=\"https:\/\/e24.no\/naeringsliv\/i\/dwy1JA\/norsk-industri-brukte-millioner-paa-jakt-og-sjoefly\" class=\"hyperion-css-1rezu2g\" rel=\"nofollow noopener\" target=\"\" aria-label=\"Norsk Industri leide et eksklusivt jaktomr\u00e5de og hytte p\u00e5 Dargesj\u00e5 p\u00e5 Hardangervidda\">Norsk Industri leide et eksklusivt jaktomr\u00e5de og hytte p\u00e5 Dargesj\u00e5 p\u00e5 Hardangervidda<\/a>.<\/li>\n<li class=\"hyperion-css-12h2ush\">09.02.2024: Norsk Industri opplyste at kostnadene for Lier-Hansens relasjonsbygging fra 2015 til 2023 <a data-test-tag=\"internal-link\" href=\"https:\/\/e24.no\/naeringsliv\/i\/APe18z\/norsk-industri-har-brukt-182-millioner-kroner-paa-relasjonsbygging\" class=\"hyperion-css-1rezu2g\" rel=\"nofollow noopener\" target=\"\" aria-label=\"summerer seg til 18,2 millioner kroner\">summerer seg til 18,2 millioner kroner<\/a>.<\/li>\n<li class=\"hyperion-css-12h2ush\">13.02.2024: Norsk Industri opplyste at de hadde <a data-test-tag=\"internal-link\" href=\"https:\/\/e24.no\/naeringsliv\/i\/EQ6dPa\/norsk-industri-utvider-undersoekelser-av-stein-lier-hansens-jaktavtale\" class=\"hyperion-css-1rezu2g\" rel=\"nofollow noopener\" target=\"\" aria-label=\"f\u00e5tt nye opplysninger om saken\">f\u00e5tt nye opplysninger om saken<\/a>, og at deres revisor PwC ville sette i gang en utvidet unders\u00f8kelse.<\/li>\n<li class=\"hyperion-css-12h2ush\">15.02.2024: Lier-Hansen <a data-test-tag=\"internal-link\" href=\"https:\/\/e24.no\/naeringsliv\/i\/O8wrLV\/tidligere-norsk-industri-sjef-hyrer-toppadvokater\" class=\"hyperion-css-1rezu2g\" rel=\"nofollow noopener\" target=\"\" aria-label=\"hyret Selmer-advokatene\">hyret Selmer-advokatene<\/a> Liv Monica Stubholt og Stian Berger R\u00f8sland.<\/li>\n<li class=\"hyperion-css-12h2ush\">16.02.2024: <a data-test-tag=\"internal-link\" href=\"https:\/\/e24.no\/naeringsliv\/i\/q1G6GL\/stein-lier-hansens-advokat-ber-oekokrim-vurdere-etterforskning\" class=\"hyperion-css-1rezu2g\" rel=\"nofollow noopener\" target=\"\" aria-label=\"Advokatene til Lier-Hansen sendte brev til \u00d8kokrim\">Advokatene til Lier-Hansen sendte brev til \u00d8kokrim<\/a> og ba dem vurdere etterforskning. Advokatene begrunnet dette med at Lier-Hansen ikke hadde tillit til prosessen Norsk Industri satte i gang med eget revisjonsselskap.<\/li>\n<li class=\"hyperion-css-12h2ush\">19.02.2024: Norsk Industri <a data-test-tag=\"internal-link\" href=\"https:\/\/e24.no\/naeringsliv\/i\/WRwzzj\/norsk-industri-stiller-egne-undersoekelser-i-bero-etter-moete-med-oekokrim\" class=\"hyperion-css-1rezu2g\" rel=\"nofollow noopener\" target=\"\" aria-label=\"satte egne unders\u00f8kelser p\u00e5 pause etter et m\u00f8te hos \u00d8kokrim\">satte egne unders\u00f8kelser p\u00e5 pause etter et m\u00f8te hos \u00d8kokrim<\/a>. De oppga at de ville vente og se hva \u00d8kokrim ville foreta seg.<\/li>\n<li class=\"hyperion-css-12h2ush\">19.02.2024: E24 skrev at <a data-test-tag=\"internal-link\" href=\"https:\/\/e24.no\/naeringsliv\/i\/JQkLE4\/norsk-industri-var-fast-leietaker-i-ettertraktet-lakseelv\" class=\"hyperion-css-1rezu2g\" rel=\"nofollow noopener\" target=\"\" aria-label=\"Norsk Industri ogs\u00e5 har v\u00e6rt fast leietager i en ettertraktet lakseelv\">Norsk Industri ogs\u00e5 har v\u00e6rt fast leietager i en ettertraktet lakseelv<\/a> i Tr\u00f8ndelag.<\/li>\n<li class=\"hyperion-css-12h2ush\">22.02.2024: E24 skrev at Norsk Industri var leietager p\u00e5 <a data-test-tag=\"internal-link\" href=\"https:\/\/e24.no\/naeringsliv\/i\/zEvyg4\/ny-hytteavsloering-norsk-industri-betalte-900000-kroner-for-lier-hansens-droemmested\" class=\"hyperion-css-1rezu2g\" rel=\"nofollow noopener\" target=\"\" aria-label=\"enda et jaktterreng med tilh\u00f8rende hytter\">enda et jaktterreng med tilh\u00f8rende hytter<\/a>.<\/li>\n<li class=\"hyperion-css-12h2ush\">06.03.2024: E24 skrev at <a data-test-tag=\"internal-link\" href=\"https:\/\/e24.no\/naeringsliv\/i\/0QM44o\/stein-lier-hansen-fikk-sjoefly-penger-rett-paa-egen-konto\" class=\"hyperion-css-1rezu2g\" rel=\"nofollow noopener\" target=\"\" aria-label=\"Norsk Industri betalte fakturaer for sj\u00f8fly mens Stein Lier-Hansen tok betalt av hyttenabo for de samme turene\">Norsk Industri betalte fakturaer for sj\u00f8fly mens Stein Lier-Hansen tok betalt av hyttenabo for de samme turene<\/a>. Lier-Hansen ville ikke svare p\u00e5 om han overf\u00f8rte pengene til Norsk Industri.<\/li>\n<li class=\"hyperion-css-12h2ush\">15.03.2024: Det ble kjent at \u00d8kokrim har \u00e5pnet etterforskning mot Lier-Hansen, og at <a data-test-tag=\"internal-link\" href=\"https:\/\/e24.no\/norsk-oekonomi\/i\/dwxM3j\/oekokrim-aapner-etterforskning-mot-stein-lier-hansen\" class=\"hyperion-css-1rezu2g\" rel=\"nofollow noopener\" target=\"\" aria-label=\"han var siktet for \u00e5 ha beg\u00e5tt grov \u00f8konomisk utroskap\">han var siktet for \u00e5 ha beg\u00e5tt grov \u00f8konomisk utroskap<\/a> mot Norsk Industri.<\/li>\n<li class=\"hyperion-css-12h2ush\">27.05.2024: E24 skrev at <a data-test-tag=\"internal-link\" href=\"https:\/\/e24.no\/naeringsliv\/i\/1Mnkjq\/norsk-industri-fikk-regningen-for-romjulsjakt-i-sverige\" class=\"hyperion-css-1rezu2g\" rel=\"nofollow noopener\" target=\"\" aria-label=\"Norsk Industri fikk regningen for romjulsjakt i Sverige\">Norsk Industri fikk regningen for romjulsjakt i Sverige<\/a> to \u00e5r p\u00e5 rad. Oppholdene sto i Lier-Hansens navn, og inkluderte b\u00e5de julaften og nytt\u00e5rsaften.<\/li>\n<li class=\"hyperion-css-12h2ush\">06.09.2024: E24 skrev at <a data-test-tag=\"internal-link\" href=\"https:\/\/e24.no\/naeringsliv\/i\/1Mqx1B\/stein-lier-hansens-jaktkompis-siktet-for-grovt-bedrageri\" class=\"hyperion-css-1rezu2g\" rel=\"nofollow noopener\" target=\"\" aria-label=\"Stein Lier-Hansens jaktkompis ble siktet for grovt bedrageri\">Stein Lier-Hansens jaktkompis ble siktet for grovt bedrageri<\/a> av et millionbel\u00f8p fra Norsk Industri. Siktelsen knytter seg til fiktiv fakturering av Norsk Industri, for det som blir kalt representasjonsjakt, sa f\u00f8rstestatsadvokat B\u00e5rd Thorsen i \u00d8kokrim.<\/li>\n<li class=\"hyperion-css-12h2ush\">18.09.2024: E24 skrev at <a data-test-tag=\"internal-link\" href=\"https:\/\/e24.no\/naeringsliv\/i\/LMPkjQ\/enda-en-bekjent-av-lier-hansen-siktet-for-grovt-bedrageri\" class=\"hyperion-css-1rezu2g\" rel=\"nofollow noopener\" target=\"\" aria-label=\"nok en bekjent av Lier-Hansen ble siktet\">nok en bekjent av Lier-Hansen ble siktet<\/a> for grovt bedrageri. Ogs\u00e5 denne siktelsen dreier seg om fiktiv fakturering av Norsk Industri.<\/li>\n<li class=\"hyperion-css-12h2ush\">03.04.2025: <a data-test-tag=\"internal-link\" href=\"https:\/\/e24.no\/naeringsliv\/i\/alxzmd\/stein-lier-hansen-tiltalt-for-grov-korrupsjon-og-grov-oekonomisk-utroskap\" class=\"hyperion-css-1rezu2g\" rel=\"nofollow noopener\" target=\"\" aria-label=\"\u00d8kokrim tok ut tiltale mot Lier-Hansen for grov korrupsjon og grov \u00f8konomisk utroskap\">\u00d8kokrim tok ut tiltale mot Lier-Hansen for grov korrupsjon og grov \u00f8konomisk utroskap<\/a>. To andre personer tiltales ogs\u00e5 i samme sak. De to tiltales for medvirkning til grov \u00f8konomisk utroskap. En av disse personene tiltales ogs\u00e5 for grov hvitvasking.<\/li>\n<li class=\"hyperion-css-12h2ush\">05.04.2025: E24 skrev at \u00d8kokrim mener <a data-test-tag=\"internal-link\" href=\"https:\/\/e24.no\/naeringsliv\/i\/Ey9O1o\/tiltale-brukte-en-kvart-million-paa-private-restaurantbesoek\" class=\"hyperion-css-1rezu2g\" rel=\"nofollow noopener\" target=\"\" aria-label=\"Lier-Hansen belastet Norsk Industri for en rekke private turer p\u00e5 restaurant\">Lier-Hansen belastet Norsk Industri for en rekke private turer p\u00e5 restaurant<\/a> \u2013 deriblant Lorry i Oslo \u2013 for en kvart million kroner. <\/li>\n<li class=\"hyperion-css-12h2ush\">24.06.2025: E24 skrev at styreleder St\u00e5le Kyllingstad i Norsk Industri <a data-test-tag=\"internal-link\" href=\"https:\/\/e24.no\/naeringsliv\/i\/PplWLp\/hemmelig-lier-hansen-rapport-styreleder-ble-advart-om-risiko-for-underslag\" class=\"hyperion-css-1rezu2g\" rel=\"nofollow noopener\" target=\"\" aria-label=\"allerede h\u00f8sten 2023 fikk detaljerte opplysninger i en hemmelig PWC-rapport\">allerede h\u00f8sten 2023 fikk detaljerte opplysninger i en hemmelig PWC-rapport<\/a> om flere av forholdene Stein Lier-Hansen n\u00e5 risikerer lang fengselsstraff for.<\/li>\n<li class=\"hyperion-css-12h2ush\">25.06.2025: E24 skrev at en <a data-test-tag=\"internal-link\" href=\"https:\/\/e24.no\/naeringsliv\/i\/B0a0b9\/toppadvokat-i-hemmelig-notat-fryktet-for-norsk-industris-omdoemme\" class=\"hyperion-css-1rezu2g\" rel=\"nofollow noopener\" target=\"\" aria-label=\"toppadvokat i BAHR fryktet for Norsk Industris omd\u00f8mme\">toppadvokat i BAHR fryktet for Norsk Industris omd\u00f8mme<\/a>, mente det ville v\u00e6rt \u00abunaturlig\u00bb \u00e5 anmelde Lier-Hansen, og r\u00e5det Norsk Industri-styrelederen til \u00e5 unng\u00e5 \u00abun\u00f8dig oppmerksomhet\u00bb.<\/li>\n<li class=\"hyperion-css-12h2ush\">30.06.2025: E24 skrev at dav\u00e6rende <a data-test-tag=\"internal-link\" href=\"https:\/\/e24.no\/naeringsliv\/i\/AvaqJA\/nato-jens-paa-lier-hansens-gjesteliste-sier-han-aldri-ble-invitert\" class=\"hyperion-css-1rezu2g\" rel=\"nofollow noopener\" target=\"\" aria-label=\"Nato-sjef Jens Stoltenberg og flere mektige politikere var p\u00e5 Lier-Hansens gjesteliste\">Nato-sjef Jens Stoltenberg og flere mektige politikere var p\u00e5 Lier-Hansens gjesteliste<\/a>, men sier de aldri var med p\u00e5 jakt, fiske eller restaurant med den tidligere sjefen i Norsk Industri.<\/li>\n<\/ul>\n<p>Vis mer<\/p>\n<p class=\"hyperion-css-1lemvax\">Lier-Hansens forsvarer Petter Mandt sier at hans klient ikke \u00f8nsker \u00e5 kommentere saken.<\/p>\n<p class=\"hyperion-css-1lemvax\">\u2013 Dette blir tema under straffesaken, sier Mandt til E24.<\/p>\n<p class=\"hyperion-css-1lemvax\">Rettssaken starter i januar, og det er satt av \u00e5tte uker i Oslo tingrett.<\/p>\n<p class=\"hyperion-css-1lemvax\">En <a data-test-tag=\"internal-link\" href=\"https:\/\/e24.no\/naeringsliv\/i\/KMAaxo\/mektige-industritopper-kalles-inn-som-vitner\" class=\"hyperion-css-1rezu2g\" rel=\"nofollow noopener\" target=\"\" aria-label=\"rekke mektige n\u00e6ringslivstopper er tidligere kalt inn som vitner\">rekke mektige n\u00e6ringslivstopper er tidligere kalt inn som vitner<\/a> i saken.<\/p>\n<p>Dette er de tiltalte:<\/p>\n<p class=\"hyperion-css-ffjyk2\"><strong>Stein Lier-Hansen (70), tidligere direkt\u00f8r i Norsk Industri: <\/strong>Tiltalt for grov korrupsjon og grov \u00f8konomisk utroskap. Hans forsvarer Petter Mandt har sagt til E24 at Lier-Hansen hele tiden v\u00e6rt \u00e5pen om at det kan v\u00e6re ting han m\u00e5 st\u00e5 til rette for, men presisert at Lier-Hansen stiller seg uforst\u00e5ende til anklagen om korrupsjon.<\/p>\n<p class=\"hyperion-css-ffjyk2\"><strong>Jaktkompis i 70-\u00e5rene fra Midt-Norge: <\/strong>Tiltalt for medvirkning til grov \u00f8konomisk utroskap for fiktiv fakturering av 1.855.000 til Norsk Industri, samt grov hvitvasking for \u00e5 ha overf\u00f8rt bel\u00f8pet til Lier-Hansen. Har nektet straffskyld. <\/p>\n<p class=\"hyperion-css-ffjyk2\"><strong>Mann i 60-\u00e5rene fra \u00d8stlandet: <\/strong>Tiltalt for medvirkning til grov \u00f8konomisk utroskap for fiktiv fakturering av 2.064.052,50 kroner til Norsk Industri. Har nektet straffskyld. <br \/><strong>Rettssaken<\/strong> starter 21. januar 2026, og det er satt av \u00e5tte uker. En rekke mektige n\u00e6ringslivstopper, inkludert styreleder Kyllingstad, blir kalt inn som vitner.<\/p>\n<p>Vis merVG p\u00e5beroper seg kildevernet <\/p>\n<p class=\"hyperion-css-1lemvax\">Thorsen i \u00d8kokrim opplyser at Bj\u00f8rn Haugan i VG har p\u00e5beropt seg kildevernet.<\/p>\n<p class=\"hyperion-css-1lemvax\">\u2013 Vi \u00f8nsker svar p\u00e5 om journalisten har v\u00e6rt med Lier-Hansen p\u00e5 147 restaurant- og barbes\u00f8k, hvor det er spist og drukket for over 260.000 kroner p\u00e5 Norsk Industris regning, sier Thorsen.<\/p>\n<p class=\"hyperion-css-1lemvax\">Kvitteringene er fra perioden mellom 2019 og 2023, if\u00f8lge \u00d8kokrim.<\/p>\n<p class=\"hyperion-css-1lemvax\">\u2013 Lier-Hansen har opplyst til Norsk Industri at han har m\u00f8tt journalisten ved disse anledningene, og vi mener at journalisten plikter \u00e5 svare p\u00e5 v\u00e5re sp\u00f8rsm\u00e5l om han har deltatt og at det ikke foreligger noe kildevern. Journalisten har skrevet om Lier-Hansen og Norsk Industri, men kilden er kjent, kilden er Lier-Hansen. Kildevernet er viktig, men det er til for \u00e5 verne kilden, sier Thorsen.<\/p>\n<p class=\"hyperion-css-1lemvax\">Leder for nyhetsavdelingen i VG, Eva-Therese Gr\u00f8ttum, skriver til E24 at avisen aldri sier noe om hvem de har eller ikke har snakket med.<\/p>\n<p class=\"hyperion-css-1lemvax\">\u2013 Denne saken er undergitt fritaket fra vitneplikt i straffeprosessloven, ved at den etter EMDs og H\u00f8yesteretts praksis omfattes av pressens rett til kildevern. Journalisten \u2013 og redaksjonsledelsen \u2013 er derfor avsk\u00e5ret fra \u00e5 gi en n\u00e6rmere redegj\u00f8relse eller begrunnelse for v\u00e5rt standpunkt. VGs journalist vil ikke kunne forklare seg i saken, hverken for politiet eller i et rettslig avh\u00f8r, skriver Gr\u00f8ttum.<\/p>\n<p><img decoding=\"async\" class=\"image-asset hyperion-css-u06ts1\" data-test-tag=\"image-asset\" src=\"https:\/\/www.europesays.com\/no\/wp-content\/uploads\/2025\/11\/80e6754b-eb14-45a9-9d71-d3739fd55047\"  alt=\"Leder for nyhetsavdelingen i VG, Eva-Therese Gr\u00f8ttum. \"  loading=\"eager\" fetchpriority=\"high\" style=\"aspect-ratio:1900 \/ 1281\"\/>Leder for nyhetsavdelingen i VG, Eva-Therese Gr\u00f8ttum. Foto: Amanda Pedersen Giske \/ NTB<\/p>\n","protected":false},"excerpt":{"rendered":"Stein Lier-Hansen har f\u00f8rt opp flere samfunnstopper p\u00e5 \u00abet veldig stort antall\u00bb bar- og restaurantregninger, if\u00f8lge \u00d8kokrim. M\u00d8TES&hellip;\n","protected":false},"author":2,"featured_media":92311,"comment_status":"","ping_status":"","sticky":false,"template":"","format":"standard","meta":{"footnotes":""},"categories":[10],"tags":[20,21,24,25,15,22,23,13,30,28,29,14,16,26,27],"class_list":{"0":"post-92310","1":"post","2":"type-post","3":"status-publish","4":"format-standard","5":"has-post-thumbnail","7":"category-norge","8":"tag-breaking-news","9":"tag-breakingnews","10":"tag-featured-news","11":"tag-featurednews","12":"tag-headlines","13":"tag-latest-news","14":"tag-latestnews","15":"tag-news","16":"tag-no","17":"tag-norge","18":"tag-norway","19":"tag-nyheter","20":"tag-overskrifter","21":"tag-top-stories","22":"tag-topstories"},"share_on_mastodon":{"url":"https:\/\/pubeurope.com\/@no\/115583803670416788","error":""},"_links":{"self":[{"href":"https:\/\/www.europesays.com\/no\/wp-json\/wp\/v2\/posts\/92310","targetHints":{"allow":["GET"]}}],"collection":[{"href":"https:\/\/www.europesays.com\/no\/wp-json\/wp\/v2\/posts"}],"about":[{"href":"https:\/\/www.europesays.com\/no\/wp-json\/wp\/v2\/types\/post"}],"author":[{"embeddable":true,"href":"https:\/\/www.europesays.com\/no\/wp-json\/wp\/v2\/users\/2"}],"replies":[{"embeddable":true,"href":"https:\/\/www.europesays.com\/no\/wp-json\/wp\/v2\/comments?post=92310"}],"version-history":[{"count":0,"href":"https:\/\/www.europesays.com\/no\/wp-json\/wp\/v2\/posts\/92310\/revisions"}],"wp:featuredmedia":[{"embeddable":true,"href":"https:\/\/www.europesays.com\/no\/wp-json\/wp\/v2\/media\/92311"}],"wp:attachment":[{"href":"https:\/\/www.europesays.com\/no\/wp-json\/wp\/v2\/media?parent=92310"}],"wp:term":[{"taxonomy":"category","embeddable":true,"href":"https:\/\/www.europesays.com\/no\/wp-json\/wp\/v2\/categories?post=92310"},{"taxonomy":"post_tag","embeddable":true,"href":"https:\/\/www.europesays.com\/no\/wp-json\/wp\/v2\/tags?post=92310"}],"curies":[{"name":"wp","href":"https:\/\/api.w.org\/{rel}","templated":true}]}}