{"id":92312,"date":"2025-11-20T20:00:11","date_gmt":"2025-11-20T20:00:11","guid":{"rendered":"https:\/\/www.europesays.com\/no\/92312\/"},"modified":"2025-11-20T20:00:11","modified_gmt":"2025-11-20T20:00:11","slug":"levanger-ta-il-tre-barn-pakjort-av-bil-under-aking","status":"publish","type":"post","link":"https:\/\/www.europesays.com\/no\/92312\/","title":{"rendered":"Levanger, #TA-IL | Tre barn p\u00e5kj\u00f8rt av bil under aking"},"content":{"rendered":"\n<p><b>LEVANGER: <\/b>\u2013 Det skal ikke v\u00e6re snakk om alvorlige personskader, melder operasjonsleder Trond Volden i politiet i Tr\u00f8ndelag klokka 19.23.<\/p>\n<p>Klokka 19.47 opplyste Volden at politi og helsevesen har kontroll p\u00e5 b\u00e5de barn og bilf\u00f8rer.<\/p>\n<p>\u2013 Barna blir ivaretatt av ambulansepersonell og politiet etterforsker hendelsen.<\/p>\n<p>Politiets innsatsleder p\u00e5 stedet, Stig Viken, forteller at det har v\u00e6rt en akeulykke hvor det er tre barn som har truffet en bil. Barna er under 10 \u00e5r, if\u00f8lge Viken.<\/p>\n<p>\u2013 Barna har sl\u00e5tt seg og blitt fraktet til legevakt og sykehus for n\u00e6rmere unders\u00f8kelser.<\/p>\n<p>Viken sier at det fremst\u00e5r som at det ikke er snakk om alvorlige skader, men ettersom det er barn under 10 \u00e5r \u00f8nsker politiet \u00e5 f\u00e5 sjekket det ut ordentlig p\u00e5 sykehuset.<\/p>\n<p>Viken presiserer at barna har krasjet med bilen under aking, og at barna satt p\u00e5 akebrett og akematte.<\/p>\n<p>\u2013 N\u00e5 skal vi snakke med bilf\u00f8rer for \u00e5 h\u00f8re vedkommende sin versjon av det som har skjedd. Det er naturlig \u00e5 h\u00f8re om det er en grad av uaktsomhet som ligger bak, eller om det er en feilvurdering av barna. Men vi pr\u00f8ver \u00e5 ivareta alle sammen.<\/p>\n<p>   <img decoding=\"async\" width=\"4032\" height=\"3024\" fetchpriority=\"low\"  loading=\"lazy\"  src=\"https:\/\/www.europesays.com\/no\/wp-content\/uploads\/2025\/11\/1763668811_709_photo+%2829%29.jpg\" alt=\"\" class=\"brick-c-cFOWSL\" style=\"--brick-image-ratio: 4032 \/ 3024;\"\/><\/p>\n<p>      ULYKKE: Ambulanse og politi rykket torsdag kveld ut til en ulykke i Levanger hvor tre barn ble p\u00e5kj\u00f8rt under aking.<br \/>\n      Foto: Synne Kaisdatter Krogstad\n    <\/p>\n","protected":false},"excerpt":{"rendered":"LEVANGER: \u2013 Det skal ikke v\u00e6re snakk om alvorlige personskader, melder operasjonsleder Trond Volden i politiet i Tr\u00f8ndelag&hellip;\n","protected":false},"author":2,"featured_media":92313,"comment_status":"","ping_status":"","sticky":false,"template":"","format":"standard","meta":{"footnotes":""},"categories":[5],"tags":[3700,36,20,21,24,25,15,19,22,23,492,17,18,13,30,28,29,14,16,1510,26,27,941],"class_list":{"0":"post-92312","1":"post","2":"type-post","3":"status-publish","4":"format-standard","5":"has-post-thumbnail","7":"category-overskrifter","8":"tag-ta-il","9":"tag-art","10":"tag-breaking-news","11":"tag-breakingnews","12":"tag-featured-news","13":"tag-featurednews","14":"tag-headlines","15":"tag-hovedoppslag","16":"tag-latest-news","17":"tag-latestnews","18":"tag-levanger","19":"tag-main-news","20":"tag-mainnews","21":"tag-news","22":"tag-no","23":"tag-norge","24":"tag-norway","25":"tag-nyheter","26":"tag-overskrifter","27":"tag-story","28":"tag-top-stories","29":"tag-topstories","30":"tag-ulykker-og-hendelser"},"share_on_mastodon":{"url":"https:\/\/pubeurope.com\/@no\/115583806600861114","error":""},"_links":{"self":[{"href":"https:\/\/www.europesays.com\/no\/wp-json\/wp\/v2\/posts\/92312","targetHints":{"allow":["GET"]}}],"collection":[{"href":"https:\/\/www.europesays.com\/no\/wp-json\/wp\/v2\/posts"}],"about":[{"href":"https:\/\/www.europesays.com\/no\/wp-json\/wp\/v2\/types\/post"}],"author":[{"embeddable":true,"href":"https:\/\/www.europesays.com\/no\/wp-json\/wp\/v2\/users\/2"}],"replies":[{"embeddable":true,"href":"https:\/\/www.europesays.com\/no\/wp-json\/wp\/v2\/comments?post=92312"}],"version-history":[{"count":0,"href":"https:\/\/www.europesays.com\/no\/wp-json\/wp\/v2\/posts\/92312\/revisions"}],"wp:featuredmedia":[{"embeddable":true,"href":"https:\/\/www.europesays.com\/no\/wp-json\/wp\/v2\/media\/92313"}],"wp:attachment":[{"href":"https:\/\/www.europesays.com\/no\/wp-json\/wp\/v2\/media?parent=92312"}],"wp:term":[{"taxonomy":"category","embeddable":true,"href":"https:\/\/www.europesays.com\/no\/wp-json\/wp\/v2\/categories?post=92312"},{"taxonomy":"post_tag","embeddable":true,"href":"https:\/\/www.europesays.com\/no\/wp-json\/wp\/v2\/tags?post=92312"}],"curies":[{"name":"wp","href":"https:\/\/api.w.org\/{rel}","templated":true}]}}