{"id":92314,"date":"2025-11-20T20:05:11","date_gmt":"2025-11-20T20:05:11","guid":{"rendered":"https:\/\/www.europesays.com\/no\/92314\/"},"modified":"2025-11-20T20:05:11","modified_gmt":"2025-11-20T20:05:11","slug":"snokaos-i-sverige","status":"publish","type":"post","link":"https:\/\/www.europesays.com\/no\/92314\/","title":{"rendered":"Sn\u00f8kaos i Sverige"},"content":{"rendered":"\n<p class=\"_lead_o9xde_2 _lead_xtcu6_50 layout-component text-serif-m layout-normal text-serif-l layout-component layout-wide layout-padded _wide_17hqh_1 layout-padded\">Sn\u00f8en kom br\u00e5tt p\u00e5 for s\u00f6ta bror.<\/p>\n<p><img alt=\"En buss, en lastebil og en dr\u00f8ss med personbiler sitter bom fast p\u00e5 E6 ved Landskrona s\u00f8r i Sverige torsdag kveld. Foto: Johan Nilsson \/ TT \/ TT Nyhetsbyr\u00e5n \/ NTB\" class=\"_image_qp4xg_65 layout-component layout-wide\" data-fullscreen- data-track-element-type=\"Article image fullscreen\" data-track-name=\"ImageFullscreen\" fetchpriority=\"high\" decoding=\"sync\" loading=\"eager\" height=\"4005\" itemprop=\"image\"  src=\"https:\/\/www.europesays.com\/no\/wp-content\/uploads\/2025\/11\/c5ab8c6f-99ff-4995-a092-100c90745ab5\"  style=\"object-position:0% 0%\" width=\"6000\"\/>En buss, en lastebil og en dr\u00f8ss med personbiler sitter bom fast p\u00e5 E6 ved Landskrona s\u00f8r i Sverige torsdag kveld. Foto: Johan Nilsson \/ TT \/ TT Nyhetsbyr\u00e5n \/ NTB<\/p>\n<ul aria-hidden=\"true\" class=\"_images_18f0k_111\">\n<li><a class=\"_link_18f0k_116\" href=\"https:\/\/www.vg.no\/forfatter\/ingrid-bjoerndal-farestvedt\" style=\"z-index:2\" title=\"Ingrid Bj\u00f8rndal Farestvedt\" rel=\"nofollow noopener\" target=\"_blank\"><img alt=\"Bilde av Ingrid Bj\u00f8rndal Farestvedt\" class=\"_image_18f0k_93\" fetchpriority=\"low\" loading=\"lazy\" decoding=\"async\" itemprop=\"image\"  src=\"https:\/\/www.europesays.com\/no\/wp-content\/uploads\/2025\/11\/1763669109_287_0ca626e9-b4bd-4417-836d-161b53cb789f\"  width=\"480\"\/><\/a><\/li>\n<li><a class=\"_link_18f0k_116\" href=\"https:\/\/www.vg.no\/forfatter\/elise-kvien\" style=\"z-index:1\" title=\"Elise Kvien\" rel=\"nofollow noopener\" target=\"_blank\"><img alt=\"Bilde av Elise Kvien\" class=\"_image_18f0k_93\" fetchpriority=\"low\" loading=\"lazy\" decoding=\"async\" itemprop=\"image\"  src=\"https:\/\/www.europesays.com\/no\/wp-content\/uploads\/2025\/11\/1763669109_453_e9d71b6f-2a15-4dd1-85be-ea8fb873046c\"  width=\"480\"\/><\/a><\/li>\n<\/ul>\n<p> Oppdatert torsdag 20. november kl. 21:01     <\/p>\n<p class=\"_paragraph_o9xde_4 _paragraph_xtcu6_10 layout-component text-serif-m layout-normal text-serif-m layout-padded\">Bare i S\u00f8r-<a href=\"https:\/\/www.vg.no\/tag\/sverige?utm_source=vg-article&amp;utm_medium=auto-tagger&amp;utm_campaign=JOWb4P\" class=\"_link_o9xde_39\" rel=\"nofollow noopener\" target=\"_blank\">Sverige<\/a> har det skjedd over 50 trafikkulykker torsdag, opplyser politiet:<\/p>\n<p class=\"_paragraph_o9xde_4 _paragraph_xtcu6_10 layout-component text-serif-m layout-normal text-serif-m layout-padded\">\u2013 Vi har ikke tid til \u00e5 h\u00e5ndtere alle. Folk kj\u00f8rer for fort, og de kj\u00f8rer som om det er sommer, sier pressetalsperson Leif Fransson til <a href=\"https:\/\/www.aftonbladet.se\/nyheter\/a\/j09zOo\/liverapport-snoovader-drar-fram-genom-sverige\" class=\"_link_o9xde_39\" rel=\"nofollow noopener\" target=\"_blank\">Aftonbladet<\/a>.<\/p>\n<p class=\"_paragraph_o9xde_4 _paragraph_xtcu6_10 layout-component text-serif-m layout-normal text-serif-m layout-padded\">P\u00e5 E6 utenfor Landskrona st\u00e5r rundt 20 kj\u00f8ret\u00f8y fast i sn\u00f8en, skriver avisen.<\/p>\n<ul class=\"_list_o9xde_3 _list_xtcu6_9 _unordered_o9xde_106 layout-component text-serif-m layout-normal text-serif-m layout-padded\">\n<li class=\"_item_o9xde_30\">Rammes du av sn\u00f8v\u00e6ret! <a href=\"https:\/\/www.vg.no\/tips-oss\" class=\"_link_o9xde_39\" rel=\"nofollow noopener\" target=\"_blank\">Tips oss<\/a>!<\/li>\n<\/ul>\n<p><img alt=\"Foto: Johan Nilsson \/ TT \/ TT Nyhetsbyr\u00e5n \/ NTB\" class=\"_image_qp4xg_65 layout-component layout-normal\" data-fullscreen- data-track-element-type=\"Article image fullscreen\" data-track-name=\"ImageFullscreen\" decoding=\"async\" loading=\"lazy\" height=\"4310\" itemprop=\"image\"  src=\"https:\/\/www.europesays.com\/no\/wp-content\/uploads\/2025\/11\/73439a77-ddb7-4318-b39a-c487b128ce1e\"  style=\"object-position:0% 0%\" width=\"6000\"\/>Foto: Johan Nilsson \/ TT \/ TT Nyhetsbyr\u00e5n \/ NTB<\/p>\n<p class=\"_paragraph_o9xde_4 _paragraph_xtcu6_10 layout-component text-serif-m layout-normal text-serif-m layout-padded\">Korken startet da to personbiler kolliderte tidligere torsdag. I tillegg er det vind fra \u00d8resund som bl\u00e5ser opp sn\u00f8skavler og setter en stopper for trafikken:<\/p>\n<p class=\"_paragraph_o9xde_4 _paragraph_xtcu6_10 layout-component text-serif-m layout-normal text-serif-m layout-padded\"> \u2013 N\u00e5r \u00e9n kj\u00f8rer fast, kommer det nye bak som m\u00e5 stoppe \u2013 og s\u00e5 kj\u00f8rer de fast. Det blir en dominoeffekt, sier Fransson til <a href=\"https:\/\/www.aftonbladet.se\/nyheter\/a\/j09zOo\/liverapport-snoovader-drar-fram-genom-sverige\" class=\"_link_o9xde_39\" rel=\"nofollow noopener\" target=\"_blank\">Aftonbladet<\/a>.<\/p>\n<p>\u2013 Ikke g\u00e5 ut<\/p>\n<p class=\"_paragraph_o9xde_4 _paragraph_xtcu6_10 layout-component text-serif-m layout-normal text-serif-m layout-padded\">N\u00e5 deler Trafikverket ut vann og energibarer til fortvilte bilister.<\/p>\n<p class=\"_paragraph_o9xde_4 _paragraph_xtcu6_10 layout-component text-serif-m layout-normal text-serif-m layout-padded\">\u2013 Det har v\u00e6rt en lang ettermiddag og kveld for mange, sier pressetalsperson Sara Lindstr\u00f6m til <a href=\"https:\/\/www.aftonbladet.se\/nyheter\/a\/j09zOo\/liverapport-snoovader-drar-fram-genom-sverige?pinnedEntry=1424755\" class=\"_link_o9xde_39\" rel=\"nofollow noopener\" target=\"_blank\">avisen<\/a>.<\/p>\n<p>Aktiver kart<\/p>\n<p class=\"_paragraph_o9xde_4 _paragraph_xtcu6_10 layout-component text-serif-m layout-normal text-serif-m layout-padded\">Ekteparet Stefan og Susanne Marklund fra Skellefte\u00e5 har sittet fast p\u00e5 E6 siden klokken 16.<\/p>\n<p class=\"_paragraph_o9xde_4 _paragraph_xtcu6_10 layout-component text-serif-m layout-normal text-serif-m layout-padded\"><strong class=\"_strong_o9xde_25\">\u2013 Det er milelange k\u00f8er, sier de til <a href=\"https:\/\/www.expressen.se\/nyheter\/vader\/snokaoset-forvarras-ga-inte-ut\/\" class=\"_link_o9xde_39\" rel=\"nofollow noopener\" target=\"_blank\">Expressen<\/a>.<\/strong><\/p>\n<p class=\"_paragraph_o9xde_4 _paragraph_xtcu6_10 layout-component text-serif-m layout-normal text-serif-m layout-padded\">Mange av kj\u00f8ret\u00f8yene som sliter i sn\u00f8v\u00e6ret har ikke vinterdekk.<\/p>\n<p class=\"_paragraph_o9xde_4 _paragraph_xtcu6_10 layout-component text-serif-m layout-normal text-serif-m layout-padded\">\u2013 Det er ikke veldig imponerende \u00e5 kj\u00f8re ut med d\u00e5rlige dekk n\u00e5r veiforholdene er s\u00e5nn som dette. Det er mange folk uten trafikkforst\u00e5else, sier Fransson i politiet.<\/p>\n<p class=\"_paragraph_o9xde_4 _paragraph_xtcu6_10 layout-component text-serif-m layout-normal text-serif-m layout-padded\">Sveriges meteorologiske institutt har sendt ut farevarsel for en rekke fylker, og advarer folk mot \u00e5 begi seg ut i trafikken.<\/p>\n<p class=\"_paragraph_o9xde_4 _paragraph_xtcu6_10 layout-component text-serif-m layout-normal text-serif-m layout-padded\">\u2013 Ikke g\u00e5 ut om du ikke m\u00e5, lyder r\u00e5det fra meteorologene.<\/p>\n<p>Tr\u00f8bbel p\u00e5 Kastrup<\/p>\n<p class=\"_paragraph_o9xde_4 _paragraph_xtcu6_10 layout-component text-serif-m layout-normal text-serif-m layout-padded\">Ogs\u00e5 p\u00e5 andre siden av \u00d8resund byr sn\u00f8en p\u00e5 problemer. <a href=\"https:\/\/www.avinor.no\/\" class=\"_link_o9xde_39\" rel=\"nofollow noopener\" target=\"_blank\">Avinors oversikt<\/a> viser at flere avganger til Norge fra K\u00f8benhavn lufthavn rammes av uv\u00e6ret.<\/p>\n<p class=\"_paragraph_o9xde_4 _paragraph_xtcu6_10 layout-component text-serif-m layout-normal text-serif-m layout-padded\"> Deriblant Norwegian:<\/p>\n<p class=\"_paragraph_o9xde_4 _paragraph_xtcu6_10 layout-component text-serif-m layout-normal text-serif-m layout-padded\">\u2013 Vi har en del forsinkelser og har innstilt fire tur-retur-flyginger fra K\u00f8benhavn, skriver kommunikasjonsdirekt\u00f8r i Norwegian, Charlotte Holmbergh, i en e-post til VG.<\/p>\n<p class=\"_paragraph_o9xde_4 _paragraph_xtcu6_10 layout-component text-serif-m layout-normal text-serif-m layout-padded\">\u2013 Det er utfordrende v\u00e6r, i kombinasjon med problemer med avising, som skaper utfordringer i flytrafikken.<\/p>\n<p class=\"_paragraph_o9xde_4 _paragraph_xtcu6_10 layout-component text-serif-m layout-normal text-serif-m layout-padded\">Det var ikke akkurat topp kj\u00f8reforhold p\u00e5 Hitra heller denne uken:<\/p>\n<p>       <img decoding=\"async\" alt=\"Tips oss illustrasjon\" src=\"https:\/\/www.europesays.com\/no\/wp-content\/uploads\/2025\/10\/pssst-small.webp.webp\"\/>    <\/p>\n<p class=\"title-serif-s\">Har du tips?<\/p>\n<p class=\"text-sans-m\">Send oss informasjon, bilder eller video.<\/p>\n<p>  <a href=\"https:\/\/www.vg.no\/tips-oss\" rel=\"nofollow noopener\" target=\"_blank\"> Tips oss <\/a>      <\/p>\n","protected":false},"excerpt":{"rendered":"Sn\u00f8en kom br\u00e5tt p\u00e5 for s\u00f6ta bror. En buss, en lastebil og en dr\u00f8ss med personbiler sitter bom&hellip;\n","protected":false},"author":2,"featured_media":92315,"comment_status":"","ping_status":"","sticky":false,"template":"","format":"standard","meta":{"footnotes":""},"categories":[12],"tags":[20,21,24,25,15,22,23,13,30,28,29,14,16,1359,26,27,553,42,46,43,44,45],"class_list":{"0":"post-92314","1":"post","2":"type-post","3":"status-publish","4":"format-standard","5":"has-post-thumbnail","7":"category-verden","8":"tag-breaking-news","9":"tag-breakingnews","10":"tag-featured-news","11":"tag-featurednews","12":"tag-headlines","13":"tag-latest-news","14":"tag-latestnews","15":"tag-news","16":"tag-no","17":"tag-norge","18":"tag-norway","19":"tag-nyheter","20":"tag-overskrifter","21":"tag-sverige","22":"tag-top-stories","23":"tag-topstories","24":"tag-vaer","25":"tag-verden","26":"tag-vgai","27":"tag-world","28":"tag-world-news","29":"tag-worldnews"},"share_on_mastodon":{"url":"https:\/\/pubeurope.com\/@no\/115583826604044978","error":""},"_links":{"self":[{"href":"https:\/\/www.europesays.com\/no\/wp-json\/wp\/v2\/posts\/92314","targetHints":{"allow":["GET"]}}],"collection":[{"href":"https:\/\/www.europesays.com\/no\/wp-json\/wp\/v2\/posts"}],"about":[{"href":"https:\/\/www.europesays.com\/no\/wp-json\/wp\/v2\/types\/post"}],"author":[{"embeddable":true,"href":"https:\/\/www.europesays.com\/no\/wp-json\/wp\/v2\/users\/2"}],"replies":[{"embeddable":true,"href":"https:\/\/www.europesays.com\/no\/wp-json\/wp\/v2\/comments?post=92314"}],"version-history":[{"count":0,"href":"https:\/\/www.europesays.com\/no\/wp-json\/wp\/v2\/posts\/92314\/revisions"}],"wp:featuredmedia":[{"embeddable":true,"href":"https:\/\/www.europesays.com\/no\/wp-json\/wp\/v2\/media\/92315"}],"wp:attachment":[{"href":"https:\/\/www.europesays.com\/no\/wp-json\/wp\/v2\/media?parent=92314"}],"wp:term":[{"taxonomy":"category","embeddable":true,"href":"https:\/\/www.europesays.com\/no\/wp-json\/wp\/v2\/categories?post=92314"},{"taxonomy":"post_tag","embeddable":true,"href":"https:\/\/www.europesays.com\/no\/wp-json\/wp\/v2\/tags?post=92314"}],"curies":[{"name":"wp","href":"https:\/\/api.w.org\/{rel}","templated":true}]}}