{"id":92316,"date":"2025-11-20T20:06:14","date_gmt":"2025-11-20T20:06:14","guid":{"rendered":"https:\/\/www.europesays.com\/no\/92316\/"},"modified":"2025-11-20T20:06:14","modified_gmt":"2025-11-20T20:06:14","slug":"logn-og-bedrag","status":"publish","type":"post","link":"https:\/\/www.europesays.com\/no\/92316\/","title":{"rendered":"L\u00f8gn og bedrag"},"content":{"rendered":"<p>Hadde jeg v\u00e6rt\u00a0Petter\u00a0Stordalen, s\u00e5 hadde jeg v\u00e6rt fly forbanna n\u00e5. Mandag morgen, etter tilsynelatende \u00e5 ha tilbrakt helga i Luzern i Sveits, la Oskar Westerlin ut en billedkarusell p\u00e5 Instagram. I et av bildene satt han i et privatfly, s\u00e5 det ut til. Skinnsetene var duse, m\u00f8blene av mahogni, og i setet bak ham kunne man skimte hotellkongen selv, Petter Stordalen.\u00a0 \u00abLanghelg i Sveits. Borte bra med hjemme best\u00bb, skrev Oskar Westerlin under bildet.\u00a0<\/p>\n<p>Det var <a href=\"https:\/\/www.dagbladet.no\/kjendis\/la-ut-falskt-stordalen-bilde\/83862111\" rel=\"nofollow noopener\" target=\"_blank\">juks<\/a>, selvf\u00f8lgelig. Kunstig intelligens, l\u00f8gn og bedrag, fra ende til annen.\u00a0<\/p>\n<p>Igjen.\u00a0<\/p>\n<p>    <a itemprop=\"url\" href=\"https:\/\/www.dagbladet.no\/meninger\/svakt-av-oslobyradet\/83872522\" rel=\"nofollow noopener\" target=\"_blank\"><\/p>\n<p>      <img loading=\"lazy\" decoding=\"async\" src=\"https:\/\/www.europesays.com\/no\/wp-content\/uploads\/2025\/11\/83694305.webp\" width=\"980\" height=\"441\" title=\"Svakt av oslobyr\u00e5det\" alt=\"\" class=\"lazyload\" style=\"--aspect-ratio-image: 2.22; \"\/><\/p>\n<p>        Svakt av oslobyr\u00e5det<\/p>\n<p>    <\/a><\/p>\n<p>Han er en av Norges mest kjente\u00a0influensere og gang p\u00e5 gang har han l\u00f8yet oss rett opp i fleisen. Det er en del av forretningsmodellen, og Norge g\u00e5r tilsynelatende rett i baret hver eneste gang. I forrige uke var han p\u00e5 farten igjen. VG plukket opp at realitykjendisen, VGTV-profilen og TikTok-\/Twitch-\/Snap-\/Insta- og Youtube-influenseren hadde meldt flytting til Sveits. Da han ikke svarte p\u00e5 pressens sp\u00f8rsm\u00e5l, var spekulasjonene i gang. Hadde han gjort som Kjell Inge R\u00f8kke og \u00d8ystein Stray Spetalen, pakket snippesken og flagget ut? Eller var det et PR-stunt, en prank, et pek, et fors\u00f8k p\u00e5 \u00e5 trolle Norge, slik han gjorde da det i fjor \u00abplutselig\u00bb dukket opp en nakenstatue av ham i Vigelandsparken og han p\u00e5sto at han slett ikke visste noe om d\u00e9t.\u00a0<\/p>\n<p>Men, skulle det vise seg, hva som var sant eller ikke sant om Sveits var \u00e5penbart ikke s\u00e5 farlig for folk. Hva s\u00e5 om han l\u00f8y om <a href=\"https:\/\/www.vg.no\/rampelys\/i\/Mnm1QR\/innroemmer-statue-stunt\" rel=\"nofollow noopener\" target=\"_blank\">statuen <\/a>i Vigelandsparken og <a href=\"https:\/\/www.youtube.com\/shorts\/lUUs7O4lpVM\" rel=\"nofollow noopener\" target=\"_blank\">inntektene<\/a> fra livesending p\u00e5 valgnatta? Vi er \u00e5penbart et land av opportunister og Norge kastet seg p\u00e5 karusellen.\u00a0<\/p>\n<p>Det \u00ablukter tidenes PR-stunt hele veien til Alpene\u00bb, skrev en kommentator i Nettavisen, men \u00ablikevel er det en tankevekker dersom vi n\u00e5 ser en ny generasjon p\u00e5 flyttefot fra Norge\u00bb. Lederen av J\u00e6ren Fpu fikk kjapt p\u00e5 <a href=\"https:\/\/www.vg.no\/nyheter\/i\/GyvLQx\/skatteflyktningen-oskar\" rel=\"nofollow noopener\" target=\"_blank\">trykk et leserinnlegg i VG<\/a>: \u00abKlart Oskar stikker\u00a0til Sveits! Sp\u00f8rsm\u00e5let er ikke hvorfor folk drar til Sveits, men hvorfor Norge gj\u00f8r det vanskelig \u00e5 bli\u00bb, skrev hun. Aftenposten lagde en hel episode av podkasten\u00a0\u00abForklart\u00bb med tittelen\u00a0<a href=\"https:\/\/www.aftenposten.no\/podkast\/ap\/episode\/136716\" rel=\"nofollow noopener\" target=\"_blank\">\u00abHei Sveits?\u00bb<\/a><\/p>\n<p>Det var ikke sikkert det var sant \u00a0at Oskar Westerlin skulle flytte til Sveits, erkjente samme Fpu-leder i et nytt innlegg, n\u00e5 i <a href=\"https:\/\/www.nettavisen.no\/norsk-debatt\/kapitalflukt-til-sveits-hvorfor-sa-vanskelig-a-bli-igjen-i-norge\/o\/5-95-2728088\" rel=\"nofollow noopener\" target=\"_blank\">Nettavisen<\/a>, men \u00abDet sier noe alvorlig om Norge n\u00e5r enda \u00e9n ung og suksessrike gr\u00fcnder ikke f\u00f8ler det er rom til \u00e5 lykkes i Norge\u00bb.\u00a0<\/p>\n<p>    <a itemprop=\"url\" href=\"https:\/\/www.dagbladet.no\/meninger\/alt-for-norge-ma-vrakes\/83846058\" rel=\"nofollow noopener\" target=\"_blank\"><\/p>\n<p>      <img loading=\"lazy\" decoding=\"async\" src=\"https:\/\/www.europesays.com\/no\/wp-content\/uploads\/2025\/11\/1763669174_134_83846754.webp\" width=\"980\" height=\"441\" title=\"\u00abAlt for Norge\u00bb m\u00e5 vrakes\" alt=\"\" class=\"lazyload\" style=\"--aspect-ratio-image: 2.22; \"\/><\/p>\n<p>        \u00abAlt for Norge\u00bb m\u00e5 vrakes<\/p>\n<p>    <\/a><\/p>\n<p>Nei nei nei, det som virkelig sier noe alvorlig om Norge, er at alle oppf\u00f8rer seg som nyttige idioter for en fyr som lever av skandale, stunts og en stadig \u00f8kende str\u00f8m av innhold. Ja, det er irriterende at Oskar Westerlin fingerer en utflytting til Sveits, men det er enda mer irriterende at Norge tilsynelatende har lagt seg p\u00e5 rygg og landet p\u00e5 at \u00abJaja, gutter f\u00e5r v\u00e6re gutter, de f\u00e5r bare holde p\u00e5\u00bb.\u00a0<\/p>\n<p>Vi har tilsynelatende blitt en nasjon av det amerikanerne kaller enablers,\u00a0 folk som legger til rette for andres overskridende oppf\u00f8rsel.\u00a0<\/p>\n<p> Men fuck det,\u00a0som Oskar Westerlins m\u00e5lgruppe ville sagt. Sveits-stuntet er riktignok en ganske poengtert trolling av Norge, men det forkludrer \u00e5penbart debatten. Og skal Petter Stordalen bare akseptere at et KI-generert bilde av ham brukes i et stunt for \u00e5 tjene penger? Det har ikke noe \u00e5 si at alle som har tilbrakt fem minutter p\u00e5 internett det siste \u00e5ret skj\u00f8nner at det er KI. Det er likevel ikke greit.\u00a0<\/p>\n<p>Oskar Westerlin har oppdaget at det er lett \u00e5 finne smutthullene i v\u00e5rt tillitsbaserte system<br \/>\nog utnytter det for \u00e5 f\u00e5 oppmerksomhet.\u00a0<\/p>\n<p>Det er heller ikke greit.\u00a0<\/p>\n<p>27-\u00e5ringen er en \u00e5penbar maktfaktor i Norge. Han har 967 000 f\u00f8lgere p\u00e5 TikTok, 392 000 p\u00e5 Instagram og han driver et slags <a href=\"https:\/\/www.verdensviktigstejobb.no\/posts\/over-2000-sokere-til-verdens-viktigste-jobber-oskar-westerlin-har-norges-mest-populaere-jobb\" rel=\"nofollow noopener\" target=\"_blank\">moderne mediehus med flere ansatte<\/a>. Dess mere innhold, dess mere penger. Videoene kan v\u00e6re kontroversielle, outrerte og overskridende, og han har f\u00e5tt kritikk for \u00e5 fremelske \u00abguttastemning\u00bb, men de er stort sett ogs\u00e5 helt harml\u00f8se. Da Youtube-kanalen \u00abGutta\u00bb, som han driver med Sebastian\u00a0\u00abBaris\u00bb Breivik, Snorre\u00a0\u00abSnorrepus\u00bb Klanderud og Henrik Viken, begynte \u00e5 intervjue politikere i valgkampen, ble de unisont hyllet av alle fra eget kommentarfelt til <a href=\"https:\/\/www.vg.no\/nyheter\/i\/GyLq0x\/gutta-paa-youtube-naa-er-det-politikk\" rel=\"nofollow noopener\" target=\"_blank\">Astrid Meland i VG<\/a>.\u00a0<\/p>\n<p>Hyllesten var s\u00e5 unison og s\u00e5 samstemt, at det nesten virket som om folk hadde g\u00e5tt rundt og bare ventet p\u00e5 noe \u00e5 hylle\u00a0\u00abGutta\u00bb for.\u00a0 Endelig kunne de voksne ogs\u00e5 bli en del av guttastemningen!<\/p>\n<p>        VALGVAKE: Oskar Westerlin arrangerte sin egen valgvake. Dagbladet tok turen for \u00e5 sjekke stemninga. Reporter: Henrik Fossedal <\/p>\n<p>Da er det mindre pent n\u00e5r Oskar Westerlin, og resten av gutta, f\u00e5r kritikk. Da Nettavisens Maria Ludvigsen i 2024 skrev en slakt av andre sesong av VGTV-programmet\u00a0\u00ab<a href=\"https:\/\/tv.vg.no\/serier\/av-med-maska\/s2e1\/episode-1?id=281341\" rel=\"nofollow noopener\" target=\"_blank\">Av med maska\u00bb<\/a>, der Westerlin tilbrakte en uke sammen med \u00e5tte kvinner i dyrekostymer, svarte han med \u00e5 kalle henne <a href=\"https:\/\/www.vg.no\/rampelys\/i\/kE2PzB\/oscar-westerlin-kalte-nettavisen-kommentator-maria-for-martin-ingen-god-foelelse\" rel=\"nofollow noopener\" target=\"_blank\">Martin og gj\u00f8re narr av det korte h\u00e5ret hennes i sosiale medier.\u00a0<\/a>Da sosiale medier-ekspert Katinka Sletten omtalte\u00a0\u00abGutta\u00bb som en gjeng\u00a0<a href=\"https:\/\/www.vg.no\/rampelys\/i\/jQzRdq\/kaller-gutta-nervoese-smaagutter-driter-vi-helt-aerlig-i\" rel=\"nofollow noopener\" target=\"_blank\">\u00abnerv\u00f8ser sm\u00e5gutter som pr\u00f8ver \u00e5 t\u00f8ffe seg for hverandre\u00bb<\/a> i en VG-sak, opplevde hun \u00e5 ikke bare bli hengt ut av Westerlin og Sebastian \u00abBaris\u00bb Breivik i sosiale medier, hun fikk ogs\u00e5 f\u00f8le fanskarens vrede med\u00a0\u00abminst hundre hatmeldinger i innboksen p\u00e5 Instagram\u00bb, hevdet hun til <a href=\"https:\/\/www.nettavisen.no\/kjendis\/katinka-sletten-ble-trakassert-av-oskar-westerlin-og-sebastian-baris-brevik-etter-vg-intervju\/s\/5-95-1877910\" rel=\"nofollow noopener\" target=\"_blank\">Nettavisen<\/a>.\u00a0<\/p>\n<p>Og da Vetle Olsen-Ryum i\u00a0R\u00e5dgivningstjenesten om spiseforstyrrelser (ROS) skrev en<a href=\"https:\/\/www.vg.no\/nyheter\/i\/wgEwLn\/oskar-westerlin-henrik-viken-baris-brevik-snorrepus-og-henrik-oven-viser-helt-utdaterte-holdninger\" rel=\"nofollow noopener\" target=\"_blank\"> kronikk i VG<\/a> der han anklaget\u00a0\u00abGutta\u00bb for \u00e5 ha et utdatert forhold til mat, kropp og trening, skrev han i selve teksten at han trodde at han kom til \u00e5 bli \u00abm\u00f8tt med personangrep og p\u00e5stander om at deres ytringsfrihet innskrenkes fordi krenkebegrepet har g\u00e5tt for langt\u00bb.\u00a0<\/p>\n<p>Det er absolutt ikke greit.\u00a0<\/p>\n<p>\u00abEnkelte folk tror nok jeg er et ufyselig rassh\u00f8l, for \u00e5 si det rett ut\u00bb, sa Oskar Westerlin i et intervju i 2023. Det er selvf\u00f8lgelig ikke s\u00e5 enkelt. \u00abJeg vet jo, at du ikke er s\u00e5 idiot som du utgir deg for\u00bb, sa kompisen Erik Follestad til ham i\u00a0\u00abAv med maska\u00bb. Men for \u00e5 v\u00e6re helt \u00e6rlig, s\u00e5 kan det v\u00e6re vanskelig \u00e5 f\u00e5 grep om kjernen i Westerlins prosjekt, om det i det hele tatt handler om mer enn \u00e5 tjene penger og \u00e5 ha det g\u00f8y. Det minner faktisk litt om en annen norsk nasjonalfigur vi kjenner godt. I Ibsens\u00a0\u00abPeer Gynt\u00bb sitter Peer og skreller en l\u00f8k, som kjapt blir en metafor p\u00e5 personligheten hans.<\/p>\n<p data-lab-italic=\"italic\" class=\"italic m-italic\">Det<br \/>\nvar da en ustyrtlig mengde lag!<\/p>\n<p data-lab-italic=\"italic\" class=\"italic m-italic\">Kommer<br \/>\nikke kjernen snart for en dag?<\/p>\n<p data-lab-italic=\"italic\" class=\"italic m-italic\">Nei-Gud<br \/>\nom den gj\u00f8r! Til det innerste indre<\/p>\n<p data-lab-italic=\"italic\" class=\"italic m-italic\">er<br \/>\nalt sammen lag, &#8211; bare mindre og mindre.<\/p>\n","protected":false},"excerpt":{"rendered":"Hadde jeg v\u00e6rt\u00a0Petter\u00a0Stordalen, s\u00e5 hadde jeg v\u00e6rt fly forbanna n\u00e5. Mandag morgen, etter tilsynelatende \u00e5 ha tilbrakt helga&hellip;\n","protected":false},"author":2,"featured_media":92317,"comment_status":"","ping_status":"","sticky":false,"template":"","format":"standard","meta":{"footnotes":""},"categories":[10],"tags":[20,21,24,25,15,266,22,23,156,13,30,28,29,14,2550,16,4494,26,27],"class_list":{"0":"post-92316","1":"post","2":"type-post","3":"status-publish","4":"format-standard","5":"has-post-thumbnail","7":"category-norge","8":"tag-breaking-news","9":"tag-breakingnews","10":"tag-featured-news","11":"tag-featurednews","12":"tag-headlines","13":"tag-kommentar","14":"tag-latest-news","15":"tag-latestnews","16":"tag-meninger","17":"tag-news","18":"tag-no","19":"tag-norge","20":"tag-norway","21":"tag-nyheter","22":"tag-oskar-westerlin","23":"tag-overskrifter","24":"tag-sigrid-hvidsten","25":"tag-top-stories","26":"tag-topstories"},"share_on_mastodon":{"url":"https:\/\/pubeurope.com\/@no\/115583830284816456","error":""},"_links":{"self":[{"href":"https:\/\/www.europesays.com\/no\/wp-json\/wp\/v2\/posts\/92316","targetHints":{"allow":["GET"]}}],"collection":[{"href":"https:\/\/www.europesays.com\/no\/wp-json\/wp\/v2\/posts"}],"about":[{"href":"https:\/\/www.europesays.com\/no\/wp-json\/wp\/v2\/types\/post"}],"author":[{"embeddable":true,"href":"https:\/\/www.europesays.com\/no\/wp-json\/wp\/v2\/users\/2"}],"replies":[{"embeddable":true,"href":"https:\/\/www.europesays.com\/no\/wp-json\/wp\/v2\/comments?post=92316"}],"version-history":[{"count":0,"href":"https:\/\/www.europesays.com\/no\/wp-json\/wp\/v2\/posts\/92316\/revisions"}],"wp:featuredmedia":[{"embeddable":true,"href":"https:\/\/www.europesays.com\/no\/wp-json\/wp\/v2\/media\/92317"}],"wp:attachment":[{"href":"https:\/\/www.europesays.com\/no\/wp-json\/wp\/v2\/media?parent=92316"}],"wp:term":[{"taxonomy":"category","embeddable":true,"href":"https:\/\/www.europesays.com\/no\/wp-json\/wp\/v2\/categories?post=92316"},{"taxonomy":"post_tag","embeddable":true,"href":"https:\/\/www.europesays.com\/no\/wp-json\/wp\/v2\/tags?post=92316"}],"curies":[{"name":"wp","href":"https:\/\/api.w.org\/{rel}","templated":true}]}}