{"id":92318,"date":"2025-11-20T20:07:07","date_gmt":"2025-11-20T20:07:07","guid":{"rendered":"https:\/\/www.europesays.com\/no\/92318\/"},"modified":"2025-11-20T20:07:07","modified_gmt":"2025-11-20T20:07:07","slug":"en-sterk-og-samlet-enhet-vil-ta-lsk-videre-lillestrom","status":"publish","type":"post","link":"https:\/\/www.europesays.com\/no\/92318\/","title":{"rendered":"\u2013 En sterk og samlet enhet vil ta LSK videre \/ Lillestr\u00f8m"},"content":{"rendered":"<p>\u2013 Lillestr\u00f8m er en bauta i fotball-Norge. Det er trykk rundt klubben og med det som har skjedd rundt A-laget i 2025 har vi medvind n\u00e5, men vi m\u00e5 hele tiden tenke hvordan vi kan utvikle oss videre. Jeg er utrolig opptatt av relasjonsbygging, og en sterk og samlet enhet vil ta LSK videre som klubb, sier Espen Olsen.<\/p>\n<p>\u2013 Jeg gleder meg veldig til \u00e5 jobbe tett med trenerteamet som er her. Dialogen jeg har hatt med Hans Erik (\u00d8degaard) og Eirik (M\u00e6land) har v\u00e6rt helt avgj\u00f8rende for at jeg takket ja. I tillegg har jeg v\u00e6rt tett p\u00e5 Simon (Mesfin) i rollen jeg har hatt som scout, s\u00e5 jeg kjenner en del prosesser og kan bygge videre p\u00e5 retningen LSK n\u00e5 har, tilf\u00f8yer han.<\/p>\n<p>Hans f\u00f8rste arbeidsdag blir 1. januar, men Olsen vil naturligvis v\u00e6re involvert i LSK-beslutninger umiddelbart, som spillerlogistikk og andre valg p\u00e5 sport.<\/p>\n<p><strong>\u00d8degaard: \u2013 Gir oss en sterk retning<\/strong><\/p>\n<p>Som spiller gjorde romerikingen seg f\u00f8rst bemerket ved \u00e5 b\u00f8tte inn m\u00e5l for L\u00f8renskog f\u00f8r han ble hentet til HamKam f\u00f8r 2002-sesongen. Der gjorde han det s\u00e5 godt at han ogs\u00e5 fikk to A-landskamper for Norge. Han har ogs\u00e5 spilt for Stab\u00e6k, Start, Sogndal og Str\u00f8mmen. Etter spillerkarrieren styrte han sistnevnte klubb som trener og sportssjef i OBOS-ligaen i flere sesonger f\u00f8r han igjen ble hentet til HamKam. Der var han sportssjef fra 2019 til 2022, med ansvar som b\u00e5de hovedtrener og assistenttrener i l\u00f8pet av perioden. Olsen innehar ogs\u00e5 UEFA A-lisens som fotballtrener.<\/p>\n<p>Til sin nye rolle som sportssjef i LSK kommer han fra Wang Romerike, der han de siste \u00e5rene har hatt sentrale roller som sportssjef for Toppidrett fotball og som idrettsansvarlig for Ung. Han har siden 2023 ogs\u00e5 v\u00e6rt en del av LSKs arbeid med spillerlogistikk.<\/p>\n<p>\u2013 Jeg har stortrivdes i Wang, og v\u00e6rt tett p\u00e5 LSK via samarbeidet fra den siden. I Wang har jeg f\u00e5tt se flere sider av toppidretten og hvordan den kan knyttes opp mot skole og ledelse fra andre idretter enn fotballverdenen, som er den jeg kjenner best, sier LSKs nye sportssjef.<\/p>\n<p>Valget av Espen Olsen har tydelig st\u00f8tte b\u00e5de fra trenerteamet og styret.<\/p>\n<p>\u2013 Dette er et sv\u00e6rt godt valg for LSK og gir oss en sterk retning inn i de kommende \u00e5rene. Vi har l\u00e6rt hverandre \u00e5 kjenne allerede og jeg gleder meg til \u00e5 jobbe sammen med Espen og resten av mange flinke mennesker i LSK fremover, sier hovedtrener Hans Erik \u00d8degaard.<\/p>\n<p><strong>Relasjonsbygger<\/strong><\/p>\n<p>Utvelgelsesprosessen har v\u00e6rt ledet av daglig leder Robert Lauritsen, sammen med styremedlemmene Per Christian Eidevik og Hanne Kristin Nordhagen. Alle tre med lang leder- og rekrutteringserfaring fra b\u00e5de idrett og n\u00e6ringsliv.<\/p>\n<p>For \u00e5 sikre objektivitet og kvalitet har klubben benyttet ekstern bistand gjennom rekrutteringsselskapet Mastil AS.<\/p>\n<p>De screenet alle aktuelle kandidater for \u00e5 f\u00e5 et helhetsbilde av motivasjon og kompetanse. Tilbakemeldingene fra kandidatene viste at Lillestr\u00f8m Sportsklubb ble oppfattet som en sv\u00e6rt attraktiv arbeidsgiver.<\/p>\n<p>Deretter gjennomf\u00f8rte Mastil intervjuer med alle kandidater, basert p\u00e5 et standardisert og profesjonelt intervjuskjema utviklet direkte ut fra kravspesifikasjonen til sportssjefsrollen, som var klar f\u00f8r prosessen startet. De tre finalekandidatene gjennomf\u00f8rte ogs\u00e5 lederprofiltesten OPTO fra Master, som ga nyttig innsikt i styrker, arbeidsstil og egnethet. I sluttfasen hadde klubben dialog- og oppf\u00f8lgingsm\u00f8ter med kandidatene f\u00f8r endelig beslutning ble tatt.<\/p>\n<p>\u2013 I Espen f\u00e5r vi inn en sterk relasjonsbygger. Han kjenner toppfotballen i Norge, er en lokal profil med forankring og tar med seg verdifull erfaring fra mange av oppgavene som kreves i en sportssjefsrolle, sier daglig leder i Lillestr\u00f8m Sportsklubb, Robert Lauritsen.<\/p>\n<p><strong>Styrker apparatet<\/strong><\/p>\n<p>Inn mot 2026 blir det gjort flere grep for \u00e5 fors\u00f8ke \u00e5 optimalisere teamet p\u00e5 sport, samt \u00e5 skape en smidig overgang fra Simon Mesfins brede arbeidskapasitet. Sportsadministrator Tor Arne Solberg har allerede overtatt noen oppgaver, mens Nasra Abdullah fra LSK-styret er knyttet tettere opp mot klubbens afrikanske spillere for \u00e5 hjelpe de med dagligdagse utfordringer.<\/p>\n<p>Fra 1.1 utvider LSK ogs\u00e5 strukturen rundt sportssjefen med Fredrik Vestg\u00e5rd i en administrativ st\u00f8ttefunksjon. En tilsvarende rolle han har hatt i Ull\/Kisa. Stillingen er 50% og skal kombineres med videre keepertrener-jobb i LSK-akademiet.<\/p>\n<p>\u2013 Trenerteamet har et voldsomt fokus p\u00e5 hvordan spillerne kan bli litt bedre hver dag og det inspirerer alle andre i hele organisasjonen. Disse grepene tror vi kan v\u00e6re med \u00e5 utvikle Lillestr\u00f8m Sportsklubb videre inn i fremtiden, sier Robert Lauritsen.<\/p>\n","protected":false},"excerpt":{"rendered":"\u2013 Lillestr\u00f8m er en bauta i fotball-Norge. Det er trykk rundt klubben og med det som har skjedd&hellip;\n","protected":false},"author":2,"featured_media":92319,"comment_status":"","ping_status":"","sticky":false,"template":"","format":"standard","meta":{"footnotes":""},"categories":[5],"tags":[20,21,24,25,15,19,22,23,17,18,13,30,28,29,14,16,26,27],"class_list":{"0":"post-92318","1":"post","2":"type-post","3":"status-publish","4":"format-standard","5":"has-post-thumbnail","7":"category-overskrifter","8":"tag-breaking-news","9":"tag-breakingnews","10":"tag-featured-news","11":"tag-featurednews","12":"tag-headlines","13":"tag-hovedoppslag","14":"tag-latest-news","15":"tag-latestnews","16":"tag-main-news","17":"tag-mainnews","18":"tag-news","19":"tag-no","20":"tag-norge","21":"tag-norway","22":"tag-nyheter","23":"tag-overskrifter","24":"tag-top-stories","25":"tag-topstories"},"share_on_mastodon":{"url":"https:\/\/pubeurope.com\/@no\/115583834071865847","error":""},"_links":{"self":[{"href":"https:\/\/www.europesays.com\/no\/wp-json\/wp\/v2\/posts\/92318","targetHints":{"allow":["GET"]}}],"collection":[{"href":"https:\/\/www.europesays.com\/no\/wp-json\/wp\/v2\/posts"}],"about":[{"href":"https:\/\/www.europesays.com\/no\/wp-json\/wp\/v2\/types\/post"}],"author":[{"embeddable":true,"href":"https:\/\/www.europesays.com\/no\/wp-json\/wp\/v2\/users\/2"}],"replies":[{"embeddable":true,"href":"https:\/\/www.europesays.com\/no\/wp-json\/wp\/v2\/comments?post=92318"}],"version-history":[{"count":0,"href":"https:\/\/www.europesays.com\/no\/wp-json\/wp\/v2\/posts\/92318\/revisions"}],"wp:featuredmedia":[{"embeddable":true,"href":"https:\/\/www.europesays.com\/no\/wp-json\/wp\/v2\/media\/92319"}],"wp:attachment":[{"href":"https:\/\/www.europesays.com\/no\/wp-json\/wp\/v2\/media?parent=92318"}],"wp:term":[{"taxonomy":"category","embeddable":true,"href":"https:\/\/www.europesays.com\/no\/wp-json\/wp\/v2\/categories?post=92318"},{"taxonomy":"post_tag","embeddable":true,"href":"https:\/\/www.europesays.com\/no\/wp-json\/wp\/v2\/tags?post=92318"}],"curies":[{"name":"wp","href":"https:\/\/api.w.org\/{rel}","templated":true}]}}