{"id":92320,"date":"2025-11-20T20:12:17","date_gmt":"2025-11-20T20:12:17","guid":{"rendered":"https:\/\/www.europesays.com\/no\/92320\/"},"modified":"2025-11-20T20:12:17","modified_gmt":"2025-11-20T20:12:17","slug":"brann-pa-klimatoppmotet-cop30-i-brasil-norsk-delegasjon-er-trygg","status":"publish","type":"post","link":"https:\/\/www.europesays.com\/no\/92320\/","title":{"rendered":"Brann p\u00e5 klimatoppm\u00f8tet COP30 i Brasil \u2013 norsk delegasjon er trygg"},"content":{"rendered":"\n<p class=\"_lead_o9xde_2 _lead_xtcu6_50 layout-component text-serif-m layout-normal text-serif-l layout-component layout-wide layout-padded _wide_17hqh_1 layout-padded\">Brannen er under kontroll og ingen er skadet.<\/p>\n<p> <img class=\"_image_qp4xg_65 layout-component layout-wide\" data-fullscreen- data-track-element-type=\"Article image fullscreen\" data-track-name=\"ImageFullscreen\" fetchpriority=\"high\" decoding=\"sync\" loading=\"eager\" height=\"181\" itemprop=\"image\"  src=\"https:\/\/www.europesays.com\/no\/wp-content\/uploads\/2025\/11\/d24a32ab2be3c6d05b344d4f18fb0ea7.jpg\"  style=\"object-position:50% 50%;aspect-ratio:1.75;height:auto;object-fit:cover;width:100%\" width=\"102\"\/>   Oppdatert torsdag 20. november kl. 19:03     <\/p>\n<p class=\"_paragraph_o9xde_4 _paragraph_xtcu6_10 layout-component text-serif-m layout-normal text-serif-m layout-padded\">If\u00f8lge nyhetsbyr\u00e5et AFP br\u00f8t brannen ut i en paviljong inne p\u00e5 konferansesenteret, noe som f\u00f8rte til at panikkslagne delegater l\u00f8p mot utgangene.<\/p>\n<p class=\"_paragraph_o9xde_4 _paragraph_xtcu6_10 layout-component text-serif-m layout-normal text-serif-m layout-padded\"><strong class=\"_strong_o9xde_25\">Flere videoer viser \u00e5pne flammer og folk som l\u00f8per ut av bygningen.<\/strong><\/p>\n<p class=\"_paragraph_o9xde_4 _paragraph_xtcu6_10 layout-component text-serif-m layout-normal text-serif-m layout-padded\">\u2013 Hele den norske delegasjonen er i sikkerhet, opplyser Klima- og milj\u00f8departementet til <a href=\"https:\/\/www.nrk.no\/nyheter\/brann-inne-pa-konferansesenteret-i-belem-1.17661393\" class=\"_link_o9xde_39\" rel=\"nofollow noopener\" target=\"_blank\">NRK<\/a>.<\/p>\n<p class=\"_paragraph_o9xde_4 _paragraph_xtcu6_10 layout-component text-serif-m layout-normal text-serif-m layout-padded\">Dramaet startet like etter klokken 18 norsk tid. En dr\u00f8y halvtime senere melder brasilianske myndigheter at brannen er under kontroll \u2013 og at ingen er skadet.<\/p>\n<p class=\"_paragraph_o9xde_4 _paragraph_xtcu6_10 layout-component text-serif-m layout-normal text-serif-m layout-padded\">Se bildene fra evakueringen her: <\/p>\n<p class=\"_paragraph_o9xde_4 _paragraph_xtcu6_10 layout-component text-serif-m layout-normal text-serif-m layout-padded\">En rekke norske politikere deltar p\u00e5 m\u00f8tet, og m\u00e5tte evakuere:<\/p>\n<p class=\"_paragraph_o9xde_4 _paragraph_xtcu6_10 layout-component text-serif-m layout-normal text-serif-m layout-padded\">\u2013 Jeg var midt i lokalet og s\u00e5 at folk begynte \u00e5 l\u00f8pe, sier stortings\u00adrepresentant Fr\u00f8ya Skjold Sjurs\u00e6ther (MDG) p\u00e5 telefon til VG.<\/p>\n<p><img alt=\"Sjurs\u00e6ther utenfor konferansesenteret, som hun selv m\u00e5tte evakuere.  Foto: Privat\" class=\"_image_qp4xg_65 layout-component layout-normal\" data-fullscreen- data-track-element-type=\"Article image fullscreen\" data-track-name=\"ImageFullscreen\" decoding=\"async\" loading=\"lazy\" height=\"3024\" itemprop=\"image\"  src=\"https:\/\/www.europesays.com\/no\/wp-content\/uploads\/2025\/11\/ba9684b6-0b12-4f46-9455-4c16d652033a\"  style=\"object-position:0% 0%\" width=\"4032\"\/>Sjurs\u00e6ther utenfor konferansesenteret, som hun selv m\u00e5tte evakuere.  Foto: Privat<\/p>\n<p class=\"_paragraph_o9xde_4 _paragraph_xtcu6_10 layout-component text-serif-m layout-normal text-serif-m layout-padded\">If\u00f8lge AFP har brannen f\u00f8rt til at myndighetene beordret evakuering av arenaen.<\/p>\n<p class=\"_paragraph_o9xde_4 _paragraph_xtcu6_10 layout-component text-serif-m layout-normal text-serif-m layout-padded\"><strong class=\"_strong_o9xde_25\">\u2013 N\u00e5 ser det ut som det er under kontroll, sier Sjurs\u00e6ther like f\u00f8r klokken 18.30.<\/strong><\/p>\n<p class=\"_paragraph_o9xde_4 _paragraph_xtcu6_10 layout-component text-serif-m layout-normal text-serif-m layout-padded\">Bilder viser brannvesenet p\u00e5 stedet:<\/p>\n<p><img alt=\"Foto: Adriano Machado \/ Reuters \/ NTB\" class=\"_image_qp4xg_65 layout-component layout-normal\" data-fullscreen- data-track-element-type=\"Article image fullscreen\" data-track-name=\"ImageFullscreen\" decoding=\"async\" loading=\"lazy\" height=\"3333\" itemprop=\"image\"  src=\"https:\/\/www.europesays.com\/no\/wp-content\/uploads\/2025\/11\/e6e1a322-aa78-41b8-b179-6f8f0ab7b7b4\"  style=\"object-position:0% 0%\" width=\"5000\"\/>Foto: Adriano Machado \/ Reuters \/ NTB<\/p>\n<p class=\"_paragraph_o9xde_4 _paragraph_xtcu6_10 layout-component text-serif-m layout-normal text-serif-m layout-padded\">Konferansesenteret, der klimatoppm\u00f8tet COP30COP30COP30 er den 30. utgaven av konferansen som formelt heter Conference of the Parties. n\u00e5 foreg\u00e5r, er i den brasilianske byen Bel\u00e9m. <\/p>\n<p class=\"_paragraph_o9xde_4 _paragraph_xtcu6_10 layout-component text-serif-m layout-normal text-serif-m layout-padded\">Klimatoppm\u00f8tet skal etter planen avsluttes p\u00e5 fredag.<\/p>\n<p><img alt=\"Foto: Adriano Machado \/ Reuters \/ NTB\" class=\"_image_qp4xg_65 layout-component layout-normal\" data-fullscreen- data-track-element-type=\"Article image fullscreen\" data-track-name=\"ImageFullscreen\" decoding=\"async\" loading=\"lazy\" height=\"3333\" itemprop=\"image\"  src=\"https:\/\/www.europesays.com\/no\/wp-content\/uploads\/2025\/11\/d9a0e6bc-deed-4ec6-b631-a744760ca4f5\"  style=\"object-position:0% 0%\" width=\"5000\"\/>Foto: Adriano Machado \/ Reuters \/ NTB    <img decoding=\"async\" alt=\"Tips oss illustrasjon\" src=\"https:\/\/www.europesays.com\/no\/wp-content\/uploads\/2025\/10\/pssst-small.webp.webp\"\/>    <\/p>\n<p class=\"title-serif-s\">Har du tips?<\/p>\n<p class=\"text-sans-m\">Send oss informasjon, bilder eller video.<\/p>\n<p>  <a href=\"https:\/\/www.vg.no\/tips-oss\" rel=\"nofollow noopener\" target=\"_blank\"> Tips oss <\/a>      <\/p>\n","protected":false},"excerpt":{"rendered":"Brannen er under kontroll og ingen er skadet. Oppdatert torsdag 20. november kl. 19:03 If\u00f8lge nyhetsbyr\u00e5et AFP br\u00f8t&hellip;\n","protected":false},"author":2,"featured_media":92321,"comment_status":"","ping_status":"","sticky":false,"template":"","format":"standard","meta":{"footnotes":""},"categories":[12],"tags":[5847,3780,20,21,24,25,12049,15,11258,22,23,13,30,28,29,14,16,26,27,42,43,44,45],"class_list":{"0":"post-92320","1":"post","2":"type-post","3":"status-publish","4":"format-standard","5":"has-post-thumbnail","7":"category-verden","8":"tag-branner","9":"tag-brasil","10":"tag-breaking-news","11":"tag-breakingnews","12":"tag-featured-news","13":"tag-featurednews","14":"tag-froya-skjold-sjursaether-mdg","15":"tag-headlines","16":"tag-klimatoppmotet","17":"tag-latest-news","18":"tag-latestnews","19":"tag-news","20":"tag-no","21":"tag-norge","22":"tag-norway","23":"tag-nyheter","24":"tag-overskrifter","25":"tag-top-stories","26":"tag-topstories","27":"tag-verden","28":"tag-world","29":"tag-world-news","30":"tag-worldnews"},"share_on_mastodon":{"url":"https:\/\/pubeurope.com\/@no\/115583854251322744","error":""},"_links":{"self":[{"href":"https:\/\/www.europesays.com\/no\/wp-json\/wp\/v2\/posts\/92320","targetHints":{"allow":["GET"]}}],"collection":[{"href":"https:\/\/www.europesays.com\/no\/wp-json\/wp\/v2\/posts"}],"about":[{"href":"https:\/\/www.europesays.com\/no\/wp-json\/wp\/v2\/types\/post"}],"author":[{"embeddable":true,"href":"https:\/\/www.europesays.com\/no\/wp-json\/wp\/v2\/users\/2"}],"replies":[{"embeddable":true,"href":"https:\/\/www.europesays.com\/no\/wp-json\/wp\/v2\/comments?post=92320"}],"version-history":[{"count":0,"href":"https:\/\/www.europesays.com\/no\/wp-json\/wp\/v2\/posts\/92320\/revisions"}],"wp:featuredmedia":[{"embeddable":true,"href":"https:\/\/www.europesays.com\/no\/wp-json\/wp\/v2\/media\/92321"}],"wp:attachment":[{"href":"https:\/\/www.europesays.com\/no\/wp-json\/wp\/v2\/media?parent=92320"}],"wp:term":[{"taxonomy":"category","embeddable":true,"href":"https:\/\/www.europesays.com\/no\/wp-json\/wp\/v2\/categories?post=92320"},{"taxonomy":"post_tag","embeddable":true,"href":"https:\/\/www.europesays.com\/no\/wp-json\/wp\/v2\/tags?post=92320"}],"curies":[{"name":"wp","href":"https:\/\/api.w.org\/{rel}","templated":true}]}}