{"id":92324,"date":"2025-11-20T20:19:24","date_gmt":"2025-11-20T20:19:24","guid":{"rendered":"https:\/\/www.europesays.com\/no\/92324\/"},"modified":"2025-11-20T20:19:24","modified_gmt":"2025-11-20T20:19:24","slug":"raser-mot-jimmy-kimmel","status":"publish","type":"post","link":"https:\/\/www.europesays.com\/no\/92324\/","title":{"rendered":"Raser mot Jimmy Kimmel"},"content":{"rendered":"<p class=\"kicker \" style=\"\">Dick Cheney:<\/p>\n<p>  Barack og Michelle Obama sto over Dick Cheneys begravelse. President Donald Trump og visepresident J.D. Vance var ikke invitert.\u00a0<\/p>\n<p>\n    KOM IKKE: Barack Obama og kona Michelle Obama deltok ikke i den tidligere visepresidentens begravelse. Foto: Drew Angerer \/ UPI \/ Shutterstock \/ NTB\n  <\/p>\n<p>Tidligere presidenter og politikere fra begge partier samlet seg torsdag i Washington DC, for \u00e5 ta farvel med den tidligere republikanske visepresidenten Dick Cheney.\u00a0<\/p>\n<p> Han d\u00f8de 3. november i en alder av 84. <\/p>\n<p>          <img loading=\"lazy\" decoding=\"async\" src=\"https:\/\/www.europesays.com\/no\/wp-content\/uploads\/2025\/11\/1763669961_336_83880402.webp\" width=\"980\" height=\"559\" title=\"VISEPRESIDENT: Dick Cheney var visepresident i USA fra 2001 til 2009. Her avbildet i 2007 ved Grand Teton nasjonalpark. Foto: Michael G. Seamans \/ AP \/ NTB\" alt=\"\" class=\"\" style=\"--aspect-ratio-image: 1.75; \"\/><\/p>\n<p>\n          VISEPRESIDENT: Dick Cheney var visepresident i USA fra 2001 til 2009. Her avbildet i 2007 ved Grand Teton nasjonalpark. Foto: Michael G. Seamans \/ AP \/ NTB\n      <\/p>\n<p>Verken president Donald Trump eller visepresident J.D. Vance var invitert til Cheneys begravelse, if\u00f8lge <a href=\"https:\/\/edition.cnn.com\/2025\/11\/20\/politics\/dick-cheney-funeral-washington\" target=\"_blank\" rel=\"nofollow noopener\">CNN<\/a>.\u00a0<\/p>\n<p>Det var et bredt spekter av prominente politiske gjester fra begge partier &#8211; republikanere og demokrater &#8211; under begravelsen.\u00a0<\/p>\n<p>Obama-nei  <\/p>\n<p>Tidligere presidenter George W. Bush og Joe Biden deltok for \u00e5 vise sin respekt, sammen med tidligere visepresidenter Kamala Harris, Mike Pence, Al Gore og Dan Quayle.\u00a0<\/p>\n<p class=\"font-weight-bold m-font-weight-bold\" data-lab-font_weight=\"font-weight-bold\">Tidligere president Barack Obama og hans kone Michelle Obama, var ikke til stede i begravelsen, melder <a href=\"https:\/\/people.com\/barack-michelle-obama-not-attending-dick-cheney-funeral-11853467\" target=\"_blank\" rel=\"nofollow noopener\">People<\/a>.\u00a0<\/p>\n<p>          <img loading=\"lazy\" decoding=\"async\" src=\"https:\/\/www.europesays.com\/no\/wp-content\/uploads\/2025\/11\/1763669962_702_83880406.webp\" width=\"980\" height=\"559\" title=\"M\u00d8TTE OPP: Tidligere amerikanske presidenter George W. Bush og Joe Biden, tidligere f\u00f8rstedamer Laura Bush og Jill Biden, samt tidligere visepresident Kamala Harris, deltok i begravelsesseremonien i Washington National Cathedral 20. november 2025. Foto: Gripas Yuri \/ ABACA \/ Shutterstock \/ NTB\" alt=\"\" class=\"\" style=\"--aspect-ratio-image: 1.75; \"\/><\/p>\n<p>\n          M\u00d8TTE OPP: Tidligere amerikanske presidenter George W. Bush og Joe Biden, tidligere f\u00f8rstedamer Laura Bush og Jill Biden, samt tidligere visepresident Kamala Harris, deltok i begravelsesseremonien i Washington National Cathedral 20. november 2025. Foto: Gripas Yuri \/ ABACA \/ Shutterstock \/ NTB\n      <\/p>\n<p>En rekke tidligere og n\u00e5v\u00e6rende medlemmer av den amerikanske regjeringen fra b\u00e5de republikanske og demokratiske administrasjoner var ogs\u00e5 til stede, samt ledere i Kongressen fra begge partier.<\/p>\n<p>Den politiske nettavisa\u00a0<a href=\"https:\/\/www.axios.com\/2025\/11\/20\/trump-dick-cheney-funeral-snub\" target=\"_blank\" rel=\"nofollow noopener\">Axios<\/a> var f\u00f8rst med \u00e5 rapportere at Trump ikke var invitert til begravelsen.<\/p>\n<p>        KHASHOGGI: En reporter fra ABC News stilte Saudi-Arabias prins og statsminister Mohammed bin Salman et kritisk sp\u00f8rsm\u00e5l rundt hans rolle i drapet p\u00e5 journalisten Jamal Khashoggi, under et m\u00f8te med Donald Trump i Det hvite hus. Det satte ikke sistnevnte s\u00e6rlig pris p\u00e5. Reporter: Edward Stenlund. Video: Reuters<\/p>\n<p>Snudde mot Trump<\/p>\n<p class=\"font-weight-bold m-font-weight-bold\" data-lab-font_weight=\"font-weight-bold\">Cheney var visepresident fra 2001 til 2009 under George W. Bush.\u00a0<\/p>\n<p>F\u00f8r han ble valgt som visepresident, var Cheney forsvarsminister, stabssjef i Det hvite hus og kongressrepresentant for Wyoming.<\/p>\n<p>Han er betraktet som en av USAs mest innflytelsesrike visepresidenter gjennom tidende.\u00a0<\/p>\n<p>          <img loading=\"lazy\" decoding=\"async\" src=\"https:\/\/www.europesays.com\/no\/wp-content\/uploads\/2025\/11\/1763669963_549_83880412.webp\" width=\"980\" height=\"559\" title=\"KOLLEGER: George W. Bush og Dick Cheney samme under en politisk valgkamp i Madison Square Garden i 2004. Foto: Charles Dharapak \/ AP \/ NTB\" alt=\"\" class=\"\" style=\"--aspect-ratio-image: 1.75; \"\/><\/p>\n<p>\n          KOLLEGER: George W. Bush og Dick Cheney samme under en politisk valgkamp i Madison Square Garden i 2004. Foto: Charles Dharapak \/ AP \/ NTB\n      <\/p>\n<p>Cheney st\u00f8ttet Trumps valgkamp i 2016, men de siste \u00e5ra fikk pipa en annen tone. Han begynte i 2022 \u00e5 offentlig kritisere Trump.<\/p>\n<p>I 2022 omtalte Cheney den n\u00e5v\u00e6rende presidenten som <a href=\"https:\/\/www.dagbladet.no\/nyheter\/aldri-eksistert-storre-trussel\/76818041\" target=\"_blank\" rel=\"nofollow noopener\">en feiging<\/a>, og uttalte at ingen var en st\u00f8rre trussel mot landets republikken.\u00a0<\/p>\n<p>Datteren hans, Liz Cheney &#8211; som ogs\u00e5 i det republikanske partiet &#8211; har v\u00e6rt en av Trumps st\u00f8rste motstandere siden stormingen av The Capitol i januar 2021.\u00a0<\/p>\n<p>Trump har ikke offentlig uttrykt sine kondolanser eller kommentert Cheneys d\u00f8d.<\/p>\n<p>    <a itemprop=\"url\" href=\"https:\/\/www.dagbladet.no\/nyheter\/liz-cheney-om-trump-uopprettelig-katastrofe\/81912308\" rel=\"nofollow noopener\" target=\"_blank\"><\/p>\n<p>      <img loading=\"lazy\" decoding=\"async\" src=\"https:\/\/www.europesays.com\/no\/wp-content\/uploads\/2025\/11\/1763669964_819_81912316.webp\" width=\"980\" height=\"441\" title=\"Liz Cheney om Trump:- Uopprettelig katastrofe\" alt=\"\" class=\"lazyload\" style=\"--aspect-ratio-image: 2.22; \"\/><\/p>\n<p>        Liz Cheney om Trump:- Uopprettelig katastrofe<\/p>\n<p>    <\/a><\/p>\n<p>Michelle Obama-fokus<\/p>\n<p>Det er uklart hvorfor Barack og Michelle Obama ikke ble sett i begravelsen til Cheney. Det har likevel v\u00e6rt en gjenganger for Michelle Obama \u00e5 ikke delta p\u00e5 politiske arrangementer den siste tida, melder <a href=\"https:\/\/pagesix.com\/2025\/11\/20\/celebrity-news\/barack-michelle-obama-skip-dick-cheneys-funeral-as-former-first-lady-dodges-political-limelight\/\" target=\"_blank\" rel=\"nofollow noopener\">Page Six<\/a>.\u00a0<\/p>\n<p>I januar vakte Michelle oppmerksomhet da hun ikke fulgte med ektemannen til Jimmy Carters begravelse.\u00a0<\/p>\n<p>Den gang meldte CNN at hun ikke kunne v\u00e6re til stede fordi hun var p\u00e5 en lengre ferie p\u00e5 Hawaii. Noen dager seinere reiste Barack Obama alene til Trumps innsettelse, mens Michelle var frav\u00e6rende.<\/p>\n<p>I april kommenterte Michelle hvorfor hun ikke deltok p\u00e5 Trumps innsettelse.\u00a0<\/p>\n<p class=\"font-weight-bold m-font-weight-bold\" data-lab-font_weight=\"font-weight-bold\">&#8211; Jeg m\u00e5tte bruke all min viljestyrke p\u00e5 \u00e5 ikke gj\u00f8re det som ble oppfattet som \u00abriktig\u00bb, men heller det som var riktig for meg. Det var vanskelig, sa hun i sin egen podkast, \u00abIMO\u00bb.<\/p>\n<p>Hun sa i podkasten at hun fokuserer p\u00e5 \u00e5 l\u00e6re seg kunsten \u00e5 si nei.<\/p>\n<p>Michelle har ogs\u00e5 i ettertid sett seg n\u00f8dt til \u00e5 avkreftet rykter om at hun ikke var ved Baracks side under disse arrangementene p\u00e5 grunn av ekteskapsproblemer.<\/p>\n","protected":false},"excerpt":{"rendered":"Dick Cheney: Barack og Michelle Obama sto over Dick Cheneys begravelse. President Donald Trump og visepresident J.D. Vance&hellip;\n","protected":false},"author":2,"featured_media":92325,"comment_status":"","ping_status":"","sticky":false,"template":"","format":"standard","meta":{"footnotes":""},"categories":[12],"tags":[20,21,5099,55,24,25,15,6076,479,22,23,13,30,28,29,14,16,26,27,42,43,44,45],"class_list":{"0":"post-92324","1":"post","2":"type-post","3":"status-publish","4":"format-standard","5":"has-post-thumbnail","7":"category-verden","8":"tag-breaking-news","9":"tag-breakingnews","10":"tag-charlie-kirk","11":"tag-donald-trump","12":"tag-featured-news","13":"tag-featurednews","14":"tag-headlines","15":"tag-jimmy-kimmel","16":"tag-kjendis","17":"tag-latest-news","18":"tag-latestnews","19":"tag-news","20":"tag-no","21":"tag-norge","22":"tag-norway","23":"tag-nyheter","24":"tag-overskrifter","25":"tag-top-stories","26":"tag-topstories","27":"tag-verden","28":"tag-world","29":"tag-world-news","30":"tag-worldnews"},"share_on_mastodon":{"url":"https:\/\/pubeurope.com\/@no\/115583881575587862","error":""},"_links":{"self":[{"href":"https:\/\/www.europesays.com\/no\/wp-json\/wp\/v2\/posts\/92324","targetHints":{"allow":["GET"]}}],"collection":[{"href":"https:\/\/www.europesays.com\/no\/wp-json\/wp\/v2\/posts"}],"about":[{"href":"https:\/\/www.europesays.com\/no\/wp-json\/wp\/v2\/types\/post"}],"author":[{"embeddable":true,"href":"https:\/\/www.europesays.com\/no\/wp-json\/wp\/v2\/users\/2"}],"replies":[{"embeddable":true,"href":"https:\/\/www.europesays.com\/no\/wp-json\/wp\/v2\/comments?post=92324"}],"version-history":[{"count":0,"href":"https:\/\/www.europesays.com\/no\/wp-json\/wp\/v2\/posts\/92324\/revisions"}],"wp:featuredmedia":[{"embeddable":true,"href":"https:\/\/www.europesays.com\/no\/wp-json\/wp\/v2\/media\/92325"}],"wp:attachment":[{"href":"https:\/\/www.europesays.com\/no\/wp-json\/wp\/v2\/media?parent=92324"}],"wp:term":[{"taxonomy":"category","embeddable":true,"href":"https:\/\/www.europesays.com\/no\/wp-json\/wp\/v2\/categories?post=92324"},{"taxonomy":"post_tag","embeddable":true,"href":"https:\/\/www.europesays.com\/no\/wp-json\/wp\/v2\/tags?post=92324"}],"curies":[{"name":"wp","href":"https:\/\/api.w.org\/{rel}","templated":true}]}}