{"id":92327,"date":"2025-11-20T20:26:08","date_gmt":"2025-11-20T20:26:08","guid":{"rendered":"https:\/\/www.europesays.com\/no\/92327\/"},"modified":"2025-11-20T20:26:08","modified_gmt":"2025-11-20T20:26:08","slug":"russland-ukraina-russland-hevder-a-ha-erobret-viktig-by-i-ost-ukraina","status":"publish","type":"post","link":"https:\/\/www.europesays.com\/no\/92327\/","title":{"rendered":"Russland, Ukraina | Russland hevder \u00e5 ha erobret viktig by i \u00d8st-Ukraina"},"content":{"rendered":"\n<p>Russisk TV melder at en kommandant i h\u00e6ren, Sergej Kuzovlev, selv overbrakte nyheten til president Vladimir Putin torsdag.<\/p>\n<p>Kuzovlev beskrev byen som helt sentral i Ukrainas forsvarslinjer. P\u00e5standene hans er ikke bekreftet av Ukraina eller uavhengige kilder.<\/p>\n<p>Kupjansk er et viktig jernbaneknutepunkt som ble erobret av de russiske styrkene p\u00e5 f\u00f8rste dag av invasjonen i 2022. Noen m\u00e5neder senere ble den gjenerobret av Ukrainas forsvarsstyrker.<\/p>\n<p><b>Les ogs\u00e5: <a href=\"https:\/\/www.nettavisen.no\/nyheter\/ville-anklager-hadde-definitivt-noe-pa-donald-trump\/s\/5-95-2738937\" rel=\"Follow nofollow noopener\" target=\"_blank\">Ville anklager: \u2013 Hadde definitivt noe p\u00e5 Trump<\/a><\/b><\/p>\n<p>De siste m\u00e5nedene har russerne igjen rykket framover i Kharkiv, og situasjonen for Ukrainas styrker har v\u00e6rt vanskelig.<\/p>\n<p>If\u00f8lge russiske myndigheter bes\u00f8kte Putin torsdag russiske soldater som kjemper mot ukrainerne. Angivelig m\u00f8tte han forsvarssjef Valerij Gerasimov \u2013 og ogs\u00e5 han skal ha fortalt presidenten om erobringen av Kupjansk.<\/p>\n<p>Gerasimov hevdet ogs\u00e5 at russiske styrker kontrollerer 70 prosent av byen Pokrovsk. Heller ikke denne opplysningen er bekreftet av andre kilder, men Ukrainas president Volodymyr Zelenskyj erkjente i begynnelsen av november at Pokrovsk var under press.<\/p>\n<p>    Vil du se neste video?<\/p>\n<p>    <a href=\"https:\/\/www.nettavisen.no\/sport\/her-bryter-kronprins-haakon-inn-nar-prins-sverre-magnus-svarer-pa-italia-sporsmal-fra-norsk-presse\/v\/5-95-2731534\" class=\"recommend-poster\" data-adp-clicklabel=\"video-recommend\" data-adp-clickvalue=\"poster\" rel=\"nofollow noopener\" target=\"_blank\"><br \/>\n      <img decoding=\"async\" width=\"200\" height=\"200\" loading=\"lazy\" src=\"https:\/\/www.europesays.com\/no\/wp-content\/uploads\/2025\/11\/1763670368_22_Kronprins+Haakon+til+cue.jpg\" alt=\"\" class=\"brick-c-cFOWSL\" style=\"--brick-image-ratio: 200 \/ 200;\"\/><\/p>\n<p>Her bryter kronprinsen inn0:38<\/p>\n<p>    <\/a><\/p>\n<p>(\u00a9NTB)<\/p>\n","protected":false},"excerpt":{"rendered":"Russisk TV melder at en kommandant i h\u00e6ren, Sergej Kuzovlev, selv overbrakte nyheten til president Vladimir Putin torsdag.&hellip;\n","protected":false},"author":2,"featured_media":92328,"comment_status":"","ping_status":"","sticky":false,"template":"","format":"standard","meta":{"footnotes":""},"categories":[12],"tags":[20,21,24,25,15,22,23,13,30,28,29,14,16,26,27,42,43,44,45],"class_list":{"0":"post-92327","1":"post","2":"type-post","3":"status-publish","4":"format-standard","5":"has-post-thumbnail","7":"category-verden","8":"tag-breaking-news","9":"tag-breakingnews","10":"tag-featured-news","11":"tag-featurednews","12":"tag-headlines","13":"tag-latest-news","14":"tag-latestnews","15":"tag-news","16":"tag-no","17":"tag-norge","18":"tag-norway","19":"tag-nyheter","20":"tag-overskrifter","21":"tag-top-stories","22":"tag-topstories","23":"tag-verden","24":"tag-world","25":"tag-world-news","26":"tag-worldnews"},"share_on_mastodon":{"url":"https:\/\/pubeurope.com\/@no\/115583908977594205","error":""},"_links":{"self":[{"href":"https:\/\/www.europesays.com\/no\/wp-json\/wp\/v2\/posts\/92327","targetHints":{"allow":["GET"]}}],"collection":[{"href":"https:\/\/www.europesays.com\/no\/wp-json\/wp\/v2\/posts"}],"about":[{"href":"https:\/\/www.europesays.com\/no\/wp-json\/wp\/v2\/types\/post"}],"author":[{"embeddable":true,"href":"https:\/\/www.europesays.com\/no\/wp-json\/wp\/v2\/users\/2"}],"replies":[{"embeddable":true,"href":"https:\/\/www.europesays.com\/no\/wp-json\/wp\/v2\/comments?post=92327"}],"version-history":[{"count":0,"href":"https:\/\/www.europesays.com\/no\/wp-json\/wp\/v2\/posts\/92327\/revisions"}],"wp:featuredmedia":[{"embeddable":true,"href":"https:\/\/www.europesays.com\/no\/wp-json\/wp\/v2\/media\/92328"}],"wp:attachment":[{"href":"https:\/\/www.europesays.com\/no\/wp-json\/wp\/v2\/media?parent=92327"}],"wp:term":[{"taxonomy":"category","embeddable":true,"href":"https:\/\/www.europesays.com\/no\/wp-json\/wp\/v2\/categories?post=92327"},{"taxonomy":"post_tag","embeddable":true,"href":"https:\/\/www.europesays.com\/no\/wp-json\/wp\/v2\/tags?post=92327"}],"curies":[{"name":"wp","href":"https:\/\/api.w.org\/{rel}","templated":true}]}}