{"id":92358,"date":"2025-11-20T21:25:13","date_gmt":"2025-11-20T21:25:13","guid":{"rendered":"https:\/\/www.europesays.com\/no\/92358\/"},"modified":"2025-11-20T21:25:13","modified_gmt":"2025-11-20T21:25:13","slug":"reagerer-helt-vanvittig","status":"publish","type":"post","link":"https:\/\/www.europesays.com\/no\/92358\/","title":{"rendered":"Reagerer: &#8211; Helt vanvittig"},"content":{"rendered":"<p>Norge filleristet Spania og vant hele 41\u201319 i f\u00f8rste kamp av Posten Cup.<\/p>\n<p class=\"bold m-bold\" data-lab-font_weight=\"bold\">I f\u00f8rste omgang gikk Spania over 14 minutter uten \u00e5 score, og Norge ledet 23\u20136 (!) til pause.<\/p>\n<p>Hjemmeh\u00e5pet Emilie Hovden fra Bergen var i storslag og sto for seks scoringer p\u00e5 h\u00f8yrekanten, mens Nora M\u00f8rk banket inn fem m\u00e5l fra straffemerket.<\/p>\n<p>        <img class=\"image__img lazyload\" itemprop=\"image\" title=\"Foto: Paul S. Amundsen \/ NTB\" alt=\"SENTRALE: Nora M\u00f8rk og Emilie Hovden. Foto: Paul S. Amundsen \/ NTB\" width=\"675\" height=\"399\" bad-src=\"https:\/\/www.europesays.com\/no\/wp-content\/uploads\/2025\/11\/18309292.webp\" fetchpriority=\"auto\" \/><\/p>\n<p>      SENTRALE: Nora M\u00f8rk og Emilie Hovden.<br \/>\n         Foto: Paul S. Amundsen \/ NTB<\/p>\n<p>\u2013 Dette er helt vanvittig. Det er eventyrlige tall, sa TV 2-kommentator Harald Bredeli rett f\u00f8r pause.<\/p>\n<p> Keeper Eli Marie Raasok herjet i m\u00e5l og hadde en redningsprosent p\u00e5 60 etter f\u00f8rste omgang.<\/p>\n<p>\u2013 Det ble godkjent dette her. S\u00e5 st\u00e5r jeg bak et kjempeforsvar, i hvert fall i f\u00f8rste omgang. Da er det g\u00f8y \u00e5 v\u00e6re m\u00e5lvakt, sier Raasok til TV 2.<\/p>\n<p>I andre omgang fortsatte storspillet, selv om Spania satt opp eget scoringssnitt.<\/p>\n<p>Debutant Selma Henriksen markerte seg positivt med fem scoringer. Det samme gjorde Kristine Breist\u00f8l og Veronica Kristiansen.<\/p>\n<p>Nora M\u00f8rk fikk seg ogs\u00e5 et spillem\u00e5l i andre omgang, og ble kampens toppscorer sammen med Hovden.<\/p>\n<p>\u2013 Vi vinner klart og tydelig, s\u00e5 synes jeg vi gj\u00f8r veldig mye bra. Vi har ikke bare\u00a0\u00e9n verdensklassem\u00e5lvakt, vi har Eli ogs\u00e5. Det er jeg veldig happy med, s\u00e5 slipper vi heller ikke inn noen kontringsm\u00e5l, sier landslagssjef Ole Gustav Gjekstad.<\/p>\n<p>N\u00e5 venter Ungarn og Serbia i Posten Cup l\u00f8rdag og s\u00f8ndag, f\u00f8r VM starter mot S\u00f8r-Korea torsdag 27. november.<\/p>\n<p class=\"italic m-italic\" data-lab-italic=\"italic\">PS! Henny Reistad m\u00e5tte st\u00e5 over med skade. Tidligere torsdag var hun del av et spilleroppr\u00f8r:<\/p>\n<p>    <a class=\"article__link\" data-ga-active-label=\"\" data-ga-active-label-animation=\"\" href=\"https:\/\/www.tv2.no\/sport\/oppror-bekymret\/18307547\/\" rel=\"nofollow noopener\" target=\"_blank\"><\/p>\n<p>    <img class=\"image__img lazyload\" itemprop=\"image\" title=\"\" alt=\"\" width=\"978\" height=\"411\" bad-src=\"https:\/\/www.europesays.com\/no\/wp-content\/uploads\/2025\/11\/17488439.webp\" fetchpriority=\"auto\" \/><\/p>\n<p>\n            Oppr\u00f8r: \u2013 Bekymret\n        <\/p>\n<p>    <\/a><\/p>\n","protected":false},"excerpt":{"rendered":"Norge filleristet Spania og vant hele 41\u201319 i f\u00f8rste kamp av Posten Cup. I f\u00f8rste omgang gikk Spania&hellip;\n","protected":false},"author":2,"featured_media":92359,"comment_status":"","ping_status":"","sticky":false,"template":"","format":"standard","meta":{"footnotes":""},"categories":[5],"tags":[20,21,24,25,15,19,22,23,17,18,13,30,28,29,14,16,26,27],"class_list":{"0":"post-92358","1":"post","2":"type-post","3":"status-publish","4":"format-standard","5":"has-post-thumbnail","7":"category-overskrifter","8":"tag-breaking-news","9":"tag-breakingnews","10":"tag-featured-news","11":"tag-featurednews","12":"tag-headlines","13":"tag-hovedoppslag","14":"tag-latest-news","15":"tag-latestnews","16":"tag-main-news","17":"tag-mainnews","18":"tag-news","19":"tag-no","20":"tag-norge","21":"tag-norway","22":"tag-nyheter","23":"tag-overskrifter","24":"tag-top-stories","25":"tag-topstories"},"share_on_mastodon":{"url":"https:\/\/pubeurope.com\/@no\/115584140784339122","error":""},"_links":{"self":[{"href":"https:\/\/www.europesays.com\/no\/wp-json\/wp\/v2\/posts\/92358","targetHints":{"allow":["GET"]}}],"collection":[{"href":"https:\/\/www.europesays.com\/no\/wp-json\/wp\/v2\/posts"}],"about":[{"href":"https:\/\/www.europesays.com\/no\/wp-json\/wp\/v2\/types\/post"}],"author":[{"embeddable":true,"href":"https:\/\/www.europesays.com\/no\/wp-json\/wp\/v2\/users\/2"}],"replies":[{"embeddable":true,"href":"https:\/\/www.europesays.com\/no\/wp-json\/wp\/v2\/comments?post=92358"}],"version-history":[{"count":0,"href":"https:\/\/www.europesays.com\/no\/wp-json\/wp\/v2\/posts\/92358\/revisions"}],"wp:featuredmedia":[{"embeddable":true,"href":"https:\/\/www.europesays.com\/no\/wp-json\/wp\/v2\/media\/92359"}],"wp:attachment":[{"href":"https:\/\/www.europesays.com\/no\/wp-json\/wp\/v2\/media?parent=92358"}],"wp:term":[{"taxonomy":"category","embeddable":true,"href":"https:\/\/www.europesays.com\/no\/wp-json\/wp\/v2\/categories?post=92358"},{"taxonomy":"post_tag","embeddable":true,"href":"https:\/\/www.europesays.com\/no\/wp-json\/wp\/v2\/tags?post=92358"}],"curies":[{"name":"wp","href":"https:\/\/api.w.org\/{rel}","templated":true}]}}