{"id":92373,"date":"2025-11-20T21:41:23","date_gmt":"2025-11-20T21:41:23","guid":{"rendered":"https:\/\/www.europesays.com\/no\/92373\/"},"modified":"2025-11-20T21:41:23","modified_gmt":"2025-11-20T21:41:23","slug":"kevin-spacey-avslorer-hjemloshet-og-okonomiske-utfordringer-etter-frikjennelse","status":"publish","type":"post","link":"https:\/\/www.europesays.com\/no\/92373\/","title":{"rendered":"Kevin Spacey avsl\u00f8rer hjeml\u00f8shet og \u00f8konomiske utfordringer etter frikjennelse"},"content":{"rendered":"<p class=\"kicker text-red color_mobile_text-red\" style=\"\">Kevin Spacey:\u00a0<\/p>\n<p>  Den tidligere Hollywood-stjernen st\u00e5r fortsatt uten bransjens st\u00f8tte &#8211; og n\u00e5 avsl\u00f8rer Kevin Spacey at han har mistet huset, bor p\u00e5 hoteller og sliter \u00f8konomisk.<\/p>\n<p>\n    HJEML\u00d8S: Den tidligere Hollywood-stjernen Kevin Spacey forteller om at han sliter \u00f8konomisk etter \u00e5 ha blitt frikjent for flere tilfeller av seksuelt misbruk. Foto: Alessandro Bremec \/ ipa-agency.net \/ PA \/ NTB\n  <\/p>\n<p>Til tross for at Kevin Spacey (66) er frikjent for alle tiltalepunkter om seksuelle overgrep, henger Hollywood fortsatt ikke med p\u00e5 comeback-planene hans.<\/p>\n<p>I 2022 fant en amerikansk jury at Spacey ikke hadde seksuelt misbrukt en mannlig skuespiller i 1986.\u00a0<\/p>\n<p>\u00c5ret etter, i 2023, ble han ogs\u00e5 frikjent for ni tiltalepunkter om seksuelle overgrep mot fire menn i London, og de tre siste gjenv\u00e6rende punktene ble str\u00f8ket.<\/p>\n<p>Men fri\u00adkjenn\u00adel\u00adse betyr ikke tilbakekomst.\u00a0<\/p>\n<p>    <a itemprop=\"url\" href=\"https:\/\/sol.no\/nyheter\/sverger-til-ny-slankekur-dyrere-enn-kokain\/82908443\" rel=\"nofollow noopener\" target=\"_blank\"><\/p>\n<p>      <img loading=\"lazy\" decoding=\"async\" src=\"https:\/\/www.europesays.com\/no\/wp-content\/uploads\/2025\/11\/82908453.webp\" width=\"980\" height=\"441\" title=\"Sverger til ny \u00abslankekur\u00bb: - Dyrere enn kokain\" alt=\"\" class=\"lazyload\" style=\"--aspect-ratio-image: 2.22; \"\/><\/p>\n<p>        Sverger til ny \u00abslankekur\u00bb: &#8211; Dyrere enn kokain<\/p>\n<p>sol.no<\/p>\n<p>    <\/a><\/p>\n<p>I et nytt intervju med <a href=\"https:\/\/www.telegraph.co.uk\/news\/2025\/11\/19\/kevin-spacey-interview-cancelled\/?utm_source=sdrn%3Avg%3Aarticle%3A0pj41o\" rel=\"nofollow noopener\" target=\"_blank\">The Telegraph<\/a> forteller skuespilleren at de sju siste \u00e5rene ikke bare kostet ham karrieren &#8211; men ogs\u00e5 hjemmet.<\/p>\n<p>\u2013 Kostnadene de siste sju \u00e5rene har v\u00e6rt enorme. Jeg har hatt veldig lite inn, og alt har g\u00e5tt ut, sier han.\u00a0<\/p>\n<p>\u2013 Jeg bor p\u00e5 hoteller og Airbnbs. Jeg g\u00e5r dit jobben er. Jeg er bokstavelig talt hjeml\u00f8s.<\/p>\n<p>Spacey sier \u00f8konomien er \u00abikke bra\u00bb, og at konkurs ble diskutert, men aldri gjennomf\u00f8rt.<\/p>\n<p>    <a itemprop=\"url\" href=\"https:\/\/sol.no\/nyheter\/som-a-leve-med-en-livstruende-trussel-hver-dag\/83389408\" rel=\"nofollow noopener\" target=\"_blank\"><\/p>\n<p>      <img loading=\"lazy\" decoding=\"async\" src=\"https:\/\/www.europesays.com\/no\/wp-content\/uploads\/2025\/11\/83401924.webp\" width=\"980\" height=\"441\" title=\"- Som \u00e5 leve med en livstruende trussel hver dag\" alt=\"\" class=\"lazyload\" style=\"--aspect-ratio-image: 2.22; \"\/><\/p>\n<p>        &#8211; Som \u00e5 leve med en livstruende trussel hver dag<\/p>\n<p>sol.no<\/p>\n<p>    <\/a><\/p>\n<p>Samtidig fors\u00f8ker han \u00e5 bygge seg opp igjen.\u00a0<\/p>\n<p>P\u00e5 Kypros sto han nylig p\u00e5 scenen i en utsolgt klubb der publikum betalte opptil 1 200 euro for \u00e5 h\u00f8re ham synge klassikere som \u00abThat\u2019s Life\u00bb og \u00abWho Can I Turn To?\u00bb \u2013 en sang han mener oppsummerer de siste \u00e5rene.<\/p>\n<p>Han h\u00e5per \u00e9n regiss\u00f8r med stor autoritet &#8211; som Martin Scorsese eller Quentin Tarantino &#8211; vil v\u00e6re den som \u00abopphever svartelistingen\u00bb.\u00a0<\/p>\n<p>Spacey, som er enslig og barnl\u00f8s, forteller videre at selv om han ikke har et hjem, s\u00e5 har han ikke kvittet seg med eiendelene sine.<\/p>\n<p>\u2013 Alt er p\u00e5 lager, og jeg h\u00e5per at hvis ting fortsetter \u00e5 forbedre seg, at jeg vil kunne bestemme hvor jeg vil sl\u00e5 meg ned igjen, sier han.<\/p>\n","protected":false},"excerpt":{"rendered":"Kevin Spacey:\u00a0 Den tidligere Hollywood-stjernen st\u00e5r fortsatt uten bransjens st\u00f8tte &#8211; og n\u00e5 avsl\u00f8rer Kevin Spacey at han&hellip;\n","protected":false},"author":2,"featured_media":92374,"comment_status":"","ping_status":"","sticky":false,"template":"","format":"standard","meta":{"footnotes":""},"categories":[58],"tags":[71,80,8094,724,30,28,29,14,572,72],"class_list":{"0":"post-92373","1":"post","2":"type-post","3":"status-publish","4":"format-standard","5":"has-post-thumbnail","7":"category-underholdning","8":"tag-entertainment","9":"tag-hollywood","10":"tag-kevin-spacey","11":"tag-livsstil","12":"tag-no","13":"tag-norge","14":"tag-norway","15":"tag-nyheter","16":"tag-okonomi","17":"tag-underholdning"},"share_on_mastodon":{"url":"https:\/\/pubeurope.com\/@no\/115584203828895017","error":""},"_links":{"self":[{"href":"https:\/\/www.europesays.com\/no\/wp-json\/wp\/v2\/posts\/92373","targetHints":{"allow":["GET"]}}],"collection":[{"href":"https:\/\/www.europesays.com\/no\/wp-json\/wp\/v2\/posts"}],"about":[{"href":"https:\/\/www.europesays.com\/no\/wp-json\/wp\/v2\/types\/post"}],"author":[{"embeddable":true,"href":"https:\/\/www.europesays.com\/no\/wp-json\/wp\/v2\/users\/2"}],"replies":[{"embeddable":true,"href":"https:\/\/www.europesays.com\/no\/wp-json\/wp\/v2\/comments?post=92373"}],"version-history":[{"count":0,"href":"https:\/\/www.europesays.com\/no\/wp-json\/wp\/v2\/posts\/92373\/revisions"}],"wp:featuredmedia":[{"embeddable":true,"href":"https:\/\/www.europesays.com\/no\/wp-json\/wp\/v2\/media\/92374"}],"wp:attachment":[{"href":"https:\/\/www.europesays.com\/no\/wp-json\/wp\/v2\/media?parent=92373"}],"wp:term":[{"taxonomy":"category","embeddable":true,"href":"https:\/\/www.europesays.com\/no\/wp-json\/wp\/v2\/categories?post=92373"},{"taxonomy":"post_tag","embeddable":true,"href":"https:\/\/www.europesays.com\/no\/wp-json\/wp\/v2\/tags?post=92373"}],"curies":[{"name":"wp","href":"https:\/\/api.w.org\/{rel}","templated":true}]}}