{"id":92404,"date":"2025-11-20T22:19:27","date_gmt":"2025-11-20T22:19:27","guid":{"rendered":"https:\/\/www.europesays.com\/no\/92404\/"},"modified":"2025-11-20T22:19:27","modified_gmt":"2025-11-20T22:19:27","slug":"polen-stenger-russisk-konsulat-etter-jernbanesabotasje","status":"publish","type":"post","link":"https:\/\/www.europesays.com\/no\/92404\/","title":{"rendered":"Polen stenger russisk konsulat etter jernbanesabotasje"},"content":{"rendered":"<p class=\"kicker t15 font-weight-bold m-font-weight-bold color_mobile_no_bg_color quaternary color_mobile_quaternary font-Trim text-case-transform-upper mobile-hasTextPadding\" style=\"\">Nyheter<\/p>\n<p>    \u2013 Det var ikke bare en sabotasjehandling, men et tilfelle av statsterrorisme, sier den polske utenriksminister.<\/p>\n<p>\n        STENGER KONSULAT: Polen stenger det russiske konsulatet i Gdansk som svar p\u00e5 jernbanesabotasjen sist helg, if\u00f8lge Polens utenriksminister Radoslaw Sikorski.<br \/>\n        Foto: Evgeniy Maloletka, AP via NTB\n    <\/p>\n<p>Polen kommer til \u00e5 stenge det russiske konsulatet i Gdansk som svar p\u00e5 jernbanesabotasjen sist helg, if\u00f8lge Polens utenriksminister Radoslaw Sikorski.<\/p>\n<p>\u2013 Det var ikke bare en sabotasjehandling, men et tilfelle av statsterrorisme. Vi vil svare, ikke bare diplomatisk, sier Sikorski, som legger til at det vil komme et svar i l\u00f8pet av de neste dagene.<\/p>\n<p>I helgen gikk det av en eksplosjon p\u00e5 jernbanesporet mellom Warszawa og Lublin. Det er del av linjen som knytter den polske hovedstaden til Ukraina. Ogs\u00e5 en annen del av jernbanen, som ligger lenger s\u00f8r, ble skadet i det som myndighetene ogs\u00e5 mener trolig var sabotasje. Den blir brukt til \u00e5 frakte bistand til Ukraina, if\u00f8lge polske myndigheter.<\/p>\n<p>Polen anklaget to ukrainere som har samarbeidet med russisk etterretning, for \u00e5 st\u00e5 bak.<\/p>\n<p>If\u00f8lge statsminister Donald Tusk har de forlatt Polen og tatt seg inn i nabolandet Belarus. \u00c9n av dem er d\u00f8mt in absentia for sabotasje av en domstol i ukrainske Lviv, heter det videre.<\/p>\n<p>Russland avviser \u00e5 ha noe med saken \u00e5 gj\u00f8re.<\/p>\n<p>\u2013 Russofobien blomstrer der, selvf\u00f8lgelig, sa Kreml-talsperson Dmitrij Peskov til statlig TV i Russland.<\/p>\n<p>\u2013 Russland blir anklaget for alle uttrykk for hybridkrigen og den direkte krigen som p\u00e5g\u00e5r, sier han ogs\u00e5.<\/p>\n","protected":false},"excerpt":{"rendered":"Nyheter \u2013 Det var ikke bare en sabotasjehandling, men et tilfelle av statsterrorisme, sier den polske utenriksminister. STENGER&hellip;\n","protected":false},"author":2,"featured_media":92405,"comment_status":"","ping_status":"","sticky":false,"template":"","format":"standard","meta":{"footnotes":""},"categories":[12],"tags":[20,21,24,25,15,22,23,13,30,28,29,14,16,26,27,42,43,44,45],"class_list":{"0":"post-92404","1":"post","2":"type-post","3":"status-publish","4":"format-standard","5":"has-post-thumbnail","7":"category-verden","8":"tag-breaking-news","9":"tag-breakingnews","10":"tag-featured-news","11":"tag-featurednews","12":"tag-headlines","13":"tag-latest-news","14":"tag-latestnews","15":"tag-news","16":"tag-no","17":"tag-norge","18":"tag-norway","19":"tag-nyheter","20":"tag-overskrifter","21":"tag-top-stories","22":"tag-topstories","23":"tag-verden","24":"tag-world","25":"tag-world-news","26":"tag-worldnews"},"share_on_mastodon":{"url":"https:\/\/pubeurope.com\/@no\/115584353180312502","error":""},"_links":{"self":[{"href":"https:\/\/www.europesays.com\/no\/wp-json\/wp\/v2\/posts\/92404","targetHints":{"allow":["GET"]}}],"collection":[{"href":"https:\/\/www.europesays.com\/no\/wp-json\/wp\/v2\/posts"}],"about":[{"href":"https:\/\/www.europesays.com\/no\/wp-json\/wp\/v2\/types\/post"}],"author":[{"embeddable":true,"href":"https:\/\/www.europesays.com\/no\/wp-json\/wp\/v2\/users\/2"}],"replies":[{"embeddable":true,"href":"https:\/\/www.europesays.com\/no\/wp-json\/wp\/v2\/comments?post=92404"}],"version-history":[{"count":0,"href":"https:\/\/www.europesays.com\/no\/wp-json\/wp\/v2\/posts\/92404\/revisions"}],"wp:featuredmedia":[{"embeddable":true,"href":"https:\/\/www.europesays.com\/no\/wp-json\/wp\/v2\/media\/92405"}],"wp:attachment":[{"href":"https:\/\/www.europesays.com\/no\/wp-json\/wp\/v2\/media?parent=92404"}],"wp:term":[{"taxonomy":"category","embeddable":true,"href":"https:\/\/www.europesays.com\/no\/wp-json\/wp\/v2\/categories?post=92404"},{"taxonomy":"post_tag","embeddable":true,"href":"https:\/\/www.europesays.com\/no\/wp-json\/wp\/v2\/tags?post=92404"}],"curies":[{"name":"wp","href":"https:\/\/api.w.org\/{rel}","templated":true}]}}