{"id":92418,"date":"2025-11-20T22:34:12","date_gmt":"2025-11-20T22:34:12","guid":{"rendered":"https:\/\/www.europesays.com\/no\/92418\/"},"modified":"2025-11-20T22:34:12","modified_gmt":"2025-11-20T22:34:12","slug":"voldshendelse-enerhaugen-eldre-mann-utsatt-for-ran-kraftig-forslatt","status":"publish","type":"post","link":"https:\/\/www.europesays.com\/no\/92418\/","title":{"rendered":"Voldshendelse, Enerhaugen | Eldre mann utsatt for ran \u2013 kraftig forsl\u00e5tt"},"content":{"rendered":"\n<p>Politiet rykket ut til Enerhaugen etter melding om en voldshendelse, torsdag kveld.<\/p>\n<p>\u2013 Vi mottok melding fra  om at en person bl\u00f8r fra hodet. Vi er p\u00e5 stedet n\u00e5 og jobber med \u00e5 innhente vitneopplysninger, sier operasjonsleder Sven Christian Lie til Avisa Oslo.<\/p>\n<p>Det er en eldre mann i 80-\u00e5rene som er kraftig forsl\u00e5tt.<\/p>\n<p>\u2013 Forn\u00e6rmede blir ivaretatt av helse, og er blitt kj\u00f8rt til sykehus.<\/p>\n<p>Den skadde mannen skal ha blitt oppdaget i en boligblokk av en Foodora-syklist. Den eldre mannen ble ivaretatt av Foodora-budet og andre mens de ventet p\u00e5 politiet.<\/p>\n<p>Mannen skal ha bl\u00f8dd kraftig, if\u00f8lge vitner, og mottar fortsatt behandling hos helsevesenet.<\/p>\n<p>Han sier forn\u00e6rmede trolig er blitt utsatt for ett ran av to personer. Politiet jobber med \u00e5 innhente opplysninger som kan f\u00f8re de n\u00e6rmere gjerningspersonene.<\/p>\n<p>Det er videooverv\u00e5king i omr\u00e5det, som politiet vil ta en n\u00e6rmere titt p\u00e5 sier operasjonslederen.<\/p>\n<p>Politiet med hundrepatrulje ankom stedet klokken 19.20, if\u00f8lge Lie.<\/p>\n<p>Klokka 22:11 melder politiet at de har avsluttet innsatsen p\u00e5 stedet og at saken blir etterforsket videre.<\/p>\n<p>   <img decoding=\"async\" width=\"4032\" height=\"3024\" fetchpriority=\"low\"  loading=\"lazy\"  src=\"https:\/\/www.europesays.com\/no\/wp-content\/uploads\/2025\/11\/photo+%2897%29.jpg\" alt=\"\" class=\"brick-c-cFOWSL\" style=\"--brick-image-ratio: 4032 \/ 3024;\"\/><\/p>\n<p>      Foto: Henrik Skolt\/Avisa Oslo\n    <\/p>\n<p><b>LES OGS\u00c5:<\/b><\/p>\n<p>  <a href=\"https:\/\/www.ao.no\/5-128-1196626\" class=\"related-teaser has-image default-story-teaser article--c-eRUmMG article--c-eRUmMG-jKCPdD-design-default\" rel=\"nofollow noopener\" target=\"_blank\"><\/p>\n<p>    <img decoding=\"async\" loading=\"lazy\"  src=\"https:\/\/www.europesays.com\/no\/wp-content\/uploads\/2025\/11\/0A0A8385.JPG\" alt=\"\" class=\"brick-c-cFOWSL\" style=\"\"\/><\/p>\n<p>\n            Les ogs\u00e5<\/p>\n<p>              Forsvant fra T-banestasjonen. N\u00e5 har de dukket opp et helt annet sted i byen\n        <\/p>\n<p>  <\/a><\/p>\n<p>  <a href=\"https:\/\/www.ao.no\/5-128-1197518\" class=\"related-teaser has-image default-story-teaser article--c-eRUmMG article--c-eRUmMG-jKCPdD-design-default\" rel=\"nofollow noopener\" target=\"_blank\"><\/p>\n<p>    <img decoding=\"async\" loading=\"lazy\"  src=\"https:\/\/www.europesays.com\/no\/wp-content\/uploads\/2025\/11\/Skjermbilde+2025-11-20+170041.jpg\" alt=\"\" class=\"brick-c-cFOWSL\" style=\"\"\/><\/p>\n<p>\n            Les ogs\u00e5<\/p>\n<p>              84 ber\u00f8rt av str\u00f8mbrudd p\u00e5 St. Hanshaugen\n        <\/p>\n<p>  <\/a><\/p>\n","protected":false},"excerpt":{"rendered":"Politiet rykket ut til Enerhaugen etter melding om en voldshendelse, torsdag kveld. \u2013 Vi mottok melding fra om&hellip;\n","protected":false},"author":2,"featured_media":92419,"comment_status":"","ping_status":"","sticky":false,"template":"","format":"standard","meta":{"footnotes":""},"categories":[10],"tags":[36,20,21,8410,24,25,15,983,22,23,13,30,28,29,14,16,1510,26,27,1062],"class_list":{"0":"post-92418","1":"post","2":"type-post","3":"status-publish","4":"format-standard","5":"has-post-thumbnail","7":"category-norge","8":"tag-art","9":"tag-breaking-news","10":"tag-breakingnews","11":"tag-enerhaugen","12":"tag-featured-news","13":"tag-featurednews","14":"tag-headlines","15":"tag-krim","16":"tag-latest-news","17":"tag-latestnews","18":"tag-news","19":"tag-no","20":"tag-norge","21":"tag-norway","22":"tag-nyheter","23":"tag-overskrifter","24":"tag-story","25":"tag-top-stories","26":"tag-topstories","27":"tag-voldshendelse"},"share_on_mastodon":{"url":"https:\/\/pubeurope.com\/@no\/115584412650130325","error":""},"_links":{"self":[{"href":"https:\/\/www.europesays.com\/no\/wp-json\/wp\/v2\/posts\/92418","targetHints":{"allow":["GET"]}}],"collection":[{"href":"https:\/\/www.europesays.com\/no\/wp-json\/wp\/v2\/posts"}],"about":[{"href":"https:\/\/www.europesays.com\/no\/wp-json\/wp\/v2\/types\/post"}],"author":[{"embeddable":true,"href":"https:\/\/www.europesays.com\/no\/wp-json\/wp\/v2\/users\/2"}],"replies":[{"embeddable":true,"href":"https:\/\/www.europesays.com\/no\/wp-json\/wp\/v2\/comments?post=92418"}],"version-history":[{"count":0,"href":"https:\/\/www.europesays.com\/no\/wp-json\/wp\/v2\/posts\/92418\/revisions"}],"wp:featuredmedia":[{"embeddable":true,"href":"https:\/\/www.europesays.com\/no\/wp-json\/wp\/v2\/media\/92419"}],"wp:attachment":[{"href":"https:\/\/www.europesays.com\/no\/wp-json\/wp\/v2\/media?parent=92418"}],"wp:term":[{"taxonomy":"category","embeddable":true,"href":"https:\/\/www.europesays.com\/no\/wp-json\/wp\/v2\/categories?post=92418"},{"taxonomy":"post_tag","embeddable":true,"href":"https:\/\/www.europesays.com\/no\/wp-json\/wp\/v2\/tags?post=92418"}],"curies":[{"name":"wp","href":"https:\/\/api.w.org\/{rel}","templated":true}]}}