{"id":92424,"date":"2025-11-20T22:37:40","date_gmt":"2025-11-20T22:37:40","guid":{"rendered":"https:\/\/www.europesays.com\/no\/92424\/"},"modified":"2025-11-20T22:37:40","modified_gmt":"2025-11-20T22:37:40","slug":"amerikanske-medier-d4vd-mistenkt-for-drap","status":"publish","type":"post","link":"https:\/\/www.europesays.com\/no\/92424\/","title":{"rendered":"Amerikanske medier: d4vd mistenkt for drap"},"content":{"rendered":"\n<p class=\"_lead_o9xde_2 _lead_xtcu6_50 layout-component text-serif-m layout-normal text-serif-l layout-component layout-wide layout-padded _wide_17hqh_1 layout-padded\">Politiet ser n\u00e5 p\u00e5 artisten som mistenkt for drapet p\u00e5 15 \u00e5r gamle Celeste Rivas Hernandez.<\/p>\n<p><img alt=\" Foto: Arturo Holmes \/ Getty Images for Coachella\" class=\"_image_qp4xg_65 layout-component layout-wide\" data-fullscreen- data-track-element-type=\"Article image fullscreen\" data-track-name=\"ImageFullscreen\" fetchpriority=\"high\" decoding=\"sync\" loading=\"eager\" height=\"4000\" itemprop=\"image\"  src=\"https:\/\/www.europesays.com\/no\/wp-content\/uploads\/2025\/11\/4fb5193c-78e1-4c29-82aa-469de1d721eb\"  style=\"object-position:0% 0%\" width=\"6000\"\/> Foto: Arturo Holmes \/ Getty Images for Coachella<\/p>\n<ul aria-hidden=\"true\" class=\"_images_18f0k_111\">\n<li><a class=\"_link_18f0k_116\" href=\"https:\/\/www.vg.no\/forfatter\/thomas-talseth\" style=\"z-index:2\" title=\"Thomas Talseth\" rel=\"nofollow noopener\" target=\"_blank\"><img alt=\"Bilde av Thomas Talseth\" class=\"_image_18f0k_93\" fetchpriority=\"low\" loading=\"lazy\" decoding=\"async\" itemprop=\"image\"  src=\"https:\/\/www.europesays.com\/no\/wp-content\/uploads\/2025\/11\/1763678259_397_b236192f-46fc-4036-a0ef-9ef26d45fd8d\"  width=\"480\"\/><\/a><\/li>\n<li><a class=\"_link_18f0k_116\" href=\"https:\/\/www.vg.no\/forfatter\/hannah-solstad-klepp\" style=\"z-index:1\" title=\"Hannah Solstad Klepp\" rel=\"nofollow noopener\" target=\"_blank\"><img alt=\"Bilde av Hannah Solstad Klepp\" class=\"_image_18f0k_93\" fetchpriority=\"low\" loading=\"lazy\" decoding=\"async\" itemprop=\"image\"  src=\"https:\/\/www.europesays.com\/no\/wp-content\/uploads\/2025\/11\/1763678260_679_f811f9c1-64f7-4c50-9133-b5735831a650\"  width=\"480\"\/><\/a><\/li>\n<\/ul>\n<p> Oppdatert onsdag 19. november kl. 11:25    <\/p>\n<ul class=\"_list_o9xde_3 _list_64s2r_85 _unordered_o9xde_106 text-sans-m\">\n<li class=\"_item_o9xde_30\">Politiet ser p\u00e5 artisten d4vd (20) som mistenkt for drapet p\u00e5 15 \u00e5r gamle Celeste Rivas Hernandez.<\/li>\n<li class=\"_item_o9xde_30\">Det melder en rekke amerikanske medier, uten at politiet har kommentert saken offisielt.<\/li>\n<li class=\"_item_o9xde_30\">Liket ble funnet i frontbagasjerommet p\u00e5 d4vds Tesla 8. september, etter at bilen ble inntauet i Hollywood Hills.<\/li>\n<li class=\"_item_o9xde_30\">NBC og TMZ skriver at politiet mener flere kan v\u00e6re involvert.<\/li>\n<li class=\"_item_o9xde_30\">S\u00e5 langt er ingen arrestert eller siktet.<\/li>\n<\/ul>\n<p>Vis mer <\/p>\n<p class=\"_paragraph_o9xde_4 _paragraph_xtcu6_10 layout-component text-serif-m layout-normal text-serif-m layout-padded\">Det skriver flere amerikanske medier, blant dem <a href=\"https:\/\/www.tmz.com\/2025\/11\/18\/d4vd-suspect-celeste-rivas-death\/\" class=\"_link_o9xde_39\" rel=\"nofollow noopener\" target=\"_blank\">TMZ<\/a>, <a href=\"https:\/\/abcnews.go.com\/US\/singer-d4vd-considered-suspect-investigation-teen-found-dead\/story?utm_social_handle_id=28785486&amp;utm_social_post_id=578611941&amp;cid=social_twitter_abcn&amp;id=126591951\" class=\"_link_o9xde_39\" rel=\"nofollow noopener\" target=\"_blank\">ABC<\/a> og <a href=\"https:\/\/www.nbclosangeles.com\/news\/local\/d4vd-suspect-celeste-rivas\/3806178\/\" class=\"_link_o9xde_39\" rel=\"nofollow noopener\" target=\"_blank\">NBC<\/a>.<\/p>\n<p class=\"_paragraph_o9xde_4 _paragraph_xtcu6_10 layout-component text-serif-m layout-normal text-serif-m layout-padded\">Politiet har s\u00e5 langt ikke bekreftet dette offisielt, men flere av mediene viser til kilder i Los Angeles Police Department. <\/p>\n<p class=\"_paragraph_o9xde_4 _paragraph_xtcu6_10 layout-component text-serif-m layout-normal text-serif-m layout-padded\">Siden 8. september har det v\u00e6rt stor oppmerksomhet rundt David Anthony Burke (20), kjent som den milliardstr\u00f8mmede indie\/pop\/R&amp;B-artisten <a href=\"https:\/\/www.vg.no\/tag\/d4vd?utm_source=vg-article&amp;utm_medium=auto-tagger&amp;utm_campaign=Ey3Q4P\" class=\"_link_o9xde_39\" rel=\"nofollow noopener\" target=\"_blank\">d4vd<\/a>.<\/p>\n<p class=\"_paragraph_o9xde_4 _paragraph_xtcu6_10 layout-component text-serif-m layout-normal text-serif-m layout-padded\"><strong class=\"_strong_o9xde_25\">Les mer:<\/strong> <a href=\"https:\/\/www.vg.no\/rampelys\/i\/yEQzRe\/d4vd-og-celeste-rivas-hernandez-dette-er-saken\" data-track-element-type=\"Link\" data-track-id=\"link:yEQzRe\" class=\"_link_o9xde_39\" rel=\"nofollow noopener\" target=\"_blank\">d4vd og Celeste: Dette er saken<\/a><\/p>\n<p class=\"_paragraph_o9xde_4 _paragraph_xtcu6_10 layout-component text-serif-m layout-normal text-serif-m layout-padded\">Da ble Celeste Rivas Hernandez funnet i frontbagasjerommet p\u00e5 hans Tesla i Hollywood Hills. Bilen var inntauet etter \u00e5 ha v\u00e6rt forlatt over lengre tid.<\/p>\n<p class=\"_paragraph_o9xde_4 _paragraph_xtcu6_10 layout-component text-serif-m layout-normal text-serif-m layout-padded\">Liket av jenta hadde if\u00f8lge politiet sannsynligvis ligget flere uker i bilen, og kroppen var i et sterkt forfallsstadium da den ble oppdaget. D\u00f8ds\u00e5rsaken er fortsatt ikke fastsl\u00e5tt.<\/p>\n<p class=\"_paragraph_o9xde_4 _paragraph_xtcu6_10 layout-component text-serif-m layout-normal text-serif-m layout-padded\">Hun skulle fylt 15 \u00e5r dagen f\u00f8r funnet.<\/p>\n<p class=\"_paragraph_o9xde_4 _paragraph_xtcu6_10 layout-component text-serif-m layout-normal text-serif-m layout-padded\">Politiet har i to og en halv m\u00e5ned etterforsket saken som et mistenkelig d\u00f8dsfall.<\/p>\n<p class=\"_paragraph_o9xde_4 _paragraph_xtcu6_10 layout-component text-serif-m layout-normal text-serif-m layout-padded\">B\u00e5de TMZ og NBC skriver at politiet mener m\u00e5ten jentas lik var behandlet p\u00e5, tyder p\u00e5 at flere er involvert i saken.<\/p>\n<p class=\"_paragraph_o9xde_4 _paragraph_xtcu6_10 layout-component text-serif-m layout-normal text-serif-m layout-padded\">Ingen har blitt arrestert eller siktet forel\u00f8pig. Politiet venter ogs\u00e5 p\u00e5 mer utfyllende rettsmedisinske resultater.<\/p>\n<p class=\"_paragraph_o9xde_4 _paragraph_xtcu6_10 layout-component text-serif-m layout-normal text-serif-m layout-padded\">De skal v\u00e6re av den oppfatning at Celeste Rivas Hernandez d\u00f8de lenge f\u00f8r hun ble funnet.<\/p>\n<p class=\"_paragraph_o9xde_4 _paragraph_xtcu6_10 layout-component text-serif-m layout-normal text-serif-m layout-padded\">Videre opplyses det at artisten ikke samarbeider med politiet.<\/p>\n<p class=\"_paragraph_o9xde_4 _paragraph_xtcu6_10 layout-component text-serif-m layout-normal text-serif-m layout-padded\">If\u00f8lge <a href=\"https:\/\/www.nbclosangeles.com\/news\/local\/d4vd-suspect-celeste-rivas\/3806178\/\" class=\"_link_o9xde_39\" rel=\"nofollow noopener\" target=\"_blank\">NBC Los Angeles<\/a> har d4vd og hans advokater ikke kommentert saken.<\/p>\n<p><img alt=\"Celeste Rivas Hernandez.  Foto: Gofundme \/ Gofundme\" class=\"_image_qp4xg_65 layout-component layout-normal\" data-fullscreen- data-track-element-type=\"Article image fullscreen\" data-track-name=\"ImageFullscreen\" decoding=\"async\" loading=\"lazy\" height=\"1175\" itemprop=\"image\"  src=\"https:\/\/www.europesays.com\/no\/wp-content\/uploads\/2025\/11\/972e9d97-eed4-4bb1-a50c-a78aa94c3e79\"  style=\"object-position:0% 0%\" width=\"800\"\/>Celeste Rivas Hernandez.  Foto: Gofundme \/ GofundmeN\u00f8kkeldatoer i saken<\/p>\n<p class=\"_paragraph_o9xde_4 _paragraph_xtcu6_10 _paragraph_16v91_10 layout-component text-serif-m layout-normal text-sans-m layout-padded\"><strong class=\"_strong_o9xde_25\">5. april 2024<\/strong> \u2013 Celeste meldes savnet av familien for siste gang.<\/p>\n<p class=\"_paragraph_o9xde_4 _paragraph_xtcu6_10 _paragraph_16v91_10 layout-component text-serif-m layout-normal text-sans-m layout-padded\"><strong class=\"_strong_o9xde_25\">6. august 2025<\/strong> \u2013 d4vd drar p\u00e5 turn\u00e9 i USA og Canada, utenfor California. Denne p\u00e5g\u00e5r til ut i september, og har opptil to dager spillefri mellom konsertene.<\/p>\n<p class=\"_paragraph_o9xde_4 _paragraph_xtcu6_10 _paragraph_16v91_10 layout-component text-serif-m layout-normal text-sans-m layout-padded\"><strong class=\"_strong_o9xde_25\">7. september 2025<\/strong> \u2013 Celestes 15-\u00e5rsdag. d4vd legger ut sin forel\u00f8pig siste melding p\u00e5 Instagram, promotering av en plateutgivelse.<\/p>\n<p class=\"_paragraph_o9xde_4 _paragraph_xtcu6_10 _paragraph_16v91_10 layout-component text-serif-m layout-normal text-sans-m layout-padded\"><strong class=\"_strong_o9xde_25\">8. september 2025 <\/strong>\u2013 Politiet blir tilkalt til et tauingsanlegg i Hollywood. En sterkt forr\u00e5tnet kropp blir funnet i frontbagasjerommet p\u00e5 en Tesla registrert p\u00e5 d4vd.<\/p>\n<p class=\"_paragraph_o9xde_4 _paragraph_xtcu6_10 _paragraph_16v91_10 layout-component text-serif-m layout-normal text-sans-m layout-padded\"><strong class=\"_strong_o9xde_25\">9. september 2025<\/strong> \u2013 d4vd holder konsert i Minneapolis, dagen etter funnet. Han nevner ikke saken fra scenen.<\/p>\n<p class=\"_paragraph_o9xde_4 _paragraph_xtcu6_10 _paragraph_16v91_10 layout-component text-serif-m layout-normal text-sans-m layout-padded\"><strong class=\"_strong_o9xde_25\">17. september 2025<\/strong> \u2013 Liket identifiseres som Celeste Rivas Hernandez. Politiet ransaker en bolig i Hollywood leid av d4vds manager Josh Marshall.<\/p>\n<p class=\"_paragraph_o9xde_4 _paragraph_xtcu6_10 _paragraph_16v91_10 layout-component text-serif-m layout-normal text-sans-m layout-padded\"><strong class=\"_strong_o9xde_25\">18. september 2025<\/strong> \u2013 TMZ publiserer en video av d4vd og Celeste sammen. Den skal stamme fra januar 2024. d4vds plateselskap legger promotering av ham p\u00e5 is.<\/p>\n<p class=\"_paragraph_o9xde_4 _paragraph_xtcu6_10 _paragraph_16v91_10 layout-component text-serif-m layout-normal text-sans-m layout-padded\"><strong class=\"_strong_o9xde_25\">19. september 2025<\/strong> \u2013 d4vd kansellerer en rekke planlagte konserter, inkludert en i Oslo.<\/p>\n<p class=\"_paragraph_o9xde_4 _paragraph_xtcu6_10 _paragraph_16v91_10 layout-component text-serif-m layout-normal text-sans-m layout-padded\"><strong class=\"_strong_o9xde_25\">28. september 2025<\/strong> \u2013 Politiet i Los Angeles uttaler til People at Celestes d\u00f8de kropp sannsynligvis l\u00e5 flere uker i d4vds bil. De \u00f8nsker ikke \u00e5 bekrefte hvorvidt d4vd samarbeider med myndighetene.<\/p>\n<p class=\"_paragraph_o9xde_4 _paragraph_xtcu6_10 _paragraph_16v91_10 layout-component text-serif-m layout-normal text-sans-m layout-padded\"><strong class=\"_strong_o9xde_25\">29. september 2025<\/strong> \u2013 D\u00f8dsattest viser at man fortsatt avventer svar p\u00e5 hva Celeste d\u00f8de av.<\/p>\n<p>Vis mer    <\/p>\n","protected":false},"excerpt":{"rendered":"Politiet ser n\u00e5 p\u00e5 artisten som mistenkt for drapet p\u00e5 15 \u00e5r gamle Celeste Rivas Hernandez. Foto: Arturo&hellip;\n","protected":false},"author":2,"featured_media":92425,"comment_status":"","ping_status":"","sticky":false,"template":"","format":"standard","meta":{"footnotes":""},"categories":[58],"tags":[6111,71,30,28,29,72],"class_list":{"0":"post-92424","1":"post","2":"type-post","3":"status-publish","4":"format-standard","5":"has-post-thumbnail","7":"category-underholdning","8":"tag-d4vd","9":"tag-entertainment","10":"tag-no","11":"tag-norge","12":"tag-norway","13":"tag-underholdning"},"share_on_mastodon":{"url":"https:\/\/pubeurope.com\/@no\/115584424176533977","error":""},"_links":{"self":[{"href":"https:\/\/www.europesays.com\/no\/wp-json\/wp\/v2\/posts\/92424","targetHints":{"allow":["GET"]}}],"collection":[{"href":"https:\/\/www.europesays.com\/no\/wp-json\/wp\/v2\/posts"}],"about":[{"href":"https:\/\/www.europesays.com\/no\/wp-json\/wp\/v2\/types\/post"}],"author":[{"embeddable":true,"href":"https:\/\/www.europesays.com\/no\/wp-json\/wp\/v2\/users\/2"}],"replies":[{"embeddable":true,"href":"https:\/\/www.europesays.com\/no\/wp-json\/wp\/v2\/comments?post=92424"}],"version-history":[{"count":0,"href":"https:\/\/www.europesays.com\/no\/wp-json\/wp\/v2\/posts\/92424\/revisions"}],"wp:featuredmedia":[{"embeddable":true,"href":"https:\/\/www.europesays.com\/no\/wp-json\/wp\/v2\/media\/92425"}],"wp:attachment":[{"href":"https:\/\/www.europesays.com\/no\/wp-json\/wp\/v2\/media?parent=92424"}],"wp:term":[{"taxonomy":"category","embeddable":true,"href":"https:\/\/www.europesays.com\/no\/wp-json\/wp\/v2\/categories?post=92424"},{"taxonomy":"post_tag","embeddable":true,"href":"https:\/\/www.europesays.com\/no\/wp-json\/wp\/v2\/tags?post=92424"}],"curies":[{"name":"wp","href":"https:\/\/api.w.org\/{rel}","templated":true}]}}