{"id":92438,"date":"2025-11-20T23:03:11","date_gmt":"2025-11-20T23:03:11","guid":{"rendered":"https:\/\/www.europesays.com\/no\/92438\/"},"modified":"2025-11-20T23:03:11","modified_gmt":"2025-11-20T23:03:11","slug":"kommentar-zelenskyj-i-umenneskelig-skvis","status":"publish","type":"post","link":"https:\/\/www.europesays.com\/no\/92438\/","title":{"rendered":"Kommentar: Zelenskyj i umenneskelig skvis"},"content":{"rendered":"\n<p class=\"_prefix_nfjwc_1 layout-padded\">Meninger<br \/>Kommentar<\/p>\n<p class=\"_lead_o9xde_2 _lead_xtcu6_50 layout-component text-serif-m layout-normal text-serif-l _lead_1eue0_21 layout-component layout-normal layout-padded layout-padded\">I all hemmelighet har USA og Russland tilsynelatende blitt enige om en fredsplan for Ukraina.<\/p>\n<p>Skriver om krigen i Ukraina, sjakk, Formel 1, idrettspolitikk, m.m.. Utdannet ved NMBU og Moskvas statsuniversitet. Hobbybonde.<\/p>\n<p><a href=\"https:\/\/www.vg.no\/nyheter\/i\/QJR7RA\/mailto:ole.kristian.strom@vg.no\" class=\"_button_6bkpv_2 button-label-large _filled_6bkpv_106 _button_1t7m8_75\" rel=\"nofollow noopener\" target=\"_blank\">E-post<\/a><img alt=\" Foto: tegning: Roar Hagen\" class=\"_image_qp4xg_65 layout-component layout-wide\" data-fullscreen- data-track-element-type=\"Article image fullscreen\" data-track-name=\"ImageFullscreen\" fetchpriority=\"high\" decoding=\"sync\" loading=\"eager\" height=\"2048\" itemprop=\"image\"  src=\"https:\/\/www.europesays.com\/no\/wp-content\/uploads\/2025\/11\/9aac6daa-5661-49de-91e6-f2212b5613dd\"  style=\"object-position:0% 0%\" width=\"2732\"\/> Foto: tegning: Roar HagenTorsdag 20. november kl. 23:39     <\/p>\n<p class=\"_paragraph_o9xde_4 _paragraph_xtcu6_10 layout-component text-serif-m layout-normal text-serif-m layout-padded\">Den setter president Volodymyr Zelenskyj i en forferdelig skvis.<\/p>\n<p class=\"_paragraph_o9xde_4 _paragraph_xtcu6_10 layout-component text-serif-m layout-normal text-serif-m layout-padded\">Lekkasjer tyder p\u00e5 at Russlands Vladimir Putin har f\u00e5tt det omtrent som han vil.<\/p>\n<p class=\"_paragraph_o9xde_4 _paragraph_xtcu6_10 layout-component text-serif-m layout-normal text-serif-m layout-padded\">Men verken Ukraina eller Europa kan godta en fredsavtale som er forhandlet frem mellom USA og Russland \u2013 og holdt Kyiv fullstendig utenfor.<\/p>\n<p class=\"_paragraph_o9xde_4 _paragraph_xtcu6_10 layout-component text-serif-m layout-normal text-serif-m layout-padded\">Frem til Donald Trump overtok som USAs president i begynnelsen av 2025, var de betingelser som det n\u00e5 snakkes om, totalt uaktuelle.<\/p>\n<p><img alt=\"Zelenskyj under et m\u00f8te med Tyrkias statsminister Erdogan i Ankara onsdag.  Foto: OZAN KOSE \/ AFP \/ NTB\" class=\"_image_qp4xg_65 layout-component layout-normal\" data-fullscreen- data-track-element-type=\"Article image fullscreen\" data-track-name=\"ImageFullscreen\" decoding=\"async\" loading=\"lazy\" height=\"1674\" itemprop=\"image\"  src=\"https:\/\/www.europesays.com\/no\/wp-content\/uploads\/2025\/11\/78b116cb-ced2-40cf-9ba1-e6ea781289c6\"  style=\"object-position:0% 0%\" width=\"2511\"\/>Zelenskyj under et m\u00f8te med Tyrkias statsminister Erdogan i Ankara onsdag.  Foto: OZAN KOSE \/ AFP \/ NTB<\/p>\n<p class=\"_paragraph_o9xde_4 _paragraph_xtcu6_10 layout-component text-serif-m layout-normal text-serif-m layout-padded\">N\u00e5 er Zelenskyj satt under et umenneskelig press med en Trump som er villig til \u00e5 g\u00e5 veldig langt i \u00e5 innfri russernes krav.<\/p>\n<p class=\"_paragraph_o9xde_4 _paragraph_xtcu6_10 layout-component text-serif-m layout-normal text-serif-m layout-padded\">Samtidig sliter Zelenskyj med at det g\u00e5r d\u00e5rlig p\u00e5 slagmarken, og ikke minst med en gigantisk korrupsjonsskandalekorrupsjonsskandaleEn situasjon der personer i maktposisjoner misbruker sin stilling for personlig vinning, ofte ved \u00e5 ta imot bestikkelser eller utf\u00f8re ulovlige handlinger. som innbefatter folk som satt i hans egen regjering og hans egen omgangskrets. Det har g\u00e5tt s\u00e5 langt at det mest russiskvennlige EU-landet, Ungarn, n\u00e5 krever at EU m\u00e5 stoppe med \u00e5 sende penger til Kyiv.<\/p>\n<p class=\"_paragraph_o9xde_4 _paragraph_xtcu6_10 layout-component text-serif-m layout-normal text-serif-m layout-padded\">Denne saken kommer n\u00e5r Zelenskyj minst trenger den. Den har en dobbelt negativ virkning for Kyiv ved at den b\u00e5de setter givergleden blant Ukrainas st\u00f8ttespillere i fare \u2013 men i like stor grad setter det interne samholdet p\u00e5 pr\u00f8ve. <\/p>\n<p class=\"_paragraph_o9xde_4 _paragraph_xtcu6_10 layout-component text-serif-m layout-normal text-serif-m layout-padded\">Mange ukrainere ser p\u00e5 korrupsjonssaken som et svik mot en befolkning som er hardt pr\u00f8vet av krigen og der russerne n\u00e5 nesten daglig angriper energiforsyningen inn i den kalde ukrainske vinteren.<\/p>\n<p class=\"_paragraph_o9xde_4 _paragraph_xtcu6_10 layout-component text-serif-m layout-normal text-serif-m layout-padded\">Spekulasjonene og konspirasjonsteoriene florerer i den ukrainske befolkningen. Hva har Zelenskyj selv visst? Samtidig bruker Moskva selvf\u00f8lgelig dette for alt det er verdt. Det kan gi den splittelsen blant europeerne som Russland i lang tid har h\u00e5pet p\u00e5.<\/p>\n<p class=\"_paragraph_o9xde_4 _paragraph_xtcu6_10 layout-component text-serif-m layout-normal text-serif-m layout-padded\">De lekkasjene som forel\u00f8pig har kommet omkring den amerikansk-russiske fredsplanen, er ikke lystig lesning hvis du sitter som ansvarlig i Ukrainas hovedstad. <\/p>\n<ul class=\"_list_o9xde_3 _list_xtcu6_9 _unordered_o9xde_106 layout-component text-serif-m layout-normal text-serif-m layout-padded\">\n<li class=\"_item_o9xde_30\">Ukraina skal gi avkall p\u00e5 NATO-medlemskap i et visst antall \u00e5r.<\/li>\n<li class=\"_item_o9xde_30\">Ukraina skal gi fra seg alle territorier som er okkupert \u2013 og mer enn det.<\/li>\n<li class=\"_item_o9xde_30\">Ukraina skal f\u00e5 betalt \u00ableie\u00bb for de omr\u00e5dene som russerne overtar.<\/li>\n<li class=\"_item_o9xde_30\">Ukraina m\u00e5 anerkjenneanerkjenne\u00c5 offisielt godta eller akseptere noe som gyldig eller legitimt, for eksempel et lands grenser eller regjering. Krym-halv\u00f8yaKrym-halv\u00f8yaEt omr\u00e5de av Ukraina som Russland annekterte i 2014. som russisk.<\/li>\n<li class=\"_item_o9xde_30\">Ukraina m\u00e5 redusere h\u00e6ren fra 900.000 til 400.000 soldater.<\/li>\n<li class=\"_item_o9xde_30\">Ukraina m\u00e5 gi slipp p\u00e5 langtrekkende v\u00e5pen.<\/li>\n<\/ul>\n<p class=\"_paragraph_o9xde_4 _paragraph_xtcu6_10 layout-component text-serif-m layout-normal text-serif-m layout-padded\">P\u00e5 den annen side:<\/p>\n<ul class=\"_list_o9xde_3 _list_xtcu6_9 _unordered_o9xde_106 layout-component text-serif-m layout-normal text-serif-m layout-padded\">\n<li class=\"_item_o9xde_30\">Ukraina skal ikke juridisk gi fra seg kontrollen over de okkuperte omr\u00e5dene (med unntak av Krym).<\/li>\n<li class=\"_item_o9xde_30\">Russland skal juridisk forplikte seg til \u00e5 ikke angripe Ukraina eller andre europeiske land i fremtiden.<\/li>\n<\/ul>\n<p class=\"_paragraph_o9xde_4 _paragraph_xtcu6_10 layout-component text-serif-m layout-normal text-serif-m layout-padded\">Dette er lekkasjer og ikke n\u00f8dvendigvis slik det ender. Blant annet har amerikanerne torsdag en milit\u00e6r delegasjon i Kyiv for \u00e5 f\u00e5 frem flere detaljer.<\/p>\n<p class=\"_paragraph_o9xde_4 _paragraph_xtcu6_10 layout-component text-serif-m layout-normal text-serif-m layout-padded\">Der skal visstnok ogs\u00e5 Zelenskyj legge fram Ukrainas egen plan.<\/p>\n<p class=\"_paragraph_o9xde_4 _paragraph_xtcu6_10 layout-component text-serif-m layout-normal text-serif-m layout-padded\">Om vi skal lete etter lyspunkter, er det at ogs\u00e5 Vladimir Putin er presset. Han opplever en russisk \u00f8konomi med stadig mer tr\u00f8bbel og der stadig flere russere vil ha en slutt p\u00e5 det som Putin kaller \u00abspesialoperasjonen\u00bb\u00abspesialoperasjonen\u00bbEt begrep brukt av Russland for \u00e5 beskrive deres milit\u00e6re handlinger i Ukraina, i stedet for \u00e5 kalle det en krig.. Men det er ikke bedre i Kyiv, der statskassa kan g\u00e5 tom en gang i 2026.<\/p>\n<p class=\"_paragraph_o9xde_4 _paragraph_xtcu6_10 layout-component text-serif-m layout-normal text-serif-m layout-padded\">Donald Trump snakket i v\u00e5r om \u00e5 g\u00e5 rett p\u00e5 en fredsplan for Ukraina, deretter inns\u00e5 han at en v\u00e5penhvile var det mest aktuelle \u2013 men n\u00e5 skal han alts\u00e5 igjen v\u00e6re p\u00e5 fredsplan-sporet.<\/p>\n<p class=\"_paragraph_o9xde_4 _paragraph_xtcu6_10 layout-component text-serif-m layout-normal text-serif-m layout-padded\">Denne planen \u2013 p\u00e5 28 punkter \u2013 skal ha kommet fullstendig bardus p\u00e5 Europa. USA og Russland skal ha kokt sammen dette i all hemmelighet.<\/p>\n<p class=\"_paragraph_o9xde_4 _paragraph_xtcu6_10 layout-component text-serif-m layout-normal text-serif-m layout-padded\">Det er absolutt ikke greit.<\/p>\n<p class=\"_paragraph_o9xde_4 _paragraph_xtcu6_10 layout-component text-serif-m layout-normal text-serif-m layout-padded\">En fred krever selvf\u00f8lgelig aktiv medvirkning fra Ukraina og Europa. N\u00e5 m\u00e5 europeiske ledere ta grep om sin egen fremtid.<\/p>\n<p>   Dette er en kommentar. Kommentaren gir uttrykk for skribentens holdning. <\/p>\n","protected":false},"excerpt":{"rendered":"MeningerKommentar I all hemmelighet har USA og Russland tilsynelatende blitt enige om en fredsplan for Ukraina. Skriver om&hellip;\n","protected":false},"author":2,"featured_media":92439,"comment_status":"","ping_status":"","sticky":false,"template":"","format":"standard","meta":{"footnotes":""},"categories":[5],"tags":[20,21,55,24,25,15,19,179,22,23,17,18,13,30,28,29,14,16,26,27,103,186,488],"class_list":{"0":"post-92438","1":"post","2":"type-post","3":"status-publish","4":"format-standard","5":"has-post-thumbnail","7":"category-overskrifter","8":"tag-breaking-news","9":"tag-breakingnews","10":"tag-donald-trump","11":"tag-featured-news","12":"tag-featurednews","13":"tag-headlines","14":"tag-hovedoppslag","15":"tag-krigen-i-ukraina","16":"tag-latest-news","17":"tag-latestnews","18":"tag-main-news","19":"tag-mainnews","20":"tag-news","21":"tag-no","22":"tag-norge","23":"tag-norway","24":"tag-nyheter","25":"tag-overskrifter","26":"tag-top-stories","27":"tag-topstories","28":"tag-vgmeninger","29":"tag-vladimir-putin","30":"tag-volodymyr-zelenskyj"},"share_on_mastodon":{"url":"https:\/\/pubeurope.com\/@no\/115584526173003014","error":""},"_links":{"self":[{"href":"https:\/\/www.europesays.com\/no\/wp-json\/wp\/v2\/posts\/92438","targetHints":{"allow":["GET"]}}],"collection":[{"href":"https:\/\/www.europesays.com\/no\/wp-json\/wp\/v2\/posts"}],"about":[{"href":"https:\/\/www.europesays.com\/no\/wp-json\/wp\/v2\/types\/post"}],"author":[{"embeddable":true,"href":"https:\/\/www.europesays.com\/no\/wp-json\/wp\/v2\/users\/2"}],"replies":[{"embeddable":true,"href":"https:\/\/www.europesays.com\/no\/wp-json\/wp\/v2\/comments?post=92438"}],"version-history":[{"count":0,"href":"https:\/\/www.europesays.com\/no\/wp-json\/wp\/v2\/posts\/92438\/revisions"}],"wp:featuredmedia":[{"embeddable":true,"href":"https:\/\/www.europesays.com\/no\/wp-json\/wp\/v2\/media\/92439"}],"wp:attachment":[{"href":"https:\/\/www.europesays.com\/no\/wp-json\/wp\/v2\/media?parent=92438"}],"wp:term":[{"taxonomy":"category","embeddable":true,"href":"https:\/\/www.europesays.com\/no\/wp-json\/wp\/v2\/categories?post=92438"},{"taxonomy":"post_tag","embeddable":true,"href":"https:\/\/www.europesays.com\/no\/wp-json\/wp\/v2\/tags?post=92438"}],"curies":[{"name":"wp","href":"https:\/\/api.w.org\/{rel}","templated":true}]}}