{"id":92440,"date":"2025-11-20T23:08:12","date_gmt":"2025-11-20T23:08:12","guid":{"rendered":"https:\/\/www.europesays.com\/no\/92440\/"},"modified":"2025-11-20T23:08:12","modified_gmt":"2025-11-20T23:08:12","slug":"kammerherre-hans-henrik-algreen-ussing-domt-for-grov-vold","status":"publish","type":"post","link":"https:\/\/www.europesays.com\/no\/92440\/","title":{"rendered":"Kammerherre Hans Henrik Algreen-Ussing d\u00f8mt for grov vold"},"content":{"rendered":"<p class=\"kicker \" style=\"\">Kong Frederik:<\/p>\n<p>  N\u00e5 reagerer det danske kongehuset.\u00a0<\/p>\n<p>\n    SJOKKERENDE: En venn av kong Frederik er d\u00f8mt til fire m\u00e5neder ubetinget fengsel. Her med dronning Mary under et statsbes\u00f8k i Finland tidligere denne m\u00e5neden. Foto: Hanne Juul\n  <\/p>\n<p>Onsdag falt dommen i Vestre Landsret i Danmark, og den var langt fra det Hans Henrik Algreen-Ussing (63) hadde h\u00e5pet p\u00e5.\u00a0<\/p>\n<p>    <a itemprop=\"url\" href=\"https:\/\/www.seher.no\/kongelig\/skjelver-i-buksene\/83862723\" rel=\"nofollow noopener\" target=\"_blank\"><\/p>\n<p>      <img loading=\"lazy\" decoding=\"async\" src=\"https:\/\/www.europesays.com\/no\/wp-content\/uploads\/2025\/11\/1763680090_582_80768578.webp\" width=\"147\" height=\"98\" title=\"- Skjelver i buksene\" alt=\"\" class=\"lazyload\" style=\"--aspect-ratio-image: 1.50; \"\/><\/p>\n<p>        &#8211; Skjelver i buksene<\/p>\n<p>    <\/a><\/p>\n<p class=\"font-weight-bold m-font-weight-bold\" data-lab-font_weight=\"font-weight-bold\">Den danske kammerherren og hoffjegermesteren ble d\u00f8mt til fire m\u00e5neders ubetinget fengsel for grov vold og vanvidskj\u00f8ring &#8211; en skjerpelse av byrettens dom fra april 2024, som ga ham tre m\u00e5neders betinget fengsel.<\/p>\n<p class=\"font-weight-light m-font-weight-light\" data-lab-font_weight=\"font-weight-light\"> Det melder blant andre danske\u00a0<a href=\"https:\/\/ekstrabladet.dk\/underholdning\/kongelige\/danskekongelige\/kammerherre-hans-henrik-algreen-ussing-doemt-for-grov-vold-og-vanvidskoersel\/11014088\" rel=\"nofollow noopener\" target=\"_blank\">Ekstra Bladet<\/a>\u00a0og\u00a0<a href=\"https:\/\/www.seoghoer.dk\/kongelige\/kammerherre-hans-henrik-algreen-ussing-doemt-nu-reagerer-kongehuset\" rel=\"nofollow noopener\" target=\"_blank\">Se og H\u00f8r.\u00a0<\/a> <\/p>\n<p>          <img loading=\"lazy\" decoding=\"async\" src=\"https:\/\/www.europesays.com\/no\/wp-content\/uploads\/2025\/11\/83879348.webp\" width=\"686\" height=\"796\" title=\"P\u00c5 GJESTELISTEN: Kammerherren har v\u00e6rt p\u00e5 gjestelisten til flere kongelige arrangementer, deriblant gallaforestillingen p\u00e5 Det Kongelige Teater i anledning dronning Margrethes 70-\u00e5rsdag i 2010. Her med kona Marianne Kirkegaard. Foto: Jesper Sunesen\" alt=\"\" class=\"\" style=\"--aspect-ratio-image: 0.86; \"\/><\/p>\n<p>\n          P\u00c5 GJESTELISTEN: Kammerherren har v\u00e6rt p\u00e5 gjestelisten til flere kongelige arrangementer, deriblant gallaforestillingen p\u00e5 Det Kongelige Teater i anledning dronning Margrethes 70-\u00e5rsdag i 2010. Her med kona Marianne Kirkegaard. Foto: Jesper Sunesen\n      <\/p>\n<p>Saken, som har trukket ut i over to \u00e5r, handler om en episode i november 2023. Da skal Algreen-Ussing ha forfulgt en 16 \u00e5r gammel mopedist som hadde forvillet seg inn p\u00e5 hans private vei ved Tirsb\u00e6k Gods n\u00e6r Vejle Fjord.<\/p>\n<p>        \u00c5RETS ROMANSE?: De to deltakerne forteller at de har f\u00e5tt en god tone i l\u00f8pet av deltakelsen i \u00abSkal vi danse\u00bb. Video: Nora Skavhaug\/Thea Hope\/R\u00f8d L\u00f8per<\/p>\n<p class=\"font-weight-bold m-font-weight-bold\" data-lab-font_weight=\"font-weight-bold\">If\u00f8lge Ekstra Bladet kj\u00f8rte kammerherren etter ten\u00e5ringen i sin store Land Rover Discovery 4, og skapte en farlig situasjon der mopedisten m\u00e5tte bremse kraftig og til slutt veltet.<\/p>\n<p>Landsretten fant Algreen-Ussing skyldig i grov vold etter den danske straffelovens paragraf 245, i tillegg til vanvidskj\u00f8ring. Han mister ogs\u00e5 f\u00f8rerretten i ett \u00e5r, og bilen hans blir konfiskert.<\/p>\n<p>          <img loading=\"lazy\" decoding=\"async\" src=\"https:\/\/www.europesays.com\/no\/wp-content\/uploads\/2025\/11\/83879435.webp\" width=\"686\" height=\"536\" title=\"TIRSB\u00c6K GODS: Tirsb\u00e6k ligger p\u00e5 nordsiden av Veljefjorden, rundt syv kilometer \u00f8st for byen Velje. I dag drives Tirsb\u00e6k som en kombinasjon av landsbruk og skogsdrift, med utleie av jakt, ulike publikumsaktiviteter, terrengkj\u00f8ring med Land Rover, samt event - og ledertreningsaktiviteter. Godset eies og drives av Hans Henrik Algreen-Ussing. Foto: Aller Media\" alt=\"\" class=\"\" style=\"--aspect-ratio-image: 1.28; \"\/><\/p>\n<p>\n          TIRSB\u00c6K GODS: Tirsb\u00e6k ligger p\u00e5 nordsiden av Veljefjorden, rundt syv kilometer \u00f8st for byen Velje. I dag drives Tirsb\u00e6k som en kombinasjon av landsbruk og skogsdrift, med utleie av jakt, ulike publikumsaktiviteter, terrengkj\u00f8ring med Land Rover, samt event &#8211; og ledertreningsaktiviteter. Godset eies og drives av Hans Henrik Algreen-Ussing. Foto: Aller Media\n      <\/p>\n<p>Overrasket og sluk\u00f8ret\t<\/p>\n<p>Etter over \u00e5tte timer i retten var kammerherren tydelig preget av dommen.<\/p>\n<p>    <a itemprop=\"url\" href=\"https:\/\/www.seher.no\/kongelig\/rammet-av-nye-sjokkpastander\/83863003\" rel=\"nofollow noopener\" target=\"_blank\"><\/p>\n<p>      <img loading=\"lazy\" decoding=\"async\" src=\"https:\/\/www.europesays.com\/no\/wp-content\/uploads\/2025\/11\/1763680091_251_83864402.webp\" width=\"147\" height=\"98\" title=\"Rammet av nytt sjokk\" alt=\"\" class=\"lazyload\" style=\"--aspect-ratio-image: 1.50; \"\/><\/p>\n<p>        Rammet av nytt sjokk<\/p>\n<p>    <\/a><\/p>\n<p class=\"font-weight-bold m-font-weight-bold\" data-lab-font_weight=\"font-weight-bold\">&#8211; Jeg er redd for at min familie, som har st\u00f8ttet meg hele veien, er hardest rammet av dette, sa han til Ekstra Bladet etter domsavsigelsen.<\/p>\n<p>Hans Henrik, som m\u00f8tte opp i retten sammen med flere familiemedlemmer, har hele veien nektet straffskyld. Han hevdet at han bare ville snakke med mopedisten, som ikke hadde nummerskilt.<\/p>\n<p>          <img loading=\"lazy\" decoding=\"async\" src=\"https:\/\/www.europesays.com\/no\/wp-content\/uploads\/2025\/11\/83879525.webp\" width=\"686\" height=\"460\" title=\"ST\u00d8TTESPILLERE: Hans Henrik har hatt full st\u00f8tte fra familien gjennom hele rettssaken. Her med kona Marianne og s\u00f8nnen Niels Christian. Foto: Alex Tran \/ Aller Media DK\" alt=\"\" class=\"\" style=\"--aspect-ratio-image: 1.49; \"\/><\/p>\n<p>\n          ST\u00d8TTESPILLERE: Hans Henrik har hatt full st\u00f8tte fra familien gjennom hele rettssaken. Her med kona Marianne og s\u00f8nnen Niels Christian. Foto: Alex Tran \/ Aller Media DK\n      <\/p>\n<p>&#8211; Jeg kj\u00f8rer ikke inn foran mopedisten p\u00e5 noe tidspunkt. Jeg kj\u00f8rer forbi den og inn p\u00e5 stien hvor mopedisten kom kj\u00f8rende. Jeg har p\u00e5 ingen m\u00e5te hatt tanke om \u00e5 sjikanere, skade eller p\u00e5kj\u00f8re mopedisten, forklarte han i retten, if\u00f8lge den danske avisen.\u00a0<\/p>\n<p>        \u00abSPILLET\u00bb: Simen Bondevik forteller at gjengen p\u00e5 \u00abdet skjulte rommet\u00bb gjorde oppr\u00f8r mot produksjonen. Video: \u00abSpillet\u00bb\/TV 2, Nora Skavhaug<\/p>\n<p>Men verken byretten eller landsretten trodde p\u00e5 forklaringen hans.\u00a0<\/p>\n<p>Retten mente han bevisst skapte en farlig situasjon ved \u00e5 kj\u00f8re inn foran mopedisten flere ganger, noe som tvang den unge f\u00f8reren til \u00e5 bremse kraftig og til slutt velte.<\/p>\n<p>    <a itemprop=\"url\" href=\"https:\/\/www.seher.no\/kongelig\/sjokk-pa-slottet-fikk-sparken\/83830334\" rel=\"nofollow noopener\" target=\"_blank\"><\/p>\n<p>      <img loading=\"lazy\" decoding=\"async\" src=\"https:\/\/www.europesays.com\/no\/wp-content\/uploads\/2025\/11\/83852661.webp\" width=\"980\" height=\"441\" title=\"Sjokk p\u00e5 slottet - fikk sparken\" alt=\"\" class=\"lazyload\" style=\"--aspect-ratio-image: 2.22; \"\/><\/p>\n<p>        Sjokk p\u00e5 slottet &#8211; fikk sparken<\/p>\n<p>    <\/a><\/p>\n<p>Venter p\u00e5 svar fra kongehuset\t<\/p>\n<p>N\u00e5 kan dommen f\u00e5 store konsekvenser for Algreen-Ussings forhold til det danske kongehuset.\u00a0<\/p>\n<p class=\"font-weight-bold m-font-weight-bold\" data-lab-font_weight=\"font-weight-bold\">Kammerherren har hatt n\u00e6re b\u00e5nd til kongefamilien i mange \u00e5r, og har blant annet v\u00e6rt p\u00e5 jakt med kong Frederik (57) og deltatt p\u00e5 kongelige arrangementer.<\/p>\n<p>          <img loading=\"lazy\" decoding=\"async\" src=\"https:\/\/www.europesays.com\/no\/wp-content\/uploads\/2025\/11\/83879355.webp\" width=\"686\" height=\"954\" title=\"KAN F\u00c5 KONSEKVENSER: Hans Henrik st\u00e5r i fare for \u00e5 miste titlene sine etter dommen. Foto: Birger Storm\" alt=\"\" class=\"\" style=\"--aspect-ratio-image: 0.72; \"\/><\/p>\n<p>\n          KAN F\u00c5 KONSEKVENSER: Hans Henrik st\u00e5r i fare for \u00e5 miste titlene sine etter dommen. Foto: Birger Storm\n      <\/p>\n<p data-lab-font_weight=\"\">Men n\u00e5 st\u00e5r de prestisjetunge titlene hans p\u00e5 spill.\u00a0<\/p>\n<p data-lab-font_weight=\"\">Kongehuset har tidligere fratatt personer deres \u00e6restitler etter lignende dommer. I 2019 <a href=\"https:\/\/www.seher.no\/kongelig\/kona-etter-tittelstrippingen---bekymret\/71080668\" rel=\"nofollow noopener\" target=\"_blank\">mistet rikmannen Christian Kj\u00e6r (82) alle sine kongelige titler<\/a> etter \u00e5 ha blitt d\u00f8mt for \u00e5 ha kj\u00f8rt p\u00e5 en trafikkbetjent med lav fart.<\/p>\n<p>          <img loading=\"lazy\" decoding=\"async\" src=\"https:\/\/www.europesays.com\/no\/wp-content\/uploads\/2025\/11\/83879923.webp\" width=\"686\" height=\"995\" title=\"MISTET TITLENE: Kongehusvennen Christian Kj\u00e6r ble fratatt alle kongelige titler i mai 2019, etter \u00e5 ha kj\u00f8rt ned en trafikkdirigent. Her er han avbildet sammen med kona Susan Astani-Kj\u00e6r. Foto: Hanne Juul \/ Aller Media DK\" alt=\"\" class=\"\" style=\"--aspect-ratio-image: 0.69; \"\/><\/p>\n<p>\n          MISTET TITLENE: Kongehusvennen Christian Kj\u00e6r ble fratatt alle kongelige titler i mai 2019, etter \u00e5 ha kj\u00f8rt ned en trafikkdirigent. Her er han avbildet sammen med kona Susan Astani-Kj\u00e6r. Foto: Hanne Juul \/ Aller Media DK\n      <\/p>\n<p>If\u00f8lge danske Se og H\u00f8r venter kongehuset n\u00e5 p\u00e5 \u00e5 bli underrettet om dommen fra p\u00e5talemyndigheten, f\u00f8r de tar endelig stilling til om Hans Henrik skal miste titlene sine som kammerherre og hoffjegermester.<\/p>\n<p>    <a itemprop=\"url\" href=\"https:\/\/www.seher.no\/kongelig\/mistet-millioner-i-formue\/83859548\" rel=\"nofollow noopener\" target=\"_blank\"><\/p>\n<p>      <img loading=\"lazy\" decoding=\"async\" src=\"https:\/\/www.europesays.com\/no\/wp-content\/uploads\/2025\/11\/1763680092_372_83860079.webp\" width=\"147\" height=\"98\" title=\"Mistet millioner i formue\" alt=\"\" class=\"lazyload\" style=\"--aspect-ratio-image: 1.50; \"\/><\/p>\n<p>        Mistet millioner i formue<\/p>\n<p>    <\/a><\/p>\n<p class=\"font-weight-bold m-font-weight-bold\" data-lab-font_weight=\"font-weight-bold\">&#8211; Kongehuset avventer \u00e5 f\u00e5 dommen oversendt fra p\u00e5talemyndigheten, og vil deretter ta stilling til hvilke konsekvenser saken eventuelt kan f\u00e5 for \u00e6restitlene, opplyser det danske kongehusets kommunikasjonsavdeling til danske Se og H\u00f8r.<\/p>\n<p>I skrivende stund st\u00e5r Hans Henrik fortsatt oppf\u00f8rt p\u00e5 listen over kammerherrer p\u00e5 <a href=\"https:\/\/www.kongehuset.dk\/monarkiet-i-danmark\/udnaevnelser\/kammerherrer-og-kammerdamer\/\" rel=\"nofollow noopener\" target=\"_blank\">det danske kongehusets hjemmeside.<\/a><\/p>\n<p>        EN FAVORITT: \u00abCharterfeber\u00bb-s\u00f8strene Gry Lofsberg og Nina Pedersen Ellevog er kjent for en helt spesiell ting. Video: Kine Falch \/ R\u00f8d L\u00f8per<\/p>\n<p>Kan anke til H\u00f8yesterett\t<\/p>\n<p>Dommen er i teorien ikke endelig enn\u00e5.\u00a0<\/p>\n<p class=\"font-weight-bold m-font-weight-bold\" data-lab-font_weight=\"font-weight-bold\">Hans Henrik kan s\u00f8ke Procesbevillingsn\u00e6vnet om lov til \u00e5 anke saken til H\u00f8yesterett, men det krever normalt at saken er av prinsipiell karakter og har s\u00e6rlig samfunnsmessig interesse.<\/p>\n<p>    <a itemprop=\"url\" href=\"https:\/\/www.seher.no\/kongelig\/na-er-arsaken-avslort\/83836629\" rel=\"nofollow noopener\" target=\"_blank\"><\/p>\n<p>      <img loading=\"lazy\" decoding=\"async\" src=\"https:\/\/www.europesays.com\/no\/wp-content\/uploads\/2025\/11\/1763680092_545_83836639.webp\" width=\"147\" height=\"98\" title=\"N\u00e5 er \u00e5rsaken avsl\u00f8rt\" alt=\"\" class=\"lazyload\" style=\"--aspect-ratio-image: 1.50; \"\/><\/p>\n<p>        N\u00e5 er \u00e5rsaken avsl\u00f8rt<\/p>\n<p>    <\/a><\/p>\n<p>Kammerherren har en lang og tett tilknytning til det danske kongehuset. Han er s\u00f8nn av Henrik Algreen-Ussing (90), som ogs\u00e5 b\u00e6rer tittelen kammerherre, og som gjentatte ganger har st\u00e5tt p\u00e5 gjestelisten ved kongelige begivenheter.<\/p>\n<p>        TAR OVER TIKTOK: Emilie Enger Mehl r\u00f8per hva hun syns om de virale \u00abSkal vi danse\u00bb-videoene av seg selv. Reporter: Sanne Holt\/ Karolina G. Rusov-Hansen. Video: TV 2\/ Tiktok @hallastalker\/ @lmd20055\/ @aylinbraathen<\/p>\n<p>Siden 1995 har Hans Henrik Algreen-Ussing eid Tirsb\u00e6k Gods ved Vejle Fjord. I 2010 ble han hoffjegermester, og i 2019 kom ogs\u00e5 tittelen kammerherre p\u00e5 CV-en.\u00a0<\/p>\n<p>Han er dessuten major av reserven i Den Kongelige Livgarde.<\/p>\n<p>N\u00e5 gjenst\u00e5r det \u00e5 se om Algreen-Ussing mister de prestisjetunge titlene, eller om han klarer \u00e5 beholde dem til tross for fengselsstraffen.<\/p>\n","protected":false},"excerpt":{"rendered":"Kong Frederik: N\u00e5 reagerer det danske kongehuset.\u00a0 SJOKKERENDE: En venn av kong Frederik er d\u00f8mt til fire m\u00e5neder&hellip;\n","protected":false},"author":2,"featured_media":92441,"comment_status":"","ping_status":"","sticky":false,"template":"","format":"standard","meta":{"footnotes":""},"categories":[12],"tags":[20,21,12056,5816,8436,5818,4104,24,25,12057,15,5817,76,22,23,13,30,28,29,14,16,26,27,42,43,44,45],"class_list":{"0":"post-92440","1":"post","2":"type-post","3":"status-publish","4":"format-standard","5":"has-post-thumbnail","7":"category-verden","8":"tag-breaking-news","9":"tag-breakingnews","10":"tag-christian-kjaer","11":"tag-det-danske-kongehuset","12":"tag-dronning-margrethe","13":"tag-dronning-mary","14":"tag-eksklusivt","15":"tag-featured-news","16":"tag-featurednews","17":"tag-hans-henrik-algreen-ussing","18":"tag-headlines","19":"tag-kong-frederik","20":"tag-kongelig","21":"tag-latest-news","22":"tag-latestnews","23":"tag-news","24":"tag-no","25":"tag-norge","26":"tag-norway","27":"tag-nyheter","28":"tag-overskrifter","29":"tag-top-stories","30":"tag-topstories","31":"tag-verden","32":"tag-world","33":"tag-world-news","34":"tag-worldnews"},"share_on_mastodon":{"url":"https:\/\/pubeurope.com\/@no\/115584546346070271","error":""},"_links":{"self":[{"href":"https:\/\/www.europesays.com\/no\/wp-json\/wp\/v2\/posts\/92440","targetHints":{"allow":["GET"]}}],"collection":[{"href":"https:\/\/www.europesays.com\/no\/wp-json\/wp\/v2\/posts"}],"about":[{"href":"https:\/\/www.europesays.com\/no\/wp-json\/wp\/v2\/types\/post"}],"author":[{"embeddable":true,"href":"https:\/\/www.europesays.com\/no\/wp-json\/wp\/v2\/users\/2"}],"replies":[{"embeddable":true,"href":"https:\/\/www.europesays.com\/no\/wp-json\/wp\/v2\/comments?post=92440"}],"version-history":[{"count":0,"href":"https:\/\/www.europesays.com\/no\/wp-json\/wp\/v2\/posts\/92440\/revisions"}],"wp:featuredmedia":[{"embeddable":true,"href":"https:\/\/www.europesays.com\/no\/wp-json\/wp\/v2\/media\/92441"}],"wp:attachment":[{"href":"https:\/\/www.europesays.com\/no\/wp-json\/wp\/v2\/media?parent=92440"}],"wp:term":[{"taxonomy":"category","embeddable":true,"href":"https:\/\/www.europesays.com\/no\/wp-json\/wp\/v2\/categories?post=92440"},{"taxonomy":"post_tag","embeddable":true,"href":"https:\/\/www.europesays.com\/no\/wp-json\/wp\/v2\/tags?post=92440"}],"curies":[{"name":"wp","href":"https:\/\/api.w.org\/{rel}","templated":true}]}}