{"id":92446,"date":"2025-11-20T23:15:19","date_gmt":"2025-11-20T23:15:19","guid":{"rendered":"https:\/\/www.europesays.com\/no\/92446\/"},"modified":"2025-11-20T23:15:19","modified_gmt":"2025-11-20T23:15:19","slug":"prisen-pa-pass-aukar-neste-ar","status":"publish","type":"post","link":"https:\/\/www.europesays.com\/no\/92446\/","title":{"rendered":"Prisen p\u00e5 pass aukar neste \u00e5r"},"content":{"rendered":"<p>I dag kostar eit pass og nasjonalt ID-kort for vaksne 800 kroner. I forslaget til statsbudsjett neste \u00e5r, blir det lagt opp til \u00e5 auke prisen med 40 kroner til 840 kroner.<\/p>\n<p> Det <a href=\"https:\/\/www.stortinget.no\/no\/Saker-og-publikasjoner\/Sporsmal\/Skriftlige-sporsmal-og-svar\/Skriftlig-sporsmal\/?qnid=112361&amp;utm_medium=rss&amp;utm_source=www.stortinget.no&amp;utm_campaign=Skriftlige%20sp%C3%B8rsm%C3%A5l%20og%20svar%20(100%20siste%20dager%20i%20innev%C3%A6rende%20sesjon)\" rel=\"noopener nofollow\" target=\"_blank\">skriv<\/a> justisminister Astri Aas-Hansen (Ap) i eit svar p\u00e5 eit skriftleg sp\u00f8rsm\u00e5l fr\u00e5 stortingsrepresentant Bent-Joachim Bentzen (Sp).<\/p>\n<p>For barn blir det planlagt \u00e5 auke prisen med 30 kroner, til 510 kroner for pass og ID-kort. Prisen p\u00e5 n\u00f8dpass for vaksne aukar med 70 kroner, til 1320 kroner.<\/p>\n<p>Aas-Hansen grunngir prisauken med betre samsvar mellom inntekter og utgifter, mellom anna p\u00e5 grunn av den generelle prisstigninga.<\/p>\n<p>\u2013 Dette er om lag 20 kroner l\u00e5gare enn det elles ville vore dersom vi ikkje hadde foresl\u00e5tt \u00e5 leggje ned 14 av dei 15 nye passkontora, skriv ho.<\/p>\n<p>(\u00a9NPK)<\/p>\n","protected":false},"excerpt":{"rendered":"I dag kostar eit pass og nasjonalt ID-kort for vaksne 800 kroner. I forslaget til statsbudsjett neste \u00e5r,&hellip;\n","protected":false},"author":2,"featured_media":92447,"comment_status":"","ping_status":"","sticky":false,"template":"","format":"standard","meta":{"footnotes":""},"categories":[12],"tags":[20,21,24,25,15,22,23,13,30,28,29,14,16,3144,26,27,42,43,44,45],"class_list":{"0":"post-92446","1":"post","2":"type-post","3":"status-publish","4":"format-standard","5":"has-post-thumbnail","7":"category-verden","8":"tag-breaking-news","9":"tag-breakingnews","10":"tag-featured-news","11":"tag-featurednews","12":"tag-headlines","13":"tag-latest-news","14":"tag-latestnews","15":"tag-news","16":"tag-no","17":"tag-norge","18":"tag-norway","19":"tag-nyheter","20":"tag-overskrifter","21":"tag-pass","22":"tag-top-stories","23":"tag-topstories","24":"tag-verden","25":"tag-world","26":"tag-world-news","27":"tag-worldnews"},"share_on_mastodon":{"url":"https:\/\/pubeurope.com\/@no\/115584573318235940","error":""},"_links":{"self":[{"href":"https:\/\/www.europesays.com\/no\/wp-json\/wp\/v2\/posts\/92446","targetHints":{"allow":["GET"]}}],"collection":[{"href":"https:\/\/www.europesays.com\/no\/wp-json\/wp\/v2\/posts"}],"about":[{"href":"https:\/\/www.europesays.com\/no\/wp-json\/wp\/v2\/types\/post"}],"author":[{"embeddable":true,"href":"https:\/\/www.europesays.com\/no\/wp-json\/wp\/v2\/users\/2"}],"replies":[{"embeddable":true,"href":"https:\/\/www.europesays.com\/no\/wp-json\/wp\/v2\/comments?post=92446"}],"version-history":[{"count":0,"href":"https:\/\/www.europesays.com\/no\/wp-json\/wp\/v2\/posts\/92446\/revisions"}],"wp:featuredmedia":[{"embeddable":true,"href":"https:\/\/www.europesays.com\/no\/wp-json\/wp\/v2\/media\/92447"}],"wp:attachment":[{"href":"https:\/\/www.europesays.com\/no\/wp-json\/wp\/v2\/media?parent=92446"}],"wp:term":[{"taxonomy":"category","embeddable":true,"href":"https:\/\/www.europesays.com\/no\/wp-json\/wp\/v2\/categories?post=92446"},{"taxonomy":"post_tag","embeddable":true,"href":"https:\/\/www.europesays.com\/no\/wp-json\/wp\/v2\/tags?post=92446"}],"curies":[{"name":"wp","href":"https:\/\/api.w.org\/{rel}","templated":true}]}}