{"id":92466,"date":"2025-11-21T00:19:12","date_gmt":"2025-11-21T00:19:12","guid":{"rendered":"https:\/\/www.europesays.com\/no\/92466\/"},"modified":"2025-11-21T00:19:12","modified_gmt":"2025-11-21T00:19:12","slug":"na-kan-kirkene-nekte-konservative-prester-jobb","status":"publish","type":"post","link":"https:\/\/www.europesays.com\/no\/92466\/","title":{"rendered":"N\u00e5 kan kirkene nekte konservative prester jobb"},"content":{"rendered":"<p>\n        KIRKEM\u00d8TE: Et forslag om yrkesforbud mot prester som ikke vil vie likekj\u00f8nnede falt under Kirkem\u00f8tet i Svenska Kyrkan.<br \/>\n        Svenska kyrkan\n    <\/p>\n<p>    Det ble bestemt p\u00e5 kirkem\u00f8tet i Svenska kyrkan denne uken.\u00a0<\/p>\n<p>Hvilke mulighet skal en lokal menighet ha til \u00e5 stille sp\u00f8rsm\u00e5l ved en prestekandidats \u00f8nske om \u00e5 vie likekj\u00f8nnede? Og skal en menighet kunne avsl\u00e5 jobbs\u00f8knader fra konservative prester som ikke vil vie homofile?\u00a0<\/p>\n<p>Disse sp\u00f8rsm\u00e5lene sto i sentrum da Svenska Kyrkan m\u00f8ttes til kirkem\u00f8te denne uken.\u00a0<\/p>\n<p>N\u00e5 har kirkem\u00f8tet konkludert.<\/p>\n","protected":false},"excerpt":{"rendered":"KIRKEM\u00d8TE: Et forslag om yrkesforbud mot prester som ikke vil vie likekj\u00f8nnede falt under Kirkem\u00f8tet i Svenska Kyrkan.&hellip;\n","protected":false},"author":2,"featured_media":92467,"comment_status":"","ping_status":"","sticky":false,"template":"","format":"standard","meta":{"footnotes":""},"categories":[12],"tags":[20,21,24,25,15,22,23,13,30,28,29,14,16,26,27,42,43,44,45],"class_list":{"0":"post-92466","1":"post","2":"type-post","3":"status-publish","4":"format-standard","5":"has-post-thumbnail","7":"category-verden","8":"tag-breaking-news","9":"tag-breakingnews","10":"tag-featured-news","11":"tag-featurednews","12":"tag-headlines","13":"tag-latest-news","14":"tag-latestnews","15":"tag-news","16":"tag-no","17":"tag-norge","18":"tag-norway","19":"tag-nyheter","20":"tag-overskrifter","21":"tag-top-stories","22":"tag-topstories","23":"tag-verden","24":"tag-world","25":"tag-world-news","26":"tag-worldnews"},"share_on_mastodon":{"url":"https:\/\/pubeurope.com\/@no\/115584824902354078","error":""},"_links":{"self":[{"href":"https:\/\/www.europesays.com\/no\/wp-json\/wp\/v2\/posts\/92466","targetHints":{"allow":["GET"]}}],"collection":[{"href":"https:\/\/www.europesays.com\/no\/wp-json\/wp\/v2\/posts"}],"about":[{"href":"https:\/\/www.europesays.com\/no\/wp-json\/wp\/v2\/types\/post"}],"author":[{"embeddable":true,"href":"https:\/\/www.europesays.com\/no\/wp-json\/wp\/v2\/users\/2"}],"replies":[{"embeddable":true,"href":"https:\/\/www.europesays.com\/no\/wp-json\/wp\/v2\/comments?post=92466"}],"version-history":[{"count":0,"href":"https:\/\/www.europesays.com\/no\/wp-json\/wp\/v2\/posts\/92466\/revisions"}],"wp:featuredmedia":[{"embeddable":true,"href":"https:\/\/www.europesays.com\/no\/wp-json\/wp\/v2\/media\/92467"}],"wp:attachment":[{"href":"https:\/\/www.europesays.com\/no\/wp-json\/wp\/v2\/media?parent=92466"}],"wp:term":[{"taxonomy":"category","embeddable":true,"href":"https:\/\/www.europesays.com\/no\/wp-json\/wp\/v2\/categories?post=92466"},{"taxonomy":"post_tag","embeddable":true,"href":"https:\/\/www.europesays.com\/no\/wp-json\/wp\/v2\/tags?post=92466"}],"curies":[{"name":"wp","href":"https:\/\/api.w.org\/{rel}","templated":true}]}}