{"id":92468,"date":"2025-11-21T00:41:07","date_gmt":"2025-11-21T00:41:07","guid":{"rendered":"https:\/\/www.europesays.com\/no\/92468\/"},"modified":"2025-11-21T00:41:07","modified_gmt":"2025-11-21T00:41:07","slug":"volodymr-zelenskyj-ukraina-volodymyr-zelenskyj-insisterer-pa-verdig-fred","status":"publish","type":"post","link":"https:\/\/www.europesays.com\/no\/92468\/","title":{"rendered":"Volodymr Zelenskyj, Ukraina | Volodymyr Zelenskyj insisterer p\u00e5 \u00abverdig fred\u00bb"},"content":{"rendered":"\n<p>\u2013 Ukraina trenger fred \u2026 En verdig fred, med betingelser som respekterer v\u00e5r uavhengighet, v\u00e5r suverenitet og det ukrainske folkets verdighet, sa Zelenskyj i sin kveldstale torsdag.<\/p>\n<p>Samme dag m\u00f8tte han en delegasjon fra USAs forsvarsdepartement ledet av viseminister for h\u00e6ren, Daniel Driscoll, i Kyiv.<\/p>\n<p>Les ogs\u00e5: <a class=\"simple-relation related-teaser article--c-eRUmMG article--c-eRUmMG-fZoQSp-design-nettavisen article--c-eRUmMG-gwthdJ-cv\" href=\"https:\/\/www.nettavisen.no\/russland-hevder-a-ha-erobret-viktig-by-i-ost-ukraina\/s\/5-95-2739455\" rel=\"nofollow noopener\" target=\"_blank\">Russland hevder \u00e5 ha erobret viktig by i \u00d8st-Ukraina<\/a><\/p>\n<p>Kommentaren kommer etter at Ukraina har mottatt et amerikansk utkast til en fredsplan, en plan som if\u00f8lge Det hvite hus er bra for b\u00e5de Ukraina og Russland.<\/p>\n<p>Det overraskende fredsforslaget fra USA ble kjent onsdag og inneb\u00e6rer if\u00f8lge flere medier at Ukraina innfrir en rekke russiske krav. Blant annet skal den legge opp til at ukrainerne sier fra seg landomr\u00e5der og begrenser sin milit\u00e6re kapasitet, innr\u00f8mmelser Ukraina tidligere har avvist som uakseptable.<\/p>\n<p>Les ogs\u00e5: <a class=\"simple-relation related-teaser article--c-eRUmMG article--c-eRUmMG-fZoQSp-design-nettavisen article--c-eRUmMG-gwthdJ-cv\" href=\"https:\/\/www.nettavisen.no\/zelenskyjs-kontor-bekrefter-har-mottatt-usas-utkast-til-fredsplan\/s\/5-95-2739292\" rel=\"nofollow noopener\" target=\"_blank\">Zelenskyjs kontor bekrefter: Har mottatt USAs utkast til fredsplan<\/a><\/p>\n<p>Da Zelenskyjs stab torsdag bekreftet at han hadde mottatt utkastet, sa de at presidenten venter \u00e5 kunne ha samtaler med USAs president Donald Trump i l\u00f8pet av de neste dagene.<\/p>\n<p>Verken amerikanske eller ukrainske myndigheter har offentliggjort innholdet i planen.<\/p>\n<p>Nyhetsbyr\u00e5et AFP skriver torsdag kveld at de har sett et utkast der Ukraina m\u00e5 gi fra seg regionene Luhansk og Donetsk og begrense h\u00e6ren til 600.000 soldater. I tillegg m\u00e5 Ukraina love \u00e5 aldri g\u00e5 inn i Nato, og Nato kan heller ikke ha styrker utplassert i landet. Europeiske fly skal if\u00f8lge planen stasjoneres i nabolandet Polen for \u00e5 beskytte Ukraina.<\/p>\n","protected":false},"excerpt":{"rendered":"\u2013 Ukraina trenger fred \u2026 En verdig fred, med betingelser som respekterer v\u00e5r uavhengighet, v\u00e5r suverenitet og det&hellip;\n","protected":false},"author":2,"featured_media":92469,"comment_status":"","ping_status":"","sticky":false,"template":"","format":"standard","meta":{"footnotes":""},"categories":[12],"tags":[20,21,24,25,15,22,23,13,30,28,29,14,16,26,27,42,43,44,45],"class_list":{"0":"post-92468","1":"post","2":"type-post","3":"status-publish","4":"format-standard","5":"has-post-thumbnail","7":"category-verden","8":"tag-breaking-news","9":"tag-breakingnews","10":"tag-featured-news","11":"tag-featurednews","12":"tag-headlines","13":"tag-latest-news","14":"tag-latestnews","15":"tag-news","16":"tag-no","17":"tag-norge","18":"tag-norway","19":"tag-nyheter","20":"tag-overskrifter","21":"tag-top-stories","22":"tag-topstories","23":"tag-verden","24":"tag-world","25":"tag-world-news","26":"tag-worldnews"},"share_on_mastodon":{"url":"https:\/\/pubeurope.com\/@no\/115584911455181563","error":""},"_links":{"self":[{"href":"https:\/\/www.europesays.com\/no\/wp-json\/wp\/v2\/posts\/92468","targetHints":{"allow":["GET"]}}],"collection":[{"href":"https:\/\/www.europesays.com\/no\/wp-json\/wp\/v2\/posts"}],"about":[{"href":"https:\/\/www.europesays.com\/no\/wp-json\/wp\/v2\/types\/post"}],"author":[{"embeddable":true,"href":"https:\/\/www.europesays.com\/no\/wp-json\/wp\/v2\/users\/2"}],"replies":[{"embeddable":true,"href":"https:\/\/www.europesays.com\/no\/wp-json\/wp\/v2\/comments?post=92468"}],"version-history":[{"count":0,"href":"https:\/\/www.europesays.com\/no\/wp-json\/wp\/v2\/posts\/92468\/revisions"}],"wp:featuredmedia":[{"embeddable":true,"href":"https:\/\/www.europesays.com\/no\/wp-json\/wp\/v2\/media\/92469"}],"wp:attachment":[{"href":"https:\/\/www.europesays.com\/no\/wp-json\/wp\/v2\/media?parent=92468"}],"wp:term":[{"taxonomy":"category","embeddable":true,"href":"https:\/\/www.europesays.com\/no\/wp-json\/wp\/v2\/categories?post=92468"},{"taxonomy":"post_tag","embeddable":true,"href":"https:\/\/www.europesays.com\/no\/wp-json\/wp\/v2\/tags?post=92468"}],"curies":[{"name":"wp","href":"https:\/\/api.w.org\/{rel}","templated":true}]}}