{"id":92474,"date":"2025-11-21T00:57:20","date_gmt":"2025-11-21T00:57:20","guid":{"rendered":"https:\/\/www.europesays.com\/no\/92474\/"},"modified":"2025-11-21T00:57:20","modified_gmt":"2025-11-21T00:57:20","slug":"okonomi-priskrig-setter-pepperkake-rekord-i-priskrigen","status":"publish","type":"post","link":"https:\/\/www.europesays.com\/no\/92474\/","title":{"rendered":"\u00d8konomi, Priskrig | Setter pepperkake-rekord i priskrigen"},"content":{"rendered":"\n<p>(<a href=\"https:\/\/www.nettavisen.no\/okonomi\/setter-rekord-i-priskrigen-selger-5-millioner-pepperkake-bokser\/s\/5-95-2737927\" rel=\"Follow nofollow noopener\" target=\"_blank\">Nettavisen<\/a>): Landets st\u00f8rste pepperkakeprodusent har solgt rundt fem millioner bokser i \u00e5r.<\/p>\n<p>\u2013 Har dere noen gang tidligere solgt flere bokser med pepperkaker? <\/p>\n<p>\u2013 2025 blir nok det h\u00f8yeste vi har hatt slik det ser ut n\u00e5, sier markedssjef Magnus Egge.<\/p>\n<p>Berthas er den klart st\u00f8rste produsenten, men det er ogs\u00e5 andre akt\u00f8rer som lager pepperkaker.<\/p>\n<p>Dermed er det rimelig \u00e5 anta at det totale pepperkakesalget i \u00e5r vil bli en del h\u00f8yere enn de fem millionene med bokser som Berthas selger.<\/p>\n<p>Holder trykket oppe helt mot jul<\/p>\n<p>De f\u00f8rste pepperkakene kom ut<a href=\"https:\/\/www.krs.no\/na-fylles-butikkene-med-julevarer-enorme-mengder\/s\/5-157-519293?utm_source=chatgpt.com\" rel=\"Follow nofollow noopener\" target=\"_blank\"> i butikk allerede i slutten av september<\/a>, og 8. november valgte Extra \u00e5 dumpe den vanligste sorten til fem kroner. Siden<a href=\"https:\/\/www.nettavisen.no\/okonomi\/full-priskrig-hos-kiwi-og-extra-vi-justerer-vare-priser-umiddelbart\/s\/5-95-2726503\" rel=\"Follow nofollow noopener\" target=\"_blank\"> falt prisen til 4,90 <\/a>som den koster hos b\u00e5de Extra, Kiwi og Rema 1000.<\/p>\n<p>Selv om det snart kun er en m\u00e5ned igjen til julaften er Bertha ikke ferdig med \u00e5rets produksjon.<\/p>\n<p>   <img decoding=\"async\" width=\"4032\" height=\"3024\" fetchpriority=\"low\"  loading=\"lazy\"  src=\"https:\/\/www.europesays.com\/no\/wp-content\/uploads\/2025\/11\/Pepperkaker+i+butikk_1.bin\" alt=\"Pepperkaker i butikk\" class=\"brick-c-cFOWSL\" style=\"--brick-image-ratio: 4032 \/ 3024;\"\/><\/p>\n<p>      PRISKRIG: Denne varianten fra Berthas blir det ofte priskrig p\u00e5. Men i \u00e5r startet priskrigen tidlig.<br \/>\n      Foto: Erik Molland (Nettavisen)\n    <\/p>\n<p>\u2013 Vi produserer i enda noen uker til f\u00f8r julefreden senker seg over v\u00e5re bakerier, sier Magnus Egge.<\/p>\n<p>For \u00e5 m\u00f8te ettersp\u00f8rselen har selskapet \u00f8kt kapasiteten ytterligere.<\/p>\n<p>\u2013 Vi har satt inn ekstra produksjonsskift og f\u00e5tt inn mer av innsatsfaktorene som brukes i produksjon.<\/p>\n<p>Ekstreme prisfall i butikkene<\/p>\n<p>Samtidig som Berthas baker p\u00e5 h\u00f8ygir, har pepperkaker v\u00e6rt et av produktene som har f\u00e5tt mest oppmerksomhet i \u00e5rets f\u00f8rjulspriskrig.<\/p>\n<p>Nettavisen har dokumentert priskrigen som har f\u00e5tt prisen p\u00e5 pepperkaker lavere enn den pleier \u00e5 v\u00e6re, s\u00e6rlig med tanke p\u00e5 at vi fortsatt er midt i november.<\/p>\n<p>Coop Extra melder at de har solgt 290.000 bokser, og at de har<a href=\"https:\/\/www.nettavisen.no\/okonomi\/tomme-hyller-hos-kiwi-extra-og-rema-1000-ekstreme-tall\/s\/5-95-2736454\" rel=\"Follow nofollow noopener\" target=\"_blank\"> bestilt opp 300.000 ekstra bokser <\/a>for \u00e5 dekke ettersp\u00f8rselen.<\/p>\n<p>flere butikker meldte om tomme hyller. F<\/p>\n<p>Flere kjeder har innf\u00f8rt maksgrense p\u00e5 tre bokser per kunde for \u00e5 hindre hamstring og tomme hyller.<\/p>\n<p>\u2013 Et utslag av konkurransen<\/p>\n<p>Berthas melder alts\u00e5 om et salg p\u00e5 rundt fem millioner bokser. Det er omtrent en boks per innbygger i dette landet.<\/p>\n<p>\u2013 Det er en liten vekst totalt sammenlignet med forrige \u00e5r, sier Magnus Egge.<\/p>\n<p>Egge \u00f8nsker ikke \u00e5 kommentere priskrigen utover dette:<\/p>\n<p>\u2013 Kjedene selv setter prisene ute i butikk, og dette er et utslag av hard priskonkurranse i f\u00f8rjulstiden. Utover det har vi ingen kommentarer.<\/p>\n","protected":false},"excerpt":{"rendered":"(Nettavisen): Landets st\u00f8rste pepperkakeprodusent har solgt rundt fem millioner bokser i \u00e5r. \u2013 Har dere noen gang tidligere&hellip;\n","protected":false},"author":2,"featured_media":92475,"comment_status":"","ping_status":"","sticky":false,"template":"","format":"standard","meta":{"footnotes":""},"categories":[5],"tags":[36,20,21,24,25,15,19,22,23,17,18,62,13,30,28,29,14,16,572,7636,1510,26,27],"class_list":{"0":"post-92474","1":"post","2":"type-post","3":"status-publish","4":"format-standard","5":"has-post-thumbnail","7":"category-overskrifter","8":"tag-art","9":"tag-breaking-news","10":"tag-breakingnews","11":"tag-featured-news","12":"tag-featurednews","13":"tag-headlines","14":"tag-hovedoppslag","15":"tag-latest-news","16":"tag-latestnews","17":"tag-main-news","18":"tag-mainnews","19":"tag-naeringsliv","20":"tag-news","21":"tag-no","22":"tag-norge","23":"tag-norway","24":"tag-nyheter","25":"tag-overskrifter","26":"tag-okonomi","27":"tag-priskrig","28":"tag-story","29":"tag-top-stories","30":"tag-topstories"},"share_on_mastodon":{"url":"https:\/\/pubeurope.com\/@no\/115584974527885559","error":""},"_links":{"self":[{"href":"https:\/\/www.europesays.com\/no\/wp-json\/wp\/v2\/posts\/92474","targetHints":{"allow":["GET"]}}],"collection":[{"href":"https:\/\/www.europesays.com\/no\/wp-json\/wp\/v2\/posts"}],"about":[{"href":"https:\/\/www.europesays.com\/no\/wp-json\/wp\/v2\/types\/post"}],"author":[{"embeddable":true,"href":"https:\/\/www.europesays.com\/no\/wp-json\/wp\/v2\/users\/2"}],"replies":[{"embeddable":true,"href":"https:\/\/www.europesays.com\/no\/wp-json\/wp\/v2\/comments?post=92474"}],"version-history":[{"count":0,"href":"https:\/\/www.europesays.com\/no\/wp-json\/wp\/v2\/posts\/92474\/revisions"}],"wp:featuredmedia":[{"embeddable":true,"href":"https:\/\/www.europesays.com\/no\/wp-json\/wp\/v2\/media\/92475"}],"wp:attachment":[{"href":"https:\/\/www.europesays.com\/no\/wp-json\/wp\/v2\/media?parent=92474"}],"wp:term":[{"taxonomy":"category","embeddable":true,"href":"https:\/\/www.europesays.com\/no\/wp-json\/wp\/v2\/categories?post=92474"},{"taxonomy":"post_tag","embeddable":true,"href":"https:\/\/www.europesays.com\/no\/wp-json\/wp\/v2\/tags?post=92474"}],"curies":[{"name":"wp","href":"https:\/\/api.w.org\/{rel}","templated":true}]}}