{"id":92478,"date":"2025-11-21T01:04:17","date_gmt":"2025-11-21T01:04:17","guid":{"rendered":"https:\/\/www.europesays.com\/no\/92478\/"},"modified":"2025-11-21T01:04:17","modified_gmt":"2025-11-21T01:04:17","slug":"krim-gronland-to-personer-utsatt-for-vold-pa-gronland","status":"publish","type":"post","link":"https:\/\/www.europesays.com\/no\/92478\/","title":{"rendered":"Krim, Gr\u00f8nland | To personer utsatt for vold p\u00e5 Gr\u00f8nland"},"content":{"rendered":"\n<p>Politiet er p\u00e5 Gr\u00f8nland etter at to personer skal ha blitt utsatt for vold, melder operasjonsleder Sven Christian Lie.<\/p>\n<p>Han sier politiet f\u00f8rst fikk melding om at en person var utsatt for vold, men da politiet dukket opp viste det seg \u00e5 v\u00e6re to personer.<\/p>\n<p>\u2013 Begge personer er sl\u00e5tt i ansiktet. Den ene er kj\u00f8rt til legevakt, og den andre kj\u00f8res til sykehus, sier Lie.<\/p>\n<p>If\u00f8lge politiet har det v\u00e6rt flere gjerningspersoner, men de har ikke oversikt over hvor mange.<\/p>\n<p>\u2013 Vi jobber p\u00e5 stedet med \u00e5 innhente opplysninger som kan belyse hendelsen, og snakker med vitner.<\/p>\n<p>Politiet vil ogs\u00e5 g\u00e5 gjennom kameraoverv\u00e5king p\u00e5 stedet.<\/p>\n<p>Klokken 17.38 melder Lie at politiet ikke har kommet i kontakt med gjerningspersonene, og at hendelsen vil bli etterforsket videre.<\/p>\n<p>   <img decoding=\"async\" width=\"4032\" height=\"3024\" fetchpriority=\"low\"  loading=\"lazy\"  src=\"https:\/\/www.europesays.com\/no\/wp-content\/uploads\/2025\/11\/photo+%2894%29.jpg\" alt=\"\" class=\"brick-c-cFOWSL\" style=\"--brick-image-ratio: 4032 \/ 3024;\"\/><\/p>\n<p>      Foto: Henrik Skolt\/Avisa Oslo\n    <\/p>\n<p><b>LES OGS\u00c5:<\/b><\/p>\n<p>  <a href=\"https:\/\/www.ao.no\/5-128-1196626\" class=\"related-teaser has-image default-story-teaser article--c-eRUmMG article--c-eRUmMG-jKCPdD-design-default\" rel=\"nofollow noopener\" target=\"_blank\"><\/p>\n<p>    <img decoding=\"async\" loading=\"lazy\"  src=\"https:\/\/www.europesays.com\/no\/wp-content\/uploads\/2025\/11\/0A0A8385.JPG\" alt=\"\" class=\"brick-c-cFOWSL\" style=\"\"\/><\/p>\n<p>\n            Les ogs\u00e5<\/p>\n<p>              Forsvant fra T-banestasjonen. N\u00e5 har de dukket opp et helt annet sted i byen\n        <\/p>\n<p>  <\/a><\/p>\n<p>  <a href=\"https:\/\/www.ao.no\/5-128-1197023\" class=\"related-teaser has-image default-story-teaser article--c-eRUmMG article--c-eRUmMG-jKCPdD-design-default\" rel=\"nofollow noopener\" target=\"_blank\"><\/p>\n<p>    <img decoding=\"async\" loading=\"lazy\"  src=\"https:\/\/www.europesays.com\/no\/wp-content\/uploads\/2025\/11\/photo+%2890%29.jpg\" alt=\"\" class=\"brick-c-cFOWSL\" style=\"\"\/><\/p>\n<p>\n            Les ogs\u00e5<\/p>\n<p>              Dette er landets f\u00f8rste: \u2013 Ekstremt spennende\n        <\/p>\n<p>  <\/a><\/p>\n","protected":false},"excerpt":{"rendered":"Politiet er p\u00e5 Gr\u00f8nland etter at to personer skal ha blitt utsatt for vold, melder operasjonsleder Sven Christian&hellip;\n","protected":false},"author":2,"featured_media":92479,"comment_status":"","ping_status":"","sticky":false,"template":"","format":"standard","meta":{"footnotes":""},"categories":[5],"tags":[36,20,21,24,25,2112,15,19,983,22,23,17,18,13,30,28,29,14,16,468,1510,26,27],"class_list":{"0":"post-92478","1":"post","2":"type-post","3":"status-publish","4":"format-standard","5":"has-post-thumbnail","7":"category-overskrifter","8":"tag-art","9":"tag-breaking-news","10":"tag-breakingnews","11":"tag-featured-news","12":"tag-featurednews","13":"tag-gronland","14":"tag-headlines","15":"tag-hovedoppslag","16":"tag-krim","17":"tag-latest-news","18":"tag-latestnews","19":"tag-main-news","20":"tag-mainnews","21":"tag-news","22":"tag-no","23":"tag-norge","24":"tag-norway","25":"tag-nyheter","26":"tag-overskrifter","27":"tag-politiet","28":"tag-story","29":"tag-top-stories","30":"tag-topstories"},"share_on_mastodon":{"url":"https:\/\/pubeurope.com\/@no\/115585002108339786","error":""},"_links":{"self":[{"href":"https:\/\/www.europesays.com\/no\/wp-json\/wp\/v2\/posts\/92478","targetHints":{"allow":["GET"]}}],"collection":[{"href":"https:\/\/www.europesays.com\/no\/wp-json\/wp\/v2\/posts"}],"about":[{"href":"https:\/\/www.europesays.com\/no\/wp-json\/wp\/v2\/types\/post"}],"author":[{"embeddable":true,"href":"https:\/\/www.europesays.com\/no\/wp-json\/wp\/v2\/users\/2"}],"replies":[{"embeddable":true,"href":"https:\/\/www.europesays.com\/no\/wp-json\/wp\/v2\/comments?post=92478"}],"version-history":[{"count":0,"href":"https:\/\/www.europesays.com\/no\/wp-json\/wp\/v2\/posts\/92478\/revisions"}],"wp:featuredmedia":[{"embeddable":true,"href":"https:\/\/www.europesays.com\/no\/wp-json\/wp\/v2\/media\/92479"}],"wp:attachment":[{"href":"https:\/\/www.europesays.com\/no\/wp-json\/wp\/v2\/media?parent=92478"}],"wp:term":[{"taxonomy":"category","embeddable":true,"href":"https:\/\/www.europesays.com\/no\/wp-json\/wp\/v2\/categories?post=92478"},{"taxonomy":"post_tag","embeddable":true,"href":"https:\/\/www.europesays.com\/no\/wp-json\/wp\/v2\/tags?post=92478"}],"curies":[{"name":"wp","href":"https:\/\/api.w.org\/{rel}","templated":true}]}}